{"id":1010,"date":"2018-03-11T19:43:29","date_gmt":"2018-03-11T18:43:29","guid":{"rendered":"http:\/\/www.rodzinaravensbruck.pl\/?p=1010"},"modified":"2018-03-27T08:47:24","modified_gmt":"2018-03-27T06:47:24","slug":"uroczystosci-w-neubrandenburgu","status":"publish","type":"post","link":"https:\/\/www.rodzinaravensbruck.pl\/index.php\/2018\/03\/11\/uroczystosci-w-neubrandenburgu\/","title":{"rendered":"Uroczysto\u015bci w Neubrandenburgu"},"content":{"rendered":"<p>Szanowni Pa\u0144stwo,<br \/>\n8 marca 2018 r. odby\u0142y si\u0119 uroczysto\u015bci w Neubrandenburgu, w czasie kt\u00f3rych nast\u0105pi\u0142o ods\u0142oni\u0119cie tablicy z nazwiskami Wi\u0119\u017aniarek r\u00f3\u017cnych narodowo\u015bci, kt\u00f3re zmar\u0142y w latach 1944-1945 w podobozie obozu Ravensbr\u00fcck znajduj\u0105cym si\u0119 w Neubrandenburgu w\u015br\u00f3d kt\u00f3rych by\u0142y 43 Polki. By\u0142a to do 8 marca b.r. bezimienna mogi\u0142a.<!--more--><br \/>\nW uroczysto\u015bciach wzi\u0119li udzia\u0142 Pani Halina Wo\u017cgin, c\u00f3rka Wi\u0119\u017aniarki Marii Ratajczak pochowanej w zbiorowej mogile w Neubrandenburgu, Pan Arkadiusz Szlachetko, prawnuk Marii Ratajczak wraz z rodzin\u0105.<br \/>\nRelacje z uroczysto\u015bci:<br \/>\nRadio \u2013 <a href=\"http:\/\/www.zachod.pl\/odzyskana-tozsamosc\/\" target=\"_blank\" rel=\"noopener noreferrer\">http:\/\/www.zachod.pl\/odzyskana-tozsamosc\/<\/a><br \/>\nNiemiecka telewizja: <a href=\"https:\/\/www.ndr.de\/fernsehen\/sendungen\/nordmagazin\/Zwangsarbeiterinnen-erhalten-Namen-zurueck,nordmagazin49726.html\" target=\"_blank\" rel=\"noopener noreferrer\">https:\/\/www.ndr.de\/fernsehen\/sendungen\/nordmagazin\/Zwangsarbeiterinnen-erhalten-Namen-zurueck,nordmagazin49726.html <\/a><\/p>\n<p>Obszerna relacja z uroczysto\u015bci w Neubrandenburgu 8 marca 2018 r. autorstwa Pana Arkadiusza Szlachetko, uczestnika tych uroczysto\u015bci zostanie zamieszczona na stronie Stowarzyszenia. Prosimy o \u015bledzenie aktualno\u015bci.<\/p>\n<p>El\u017cbieta Kuta<\/p>\n<div id=\"grid-gallery-18-12011\" data-gg-id=\"18\" data-title=\"Uroczysto\u015bci w Neubrandenburgu\" data-grid-type=\"1\" data-offset=\"0\" data-area-position=\"center\" data-icons=\"\" data-preloader=\"true\" data-width=\"215\" data-height=\"\" data-padding=\"0\" data-quicksand=\"disabled\" data-quicksand-duration=\"none\" data-popup-theme=\"theme_6\" data-popup-type=\"pretty-photo\" data-popup-image-text=\"data-caption\" data-popup-widthsize=\"auto\" data-popup-heightsize=\"auto\" data-popup-i18n-words=\"{&quot;close&quot;:&quot;close&quot;,&quot;next&quot;:&quot;next&quot;,&quot;previous&quot;:&quot;previous&quot;,&quot;start_slideshow&quot;:&quot;start slideshow&quot;,&quot;stop_slideshow&quot;:&quot;stop slideshow&quot;,&quot;image&quot;:&quot;image&quot;,&quot;of&quot;:&quot;of&quot;,&quot;prev&quot;:&quot;prev&quot;,&quot;cExpand&quot;:&quot;Expand&quot;,&quot;cPrevious&quot;:&quot;Previous&quot;,&quot;cNext&quot;:&quot;Next&quot;,&quot;cExpandStr&quot;:&quot;Expand the image&quot;,&quot;cRotate&quot;:&quot;Rotate&quot;,&quot;cDetails&quot;:&quot;Details&quot;}\" data-popup-slideshow=\"false\" data-popup-slideshow-speed=\"2500\" data-popup-hoverstop=\"true\" data-popup-slideshow-auto=\"false\" data-popup-background=\"\" data-popup-transparency=\"30\" data-popup-disable-history=\"\" data-popup-disable-changed-url=\"\" data-popup-border-type=\"\" data-popup-border-color=\"\" data-popup-border-width=\"\" data-popup-border-enable=\"\" data-fullscreen=\"false\" data-hide-tooltip=\"false\" data-caption-font-family=\"Default\" data-caption-text-size=\"140\" data-is-mobile=\"0\" data-caption-mobile=\"false\" data-hide-long-tltp-title=\"0\" data-caption-disabled-on-mobile=\"false\" data-popup-placement-type=\"0\" data-social-sharing=\"{&quot;enabled&quot;:&quot;&quot;,&quot;gallerySharing&quot;:{&quot;enabled&quot;:null,&quot;position&quot;:null},&quot;imageSharing&quot;:{&quot;enabled&quot;:null,&quot;wrapperClass&quot;:&quot; vertical &quot;},&quot;popupSharing&quot;:{&quot;enabled&quot;:null,&quot;wrapperClass&quot;:&quot; vertical &quot;}}\" class=\"grid-gallery grid-gallery-fluid-height \" style=\" width:100%; height:auto; margin-left:auto; margin-right:auto;position:relative;\"> <div class=\"gallery-loading\"> <div class=\"blocks\"> <div class=\"block\"><\/div> <div class=\"block\"><\/div> <div class=\"block\"><\/div> <div class=\"block\"><\/div> <\/div> <\/div> <div class=\"gallery-sharing-top\" style=\"display:none;\"> <\/div> <div id=\"photos-18\" class=\"grid-gallery-photos\"><FIGURE class=\"grid-gallery-caption\" data-grid-gallery-type=\"revolving-door-left\" data-index=\"0\" style=\"display:none;border-radius:00;; margin:0px; width:2150;\" ><div class=\"crop\" style=\"\"><img decoding=\"async\" src=\"http:\/\/www.rodzinaravensbruck.pl\/wp-content\/uploads\/2018\/03\/Neubrandenburg-8.03.2018-1-215x382.jpg\" class=\"ggImg\" alt=\"Neubrandenburg 8.03.2018-1\" title=\"Neubrandenburg 8.03.2018-1\" data-description=\"Neubrandenburg 8.03.2018-1\" data-caption=\"Neubrandenburg 8.03.2018-1\" data-title=\"Neubrandenburg 8.03.2018-1\" style=\" width:215px;\" \/><\/div><FIGCAPTION class=\"\" data-alpha=\"5\" style=\"color:#ffffff; background-color:#0a076d; font-size:140; text-align:left; font-family:Default;\" ><div class=\"grid-gallery-figcaption-wrap\" style=\"\"><\/div><\/FIGCAPTION><\/FIGURE><FIGURE class=\"grid-gallery-caption\" data-grid-gallery-type=\"revolving-door-left\" data-index=\"1\" style=\"display:none;border-radius:00;; margin:0px; width:2150;\" ><div class=\"crop\" style=\"\"><img decoding=\"async\" src=\"http:\/\/www.rodzinaravensbruck.pl\/wp-content\/uploads\/2018\/03\/Neubrandenburg-6-215x287.jpg\" class=\"ggImg\" alt=\"dav\" title=\"dav\" data-description=\"dav\" data-caption=\"r\" data-title=\"dav\" style=\" width:215px;\" \/><\/div><FIGCAPTION class=\"\" data-alpha=\"5\" style=\"color:#ffffff; background-color:#0a076d; font-size:140; text-align:left; font-family:Default;\" ><div class=\"grid-gallery-figcaption-wrap\" style=\"\"><\/div><\/FIGCAPTION><\/FIGURE><FIGURE class=\"grid-gallery-caption\" data-grid-gallery-type=\"revolving-door-left\" data-index=\"2\" style=\"display:none;border-radius:00;; margin:0px; width:2150;\" ><div class=\"crop\" style=\"\"><img decoding=\"async\" src=\"http:\/\/www.rodzinaravensbruck.pl\/wp-content\/uploads\/2018\/03\/Neubrandenburg-5-215x121.jpg\" class=\"ggImg\" alt=\"Neubrandenburg 5\" title=\"Neubrandenburg 5\" data-description=\"Neubrandenburg 5\" data-caption=\"Neubrandenburg 5\" data-title=\"Neubrandenburg 5\" style=\" width:215px;\" \/><\/div><FIGCAPTION class=\"\" data-alpha=\"5\" style=\"color:#ffffff; background-color:#0a076d; font-size:140; text-align:left; font-family:Default;\" ><div class=\"grid-gallery-figcaption-wrap\" style=\"\"><\/div><\/FIGCAPTION><\/FIGURE><FIGURE class=\"grid-gallery-caption\" data-grid-gallery-type=\"revolving-door-left\" data-index=\"3\" style=\"display:none;border-radius:00;; margin:0px; width:2150;\" ><div class=\"crop\" style=\"\"><img decoding=\"async\" src=\"http:\/\/www.rodzinaravensbruck.pl\/wp-content\/uploads\/2018\/03\/Neubrandenburg-3-215x382.jpg\" class=\"ggImg\" alt=\"Neubrandenburg 3\" title=\"Neubrandenburg 3\" data-description=\"Neubrandenburg 3\" data-caption=\"Neubrandenburg 3\" data-title=\"Neubrandenburg 3\" style=\" width:215px;\" \/><\/div><FIGCAPTION class=\"\" data-alpha=\"5\" style=\"color:#ffffff; background-color:#0a076d; font-size:140; text-align:left; font-family:Default;\" ><div class=\"grid-gallery-figcaption-wrap\" style=\"\"><\/div><\/FIGCAPTION><\/FIGURE><FIGURE class=\"grid-gallery-caption\" data-grid-gallery-type=\"revolving-door-left\" data-index=\"4\" style=\"display:none;border-radius:00;; margin:0px; width:2150;\" ><div class=\"crop\" style=\"\"><img decoding=\"async\" src=\"http:\/\/www.rodzinaravensbruck.pl\/wp-content\/uploads\/2018\/03\/Neubrandenburg-4-215x121.jpg\" class=\"ggImg\" alt=\"Neubrandenburg 4\" title=\"Neubrandenburg 4\" data-description=\"Neubrandenburg 4\" data-caption=\"Neubrandenburg 4\" data-title=\"Neubrandenburg 4\" style=\" width:215px;\" \/><\/div><FIGCAPTION class=\"\" data-alpha=\"5\" style=\"color:#ffffff; background-color:#0a076d; font-size:140; text-align:left; font-family:Default;\" ><div class=\"grid-gallery-figcaption-wrap\" style=\"\"><\/div><\/FIGCAPTION><\/FIGURE><FIGURE class=\"grid-gallery-caption\" data-grid-gallery-type=\"revolving-door-left\" data-index=\"5\" style=\"display:none;border-radius:00;; margin:0px; width:2150;\" ><div class=\"crop\" style=\"\"><img decoding=\"async\" src=\"http:\/\/www.rodzinaravensbruck.pl\/wp-content\/uploads\/2018\/03\/Neubrandenburg-2-215x121.jpg\" class=\"ggImg\" alt=\"Neubrandenburg 2\" title=\"Neubrandenburg 2\" data-description=\"Neubrandenburg 2\" data-caption=\"Neubrandenburg 2\" data-title=\"Neubrandenburg 2\" style=\" width:215px;\" \/><\/div><FIGCAPTION class=\"\" data-alpha=\"5\" style=\"color:#ffffff; background-color:#0a076d; font-size:140; text-align:left; font-family:Default;\" ><div class=\"grid-gallery-figcaption-wrap\" style=\"\"><\/div><\/FIGCAPTION><\/FIGURE> <div class=\"grid-gallery-clearfix\"><\/div> <\/div> <div class=\"gallery-sharing-bottom\" style=\"display:none;\"> <\/div> <div class=\"gallery-sharing-image\" style=\"display:none;\"> <\/div> <div class=\"gallery-sharing-popup\" style=\"display:none;\"> <\/div> <div class=\"grid-gallery-clearfix\"><\/div> <\/div> <!-- Gallery by Supsystic plugin1.16.0 --><a title=\"WordPress Image Gallery Plugin\" style=\"display:none;\" href=\"https:\/\/supsystic.com\/plugins\/photo-gallery\/?utm_medium=love_link\" target=\"_blank\">WordPress Image Gallery Plugin<\/a>\n","protected":false},"excerpt":{"rendered":"<p>Szanowni Pa\u0144stwo, 8 marca 2018 r. odby\u0142y si\u0119 uroczysto\u015bci w Neubrandenburgu, w czasie kt\u00f3rych nast\u0105pi\u0142o ods\u0142oni\u0119cie tablicy z nazwiskami Wi\u0119\u017aniarek r\u00f3\u017cnych narodowo\u015bci, kt\u00f3re zmar\u0142y w latach 1944-1945 w podobozie obozu Ravensbr\u00fcck znajduj\u0105cym si\u0119 w Neubrandenburgu w\u015br\u00f3d kt\u00f3rych by\u0142y 43 Polki. By\u0142a to do 8 marca b.r. bezimienna mogi\u0142a.<\/p>\n","protected":false},"author":1,"featured_media":1015,"comment_status":"closed","ping_status":"open","sticky":false,"template":"","format":"standard","meta":{"ngg_post_thumbnail":0,"footnotes":""},"categories":[4],"tags":[],"class_list":["post-1010","post","type-post","status-publish","format-standard","has-post-thumbnail","hentry","category-aktualnosci"],"_links":{"self":[{"href":"https:\/\/www.rodzinaravensbruck.pl\/index.php\/wp-json\/wp\/v2\/posts\/1010","targetHints":{"allow":["GET"]}}],"collection":[{"href":"https:\/\/www.rodzinaravensbruck.pl\/index.php\/wp-json\/wp\/v2\/posts"}],"about":[{"href":"https:\/\/www.rodzinaravensbruck.pl\/index.php\/wp-json\/wp\/v2\/types\/post"}],"author":[{"embeddable":true,"href":"https:\/\/www.rodzinaravensbruck.pl\/index.php\/wp-json\/wp\/v2\/users\/1"}],"replies":[{"embeddable":true,"href":"https:\/\/www.rodzinaravensbruck.pl\/index.php\/wp-json\/wp\/v2\/comments?post=1010"}],"version-history":[{"count":6,"href":"https:\/\/www.rodzinaravensbruck.pl\/index.php\/wp-json\/wp\/v2\/posts\/1010\/revisions"}],"predecessor-version":[{"id":1053,"href":"https:\/\/www.rodzinaravensbruck.pl\/index.php\/wp-json\/wp\/v2\/posts\/1010\/revisions\/1053"}],"wp:featuredmedia":[{"embeddable":true,"href":"https:\/\/www.rodzinaravensbruck.pl\/index.php\/wp-json\/wp\/v2\/media\/1015"}],"wp:attachment":[{"href":"https:\/\/www.rodzinaravensbruck.pl\/index.php\/wp-json\/wp\/v2\/media?parent=1010"}],"wp:term":[{"taxonomy":"category","embeddable":true,"href":"https:\/\/www.rodzinaravensbruck.pl\/index.php\/wp-json\/wp\/v2\/categories?post=1010"},{"taxonomy":"post_tag","embeddable":true,"href":"https:\/\/www.rodzinaravensbruck.pl\/index.php\/wp-json\/wp\/v2\/tags?post=1010"}],"curies":[{"name":"wp","href":"https:\/\/api.w.org\/{rel}","templated":true}]}}