{"id":1027,"date":"2018-03-17T21:20:01","date_gmt":"2018-03-17T20:20:01","guid":{"rendered":"http:\/\/www.rodzinaravensbruck.pl\/?p=1027"},"modified":"2018-03-17T21:24:44","modified_gmt":"2018-03-17T20:24:44","slug":"iv-ogolnopolski-konkurs-recytatorski","status":"publish","type":"post","link":"https:\/\/www.rodzinaravensbruck.pl\/index.php\/2018\/03\/17\/iv-ogolnopolski-konkurs-recytatorski\/","title":{"rendered":"IV Og\u00f3lnopolski Konkurs Recytatorski"},"content":{"rendered":"<p>IV Og\u00f3lnopolski Konkurs Recytatorski \u201eW kr\u0119gu poezji i prozy lagrowej wi\u0119\u017aniarek KL Ravensbr\u00fcck\u201d pod honorowym patronatem Ma\u0142\u017conki Prezydenta RP Pani Agaty Kornhauser-Dudy<br \/>\n<!--more-->Organizatorami tegorocznego konkursu s\u0105 Instytut Pami\u0119ci Narodowej, Stowarzyszenie \u201eRodzina Wi\u0119\u017aniarek Niemieckiego Obozu Koncentracyjnego Ravensbr\u00fcck\u201d oraz Miasto Ruda \u015al\u0105ska. Instytucje wspieraj\u0105ce to Ministerstwo Edukacji Narodowej oraz Polski Zwi\u0105zek b. Wi\u0119\u017ani\u00f3w Politycznych Hitlerowskich Wi\u0119zie\u0144 i Oboz\u00f3w Koncentracyjnych.<\/p>\n<p>Eliminacje wojew\u00f3dztwa ma\u0142opolskiego<\/p>\n<p>W dniu 12 marca 2018 r. w Centrum Edukacyjnym IPN \u201ePrzystanek Historia\u201d w Krakowie spo\u015br\u00f3d 27 zg\u0142oszonych uczni\u00f3w z 13 szk\u00f3\u0142 wojew\u00f3dztwa ma\u0142opolskiego w eliminacjach wojew\u00f3dzkich IV Og\u00f3lnopolskiego Konkursu Recytatorskiego \u201eW kr\u0119gu poezji i prozy lagrowej wi\u0119\u017aniarek KL Ravensbr\u00fcck\u201d wzi\u0119\u0142o udzia\u0142 22 uczni\u00f3w. Jury w sk\u0142adzie: prof. dr hab. El\u017cbieta Kuta (Prezes Stowarzyszenia \u201eRodzina Wi\u0119\u017aniarek Niemieckiego Obozu Koncentracyjnego Ravensbr\u00fcck\u201d), Ewa Romaniak (aktorka teatralna i filmowa), dr Marcin Chor\u0105zki (historyk, OBEN IPN w Krakowie) zast\u0105piony po przerwie przez Roksan\u0119 Szczypt\u0119-Szcz\u0119ch (historyk, OBEN IPN w Krakowie, koordynator eliminacji dla wojew\u00f3dztwa ma\u0142opolskiego), wy\u0142oni\u0142o 2 finalistki: Mari\u0119 Sio\u0142\u0119 (uczennic\u0119 Zespo\u0142u Szkolno-Przedszkolnego Integracyjnego nr 1 w Olkuszu) oraz Natali\u0119 \u0141\u0105ck\u0105 (uczennic\u0119 I Liceum Og\u00f3lnokszta\u0142c\u0105cego w Bochni). Nagrod\u0105 specjaln\u0105 dla laureatki I nagrody b\u0119dzie wyst\u0119p w czasie koncertu \u201eSi\u0142a mi\u0142o\u015bci\u201d, kt\u00f3ry odb\u0119dzie si\u0119 23 kwietnia 2018 r. w Krakowie.<\/p>\n<p>Podczas przerwy uczestnicy konkursu ogl\u0105dn\u0119li wystaw\u0119 \u201eDzielne Kobiety z Neubrandenburga\u201d \u2013 wi\u0119\u017aniarkach KL Ravensbr\u00fcck i podobozu w Neubrandenburgu.<br \/>\nWi\u0119cej informacji na stronie IPN \u201ePrzystanek Historia\u201d:<br \/>\n<a href=\"https:\/\/krakow.ipn.gov.pl\/pl4\/edukacja\/konkursy-historyczne\/46825,Konkurs-recytatorski-W-kregu-poezji-i-prozy-lagrowej-wiezniarek-KL-Ravensbrck-El.html\" target=\"_blank\" rel=\"noopener noreferrer\">\u00a0https:\/\/krakow.ipn.gov.pl\/pl4\/edukacja\/konkursy-historyczne\/46825,Konkurs-recytatorski-W-kregu-poezji-i-prozy-lagrowej-wiezniarek-KL-Ravensbrck-El.html<br \/>\n<div id=\"grid-gallery-19-98448\" data-gg-id=\"19\" data-title=\"IV Og\u00f3lnopolski Konkurs Recytatorski \" data-grid-type=\"1\" data-offset=\"0\" data-area-position=\"center\" data-icons=\"\" data-preloader=\"true\" data-width=\"512\" data-height=\"\" data-padding=\"0\" data-quicksand=\"disabled\" data-quicksand-duration=\"none\" data-popup-theme=\"theme_6\" data-popup-type=\"pretty-photo\" data-popup-image-text=\"data-caption\" data-popup-widthsize=\"auto\" data-popup-heightsize=\"auto\" data-popup-i18n-words=\"{&quot;close&quot;:&quot;close&quot;,&quot;next&quot;:&quot;next&quot;,&quot;previous&quot;:&quot;previous&quot;,&quot;start_slideshow&quot;:&quot;start slideshow&quot;,&quot;stop_slideshow&quot;:&quot;stop slideshow&quot;,&quot;image&quot;:&quot;image&quot;,&quot;of&quot;:&quot;of&quot;,&quot;prev&quot;:&quot;prev&quot;,&quot;cExpand&quot;:&quot;Expand&quot;,&quot;cPrevious&quot;:&quot;Previous&quot;,&quot;cNext&quot;:&quot;Next&quot;,&quot;cExpandStr&quot;:&quot;Expand the image&quot;,&quot;cRotate&quot;:&quot;Rotate&quot;,&quot;cDetails&quot;:&quot;Details&quot;}\" data-popup-slideshow=\"false\" data-popup-slideshow-speed=\"2500\" data-popup-hoverstop=\"true\" data-popup-slideshow-auto=\"false\" data-popup-background=\"\" data-popup-transparency=\"30\" data-popup-disable-history=\"\" data-popup-disable-changed-url=\"\" data-popup-border-type=\"\" data-popup-border-color=\"\" data-popup-border-width=\"\" data-popup-border-enable=\"\" data-fullscreen=\"false\" data-hide-tooltip=\"false\" data-caption-font-family=\"Default\" data-caption-text-size=\"140\" data-is-mobile=\"0\" data-caption-mobile=\"false\" data-hide-long-tltp-title=\"0\" data-caption-disabled-on-mobile=\"false\" data-popup-placement-type=\"0\" data-social-sharing=\"{&quot;enabled&quot;:&quot;&quot;,&quot;gallerySharing&quot;:{&quot;enabled&quot;:null,&quot;position&quot;:null},&quot;imageSharing&quot;:{&quot;enabled&quot;:null,&quot;wrapperClass&quot;:&quot; vertical &quot;},&quot;popupSharing&quot;:{&quot;enabled&quot;:null,&quot;wrapperClass&quot;:&quot; vertical &quot;}}\" class=\"grid-gallery grid-gallery-fluid-height one-photo \" style=\" width:100%; height:auto; margin-left:auto; margin-right:auto;position:relative;\"> <div class=\"gallery-loading\"> <div class=\"blocks\"> <div class=\"block\"><\/div> <div class=\"block\"><\/div> <div class=\"block\"><\/div> <div class=\"block\"><\/div> <\/div> <\/div> <div class=\"gallery-sharing-top\" style=\"display:none;\"> <\/div> <div id=\"photos-19\" class=\"grid-gallery-photos\"><FIGURE class=\"grid-gallery-caption\" data-grid-gallery-type=\"revolving-door-left\" data-index=\"0\" style=\"display:none;border-radius:00;; margin:0px; width:5120;\" ><div class=\"crop\" style=\"\"><img decoding=\"async\" src=\"http:\/\/www.rodzinaravensbruck.pl\/wp-content\/uploads\/2018\/03\/konkurs.Kr_.zakonczenie.5-512x384.jpg\" class=\"ggImg\" alt=\"OLYMPUS DIGITAL CAMERA\" title=\"OLYMPUS DIGITAL CAMERA\" data-description=\"OLYMPUS DIGITAL CAMERA\" data-caption=\"OLYMPUS DIGITAL CAMERA\" data-title=\"OLYMPUS DIGITAL CAMERA\" style=\" width:512px;\" \/><\/div><FIGCAPTION class=\"\" data-alpha=\"5\" style=\"color:#ffffff; background-color:#0a076d; font-size:140; text-align:left; font-family:Default;\" ><div class=\"grid-gallery-figcaption-wrap\" style=\"\"><\/div><\/FIGCAPTION><\/FIGURE><FIGURE class=\"grid-gallery-caption hidden-item\" data-grid-gallery-type=\"revolving-door-left\" data-index=\"1\" style=\"display:none;border-radius:00;; margin:0px; width:5120;\" ><div class=\"crop\" style=\"\"><img decoding=\"async\" src=\"http:\/\/www.rodzinaravensbruck.pl\/wp-content\/uploads\/2018\/03\/konkurs.Kr_.zakonczenie.6-512x384.jpg\" class=\"ggImg\" alt=\"OLYMPUS DIGITAL CAMERA\" title=\"OLYMPUS DIGITAL CAMERA\" data-description=\"OLYMPUS DIGITAL CAMERA\" data-caption=\"OLYMPUS DIGITAL CAMERA\" data-title=\"OLYMPUS DIGITAL CAMERA\" style=\" width:512px;\" \/><\/div><FIGCAPTION class=\"\" data-alpha=\"5\" style=\"color:#ffffff; background-color:#0a076d; font-size:140; text-align:left; font-family:Default;\" ><div class=\"grid-gallery-figcaption-wrap\" style=\"\"><\/div><\/FIGCAPTION><\/FIGURE><FIGURE class=\"grid-gallery-caption hidden-item\" data-grid-gallery-type=\"revolving-door-left\" data-index=\"2\" style=\"display:none;border-radius:00;; margin:0px; width:5120;\" ><div class=\"crop\" style=\"\"><img decoding=\"async\" src=\"http:\/\/www.rodzinaravensbruck.pl\/wp-content\/uploads\/2018\/03\/konkurs.Kr_.zakonczenie.7-512x384.jpg\" class=\"ggImg\" alt=\"OLYMPUS DIGITAL CAMERA\" title=\"OLYMPUS DIGITAL CAMERA\" data-description=\"OLYMPUS DIGITAL CAMERA\" data-caption=\"OLYMPUS DIGITAL CAMERA\" data-title=\"OLYMPUS DIGITAL CAMERA\" style=\" width:512px;\" \/><\/div><FIGCAPTION class=\"\" data-alpha=\"5\" style=\"color:#ffffff; background-color:#0a076d; font-size:140; text-align:left; font-family:Default;\" ><div class=\"grid-gallery-figcaption-wrap\" style=\"\"><\/div><\/FIGCAPTION><\/FIGURE><FIGURE class=\"grid-gallery-caption hidden-item\" data-grid-gallery-type=\"revolving-door-left\" data-index=\"3\" style=\"display:none;border-radius:00;; margin:0px; width:5120;\" ><div class=\"crop\" style=\"\"><img decoding=\"async\" src=\"http:\/\/www.rodzinaravensbruck.pl\/wp-content\/uploads\/2018\/03\/konkurs.Kr_.zakonczenie-512x384.jpg\" class=\"ggImg\" alt=\"OLYMPUS DIGITAL CAMERA\" title=\"OLYMPUS DIGITAL CAMERA\" data-description=\"OLYMPUS DIGITAL CAMERA\" data-caption=\"OLYMPUS DIGITAL CAMERA\" data-title=\"OLYMPUS DIGITAL CAMERA\" style=\" width:512px;\" \/><\/div><FIGCAPTION class=\"\" data-alpha=\"5\" style=\"color:#ffffff; background-color:#0a076d; font-size:140; text-align:left; font-family:Default;\" ><div class=\"grid-gallery-figcaption-wrap\" style=\"\"><\/div><\/FIGCAPTION><\/FIGURE><FIGURE class=\"grid-gallery-caption hidden-item\" data-grid-gallery-type=\"revolving-door-left\" data-index=\"4\" style=\"display:none;border-radius:00;; margin:0px; width:5120;\" ><div class=\"crop\" style=\"\"><img decoding=\"async\" src=\"http:\/\/www.rodzinaravensbruck.pl\/wp-content\/uploads\/2018\/03\/konkurs.eliminacje.w.Krakowie.1-512x384.jpg\" class=\"ggImg\" alt=\"OLYMPUS DIGITAL CAMERA\" title=\"OLYMPUS DIGITAL CAMERA\" data-description=\"OLYMPUS DIGITAL CAMERA\" data-caption=\"OLYMPUS DIGITAL CAMERA\" data-title=\"OLYMPUS DIGITAL CAMERA\" style=\" width:512px;\" \/><\/div><FIGCAPTION class=\"\" data-alpha=\"5\" style=\"color:#ffffff; background-color:#0a076d; font-size:140; text-align:left; font-family:Default;\" ><div class=\"grid-gallery-figcaption-wrap\" style=\"\"><\/div><\/FIGCAPTION><\/FIGURE><FIGURE class=\"grid-gallery-caption hidden-item\" data-grid-gallery-type=\"revolving-door-left\" data-index=\"5\" style=\"display:none;border-radius:00;; margin:0px; width:5120;\" ><div class=\"crop\" style=\"\"><img decoding=\"async\" src=\"http:\/\/www.rodzinaravensbruck.pl\/wp-content\/uploads\/2018\/03\/konkurs.eliminacje.w.Krakowie.podczas.przerwy.3-512x384.jpg\" class=\"ggImg\" alt=\"OLYMPUS DIGITAL CAMERA\" title=\"OLYMPUS DIGITAL CAMERA\" data-description=\"OLYMPUS DIGITAL CAMERA\" data-caption=\"OLYMPUS DIGITAL CAMERA\" data-title=\"OLYMPUS DIGITAL CAMERA\" style=\" width:512px;\" \/><\/div><FIGCAPTION class=\"\" data-alpha=\"5\" style=\"color:#ffffff; background-color:#0a076d; font-size:140; text-align:left; font-family:Default;\" ><div class=\"grid-gallery-figcaption-wrap\" style=\"\"><\/div><\/FIGCAPTION><\/FIGURE><FIGURE class=\"grid-gallery-caption hidden-item\" data-grid-gallery-type=\"revolving-door-left\" data-index=\"6\" style=\"display:none;border-radius:00;; margin:0px; width:5120;\" ><div class=\"crop\" style=\"\"><img decoding=\"async\" src=\"http:\/\/www.rodzinaravensbruck.pl\/wp-content\/uploads\/2018\/03\/konkurs.Kr_.podczas.przerwy.4-512x384.jpg\" class=\"ggImg\" alt=\"OLYMPUS DIGITAL CAMERA\" title=\"OLYMPUS DIGITAL CAMERA\" data-description=\"OLYMPUS DIGITAL CAMERA\" data-caption=\"OLYMPUS DIGITAL CAMERA\" data-title=\"OLYMPUS DIGITAL CAMERA\" style=\" width:512px;\" \/><\/div><FIGCAPTION class=\"\" data-alpha=\"5\" style=\"color:#ffffff; background-color:#0a076d; font-size:140; text-align:left; font-family:Default;\" ><div class=\"grid-gallery-figcaption-wrap\" style=\"\"><\/div><\/FIGCAPTION><\/FIGURE><FIGURE class=\"grid-gallery-caption hidden-item\" data-grid-gallery-type=\"revolving-door-left\" data-index=\"7\" style=\"display:none;border-radius:00;; margin:0px; width:5120;\" ><div class=\"crop\" style=\"\"><img decoding=\"async\" src=\"http:\/\/www.rodzinaravensbruck.pl\/wp-content\/uploads\/2018\/03\/konkurs.Kr_.zakonczenie.1.od_.lewej_.M.Chorazki.E.Kuta_.E.Romaniak.W.Frazik-512x384.jpg\" class=\"ggImg\" alt=\"OLYMPUS DIGITAL CAMERA\" title=\"OLYMPUS DIGITAL CAMERA\" data-description=\"OLYMPUS DIGITAL CAMERA\" data-caption=\"OLYMPUS DIGITAL CAMERA\" data-title=\"OLYMPUS DIGITAL CAMERA\" style=\" width:512px;\" \/><\/div><FIGCAPTION class=\"\" data-alpha=\"5\" style=\"color:#ffffff; background-color:#0a076d; font-size:140; text-align:left; font-family:Default;\" ><div class=\"grid-gallery-figcaption-wrap\" style=\"\"><\/div><\/FIGCAPTION><\/FIGURE> <div class=\"grid-gallery-clearfix\"><\/div> <\/div> <div class=\"gallery-sharing-bottom\" style=\"display:none;\"> <\/div> <div class=\"gallery-sharing-image\" style=\"display:none;\"> <\/div> <div class=\"gallery-sharing-popup\" style=\"display:none;\"> <\/div> <div class=\"grid-gallery-clearfix\"><\/div> <\/div> <!-- Gallery by Supsystic plugin1.16.0 --><a title=\"WordPress Image Gallery Plugin\" style=\"display:none;\" href=\"https:\/\/supsystic.com\/plugins\/photo-gallery\/?utm_medium=love_link\" target=\"_blank\">WordPress Image Gallery Plugin<\/a><br \/>\n<\/a><\/p>\n","protected":false},"excerpt":{"rendered":"<p>IV Og\u00f3lnopolski Konkurs Recytatorski \u201eW kr\u0119gu poezji i prozy lagrowej wi\u0119\u017aniarek KL Ravensbr\u00fcck\u201d pod honorowym patronatem Ma\u0142\u017conki Prezydenta RP Pani Agaty Kornhauser-Dudy<\/p>\n","protected":false},"author":1,"featured_media":1031,"comment_status":"closed","ping_status":"open","sticky":false,"template":"","format":"standard","meta":{"ngg_post_thumbnail":0,"footnotes":""},"categories":[4],"tags":[],"class_list":["post-1027","post","type-post","status-publish","format-standard","has-post-thumbnail","hentry","category-aktualnosci"],"_links":{"self":[{"href":"https:\/\/www.rodzinaravensbruck.pl\/index.php\/wp-json\/wp\/v2\/posts\/1027","targetHints":{"allow":["GET"]}}],"collection":[{"href":"https:\/\/www.rodzinaravensbruck.pl\/index.php\/wp-json\/wp\/v2\/posts"}],"about":[{"href":"https:\/\/www.rodzinaravensbruck.pl\/index.php\/wp-json\/wp\/v2\/types\/post"}],"author":[{"embeddable":true,"href":"https:\/\/www.rodzinaravensbruck.pl\/index.php\/wp-json\/wp\/v2\/users\/1"}],"replies":[{"embeddable":true,"href":"https:\/\/www.rodzinaravensbruck.pl\/index.php\/wp-json\/wp\/v2\/comments?post=1027"}],"version-history":[{"count":2,"href":"https:\/\/www.rodzinaravensbruck.pl\/index.php\/wp-json\/wp\/v2\/posts\/1027\/revisions"}],"predecessor-version":[{"id":1037,"href":"https:\/\/www.rodzinaravensbruck.pl\/index.php\/wp-json\/wp\/v2\/posts\/1027\/revisions\/1037"}],"wp:featuredmedia":[{"embeddable":true,"href":"https:\/\/www.rodzinaravensbruck.pl\/index.php\/wp-json\/wp\/v2\/media\/1031"}],"wp:attachment":[{"href":"https:\/\/www.rodzinaravensbruck.pl\/index.php\/wp-json\/wp\/v2\/media?parent=1027"}],"wp:term":[{"taxonomy":"category","embeddable":true,"href":"https:\/\/www.rodzinaravensbruck.pl\/index.php\/wp-json\/wp\/v2\/categories?post=1027"},{"taxonomy":"post_tag","embeddable":true,"href":"https:\/\/www.rodzinaravensbruck.pl\/index.php\/wp-json\/wp\/v2\/tags?post=1027"}],"curies":[{"name":"wp","href":"https:\/\/api.w.org\/{rel}","templated":true}]}}