{"id":1065,"date":"2018-04-17T18:56:51","date_gmt":"2018-04-17T16:56:51","guid":{"rendered":"http:\/\/www.rodzinaravensbruck.pl\/?p=1065"},"modified":"2018-04-18T09:30:35","modified_gmt":"2018-04-18T07:30:35","slug":"gala-finalowa-iv-ogolnopolskiego-konkursu-w-kregu-poezji-i-prozy-lagrowej-wiezniarek-kl-ravensbruck","status":"publish","type":"post","link":"https:\/\/www.rodzinaravensbruck.pl\/index.php\/2018\/04\/17\/gala-finalowa-iv-ogolnopolskiego-konkursu-w-kregu-poezji-i-prozy-lagrowej-wiezniarek-kl-ravensbruck\/","title":{"rendered":"GALA FINA\u0141OWA IV OG\u00d3LNOPOLSKIEGO KONKURSU \u201eW KR\u0118GU POEZJI I PROZY LAGROWEJ WI\u0118\u0179NIAREK KL RAVENSBR\u00dcCK\u201d"},"content":{"rendered":"<p>12 kwietnia 2018 r. w Miejskim Centrum Kultury w Rudzie \u015al\u0105skiej odby\u0142a si\u0119 czwarta edycja Og\u00f3lnopolskiego Konkursu Recytatorskiego &#8222;W kr\u0119gu poezji i prozy lagrowej wi\u0119\u017aniarek KL Ravensbr\u00fcck&#8221;.<!--more--><br \/>\nRelacja z fina\u0142u i galeria zdj\u0119\u0107: <a href=\"https:\/\/rudaslaska.com.pl\/i,jesli-echo-ich-glosow-zamilknie---zginiemy,200274,1333497.html\" target=\"_blank\" rel=\"noopener\">https:\/\/rudaslaska.com.pl\/i,jesli-echo-ich-glosow-zamilknie&#8212;zginiemy,200274,1333497.html<\/a><\/p>\n","protected":false},"excerpt":{"rendered":"<p>12 kwietnia 2018 r. w Miejskim Centrum Kultury w Rudzie \u015al\u0105skiej odby\u0142a si\u0119 czwarta edycja Og\u00f3lnopolskiego Konkursu Recytatorskiego &#8222;W kr\u0119gu poezji i prozy lagrowej wi\u0119\u017aniarek KL Ravensbr\u00fcck&#8221;.<\/p>\n","protected":false},"author":1,"featured_media":1066,"comment_status":"closed","ping_status":"open","sticky":false,"template":"","format":"standard","meta":{"ngg_post_thumbnail":0,"footnotes":""},"categories":[4],"tags":[],"class_list":["post-1065","post","type-post","status-publish","format-standard","has-post-thumbnail","hentry","category-aktualnosci"],"_links":{"self":[{"href":"https:\/\/www.rodzinaravensbruck.pl\/index.php\/wp-json\/wp\/v2\/posts\/1065","targetHints":{"allow":["GET"]}}],"collection":[{"href":"https:\/\/www.rodzinaravensbruck.pl\/index.php\/wp-json\/wp\/v2\/posts"}],"about":[{"href":"https:\/\/www.rodzinaravensbruck.pl\/index.php\/wp-json\/wp\/v2\/types\/post"}],"author":[{"embeddable":true,"href":"https:\/\/www.rodzinaravensbruck.pl\/index.php\/wp-json\/wp\/v2\/users\/1"}],"replies":[{"embeddable":true,"href":"https:\/\/www.rodzinaravensbruck.pl\/index.php\/wp-json\/wp\/v2\/comments?post=1065"}],"version-history":[{"count":2,"href":"https:\/\/www.rodzinaravensbruck.pl\/index.php\/wp-json\/wp\/v2\/posts\/1065\/revisions"}],"predecessor-version":[{"id":1085,"href":"https:\/\/www.rodzinaravensbruck.pl\/index.php\/wp-json\/wp\/v2\/posts\/1065\/revisions\/1085"}],"wp:featuredmedia":[{"embeddable":true,"href":"https:\/\/www.rodzinaravensbruck.pl\/index.php\/wp-json\/wp\/v2\/media\/1066"}],"wp:attachment":[{"href":"https:\/\/www.rodzinaravensbruck.pl\/index.php\/wp-json\/wp\/v2\/media?parent=1065"}],"wp:term":[{"taxonomy":"category","embeddable":true,"href":"https:\/\/www.rodzinaravensbruck.pl\/index.php\/wp-json\/wp\/v2\/categories?post=1065"},{"taxonomy":"post_tag","embeddable":true,"href":"https:\/\/www.rodzinaravensbruck.pl\/index.php\/wp-json\/wp\/v2\/tags?post=1065"}],"curies":[{"name":"wp","href":"https:\/\/api.w.org\/{rel}","templated":true}]}}