{"id":1121,"date":"2018-05-12T11:58:52","date_gmt":"2018-05-12T09:58:52","guid":{"rendered":"http:\/\/www.rodzinaravensbruck.pl\/?p=1121"},"modified":"2018-05-12T11:58:52","modified_gmt":"2018-05-12T09:58:52","slug":"koncerty-sila-milosci-2018","status":"publish","type":"post","link":"https:\/\/www.rodzinaravensbruck.pl\/index.php\/2018\/05\/12\/koncerty-sila-milosci-2018\/","title":{"rendered":"Koncerty \u201eSi\u0142a Mi\u0142o\u015bci\u201d 2018"},"content":{"rendered":"<p>Koncerty \u201eSi\u0142a Mi\u0142o\u015bci\u201d w 2018 roku<br \/>\nKoncerty pt. Si\u0142a Mi\u0142o\u015bci\u201d organizowane s\u0105 przez Stowarzyszenie Prawy Brzeg przy wsp\u00f3\u0142udziale Stowarzyszenia \u201eRodzina Wi\u0119\u017aniarek Niemieckiego Obozu Koncentracyjnego Ravensbr\u00fcck\u201d, odbywaj\u0105 si\u0119 od 7 lat w kwietniu w rocznic\u0119 wyzwolenia niemieckiego obozu koncentracyjnego Ravensbr\u00fcck. Re\u017cyserem i prowadz\u0105cym jest krakowski aktor Andrzej R\u00f3g, kierownikiem muzycznym Stefan B\u0142aszczy\u0144ski.<!--more-->Honorowymi Go\u015b\u0107mi koncert\u00f3w by\u0142y \u017cyj\u0105ce wi\u0119\u017aniarki obozu, w Krakowie &#8211; dr Wanda P\u00f3\u0142tawska, Kamilla Syczowa, w Warszawie &#8211; Zofia Poci\u0142owska-Kann, Wojtka Zeiske i cz\u0142onkowie ich rodzin. Poezja i proza napisana w obozie przez wi\u0119\u017aniarki, z kt\u00f3rych wiele nie doczeka\u0142o wyzwolenia i zosta\u0142o zamordowanych jak np. Gra\u017cyna Chrostowska, poetka rozstrzelana w 1942 roku, jest wa\u017cnym dokumentem, przekazem dramat\u00f3w, przemy\u015ble\u0144, t\u0119sknot i rozpaczy wi\u0119\u017aniarek. Poezja wy\u015bpiewana w niezwykle sugestywny spos\u00f3b jest wzruszaj\u0105ca. Koncerty by\u0142y du\u017cym prze\u017cyciem dla wszystkich, kt\u00f3rzy w nich uczestniczyli.<br \/>\nW koncercie warszawskim (30 kwietnia 2018), w 73. rocznic\u0119 wyzwolenia niemieckiego obozu koncentracyjnego wzi\u0105\u0142 udzia\u0142 Szef Urz\u0119du do Spraw Kombatant\u00f3w i Os\u00f3b Represjonowanych Jan J\u00f3zef Kasprzyk, kt\u00f3ry odda\u0142 ho\u0142d wszystkim by\u0142ym wi\u0119\u017aniarkom Ravensbr\u00fcck \u201e\u2013 pragniemy dzisiaj tym koncertem wyrazi\u0107 im wdzi\u0119czno\u015b\u0107. Ho\u0142d tym, kt\u00f3re zosta\u0142y przez niemieckich zbrodniarzy zamordowane. Ho\u0142d tym, kt\u00f3re zosta\u0142y poddane pseudomedycznym eksperymentom. Ho\u0142d tym, kt\u00f3re przetrwa\u0142y, a jedna z nich jest w\u015br\u00f3d nas. Chylimy przed pani\u0105 nisko czo\u0142a, dzi\u0119kuj\u0105c za to, \u017ce nigdy nie odarto was z wiary w Boga i w drugiego cz\u0142owieka, (\u2026) cho\u0107 pr\u00f3bowano to na wszelkie sposoby uczyni\u0107 i \u017ce \u015bwiadczycie o tym, \u017ce dobro zawsze zwyci\u0119\u017cy, bo si\u0142\u0105 mi\u0142o\u015bci jest w\u0142a\u015bnie dobro.\u201d : <a href=\"http:\/\/www.kombatanci.gov.pl\/pl\/aktualno\u015bci\/1208-si\u0142a-mi\u0142o\u015bci.html\" target=\"_blank\" rel=\"noopener\">http:\/\/www.kombatanci.gov.pl\/pl\/aktualno\u015bci\/1208-si\u0142a-mi\u0142o\u015bci.html<\/a><br \/>\nRelacje z obu koncert\u00f3w, recenzje, galeria zdj\u0119\u0107 i fragmenty utwor\u00f3w z obu koncert\u00f3w na stronach:<br \/>\n<a href=\"http:\/\/www.prawybrzeg.org\/aktualnosci\/vii-koncert-pamieci-ofiar-obozu-w-ravensbruck-sila-milosci-2018-fotorelacja\/\" target=\"_blank\" rel=\"noopener\">http:\/\/www.prawybrzeg.org\/aktualnosci\/vii-koncert-pamieci-ofiar-obozu-w-ravensbruck-sila-milosci-2018-fotorelacja\/<\/a><br \/>\n<a href=\"http:\/\/dzieje.pl\/kultura-i-sztuka\/koncert-poezji-wiezniarek-obozu-ravensbrueck-w-poniedzialek-w-warszawie\" target=\"_blank\" rel=\"noopener\">http:\/\/dzieje.pl\/kultura-i-sztuka\/koncert-poezji-wiezniarek-obozu-ravensbrueck-w-poniedzialek-w-warszawie<\/a><br \/>\n<a href=\"http:\/\/krakow.gosc.pl\/gal\/spis\/4665549.Koncert-Sila-milosci-2018\" target=\"_blank\" rel=\"noopener\">http:\/\/krakow.gosc.pl\/gal\/spis\/4665549.Koncert-Sila-milosci-2018<\/a><\/p>\n","protected":false},"excerpt":{"rendered":"<p>Koncerty \u201eSi\u0142a Mi\u0142o\u015bci\u201d w 2018 roku Koncerty pt. Si\u0142a Mi\u0142o\u015bci\u201d organizowane s\u0105 przez Stowarzyszenie Prawy Brzeg przy wsp\u00f3\u0142udziale Stowarzyszenia \u201eRodzina Wi\u0119\u017aniarek Niemieckiego Obozu Koncentracyjnego Ravensbr\u00fcck\u201d, odbywaj\u0105 si\u0119 od 7 lat w kwietniu w rocznic\u0119 wyzwolenia niemieckiego obozu koncentracyjnego Ravensbr\u00fcck. Re\u017cyserem i prowadz\u0105cym jest krakowski aktor Andrzej R\u00f3g, kierownikiem muzycznym Stefan B\u0142aszczy\u0144ski.<\/p>\n","protected":false},"author":1,"featured_media":1122,"comment_status":"closed","ping_status":"open","sticky":false,"template":"","format":"standard","meta":{"ngg_post_thumbnail":0,"footnotes":""},"categories":[4],"tags":[],"class_list":["post-1121","post","type-post","status-publish","format-standard","has-post-thumbnail","hentry","category-aktualnosci"],"_links":{"self":[{"href":"https:\/\/www.rodzinaravensbruck.pl\/index.php\/wp-json\/wp\/v2\/posts\/1121","targetHints":{"allow":["GET"]}}],"collection":[{"href":"https:\/\/www.rodzinaravensbruck.pl\/index.php\/wp-json\/wp\/v2\/posts"}],"about":[{"href":"https:\/\/www.rodzinaravensbruck.pl\/index.php\/wp-json\/wp\/v2\/types\/post"}],"author":[{"embeddable":true,"href":"https:\/\/www.rodzinaravensbruck.pl\/index.php\/wp-json\/wp\/v2\/users\/1"}],"replies":[{"embeddable":true,"href":"https:\/\/www.rodzinaravensbruck.pl\/index.php\/wp-json\/wp\/v2\/comments?post=1121"}],"version-history":[{"count":1,"href":"https:\/\/www.rodzinaravensbruck.pl\/index.php\/wp-json\/wp\/v2\/posts\/1121\/revisions"}],"predecessor-version":[{"id":1123,"href":"https:\/\/www.rodzinaravensbruck.pl\/index.php\/wp-json\/wp\/v2\/posts\/1121\/revisions\/1123"}],"wp:featuredmedia":[{"embeddable":true,"href":"https:\/\/www.rodzinaravensbruck.pl\/index.php\/wp-json\/wp\/v2\/media\/1122"}],"wp:attachment":[{"href":"https:\/\/www.rodzinaravensbruck.pl\/index.php\/wp-json\/wp\/v2\/media?parent=1121"}],"wp:term":[{"taxonomy":"category","embeddable":true,"href":"https:\/\/www.rodzinaravensbruck.pl\/index.php\/wp-json\/wp\/v2\/categories?post=1121"},{"taxonomy":"post_tag","embeddable":true,"href":"https:\/\/www.rodzinaravensbruck.pl\/index.php\/wp-json\/wp\/v2\/tags?post=1121"}],"curies":[{"name":"wp","href":"https:\/\/api.w.org\/{rel}","templated":true}]}}