{"id":1147,"date":"2018-05-18T09:26:35","date_gmt":"2018-05-18T07:26:35","guid":{"rendered":"http:\/\/www.rodzinaravensbruck.pl\/?p=1147"},"modified":"2018-05-18T09:50:35","modified_gmt":"2018-05-18T07:50:35","slug":"kolokwium-w-10-rocznice-smierci-germaine-tillion","status":"publish","type":"post","link":"https:\/\/www.rodzinaravensbruck.pl\/index.php\/2018\/05\/18\/kolokwium-w-10-rocznice-smierci-germaine-tillion\/","title":{"rendered":"Kolokwium w 10 rocznic\u0119 \u015bmierci Germaine Tillion"},"content":{"rendered":"<p>Kolokwium w 10 rocznic\u0119 \u015bmierci Germaine Tillion (1907-2008), wi\u0119\u017aniarki KL Ravensbr\u00fcck \u2013 7 czerwca 2018 r. Facult\u00e9 des Lettres &#8211; Sorbonne Universit\u00e9 &#8211; Amphith\u00e9\u00e2tre Richelieu.<!--more--><br \/>\nGermaine Tillion 21 pa\u017adziernika 1943 r. zosta\u0142a wywieziona z matk\u0105 \u00c9milie Tillion do niemieckiego obozu koncentracyjnego Ravensbr\u00fcck gdzie by\u0142a wi\u0119ziona do wiosny 1945 r. Matka zosta\u0142a zabita w marcu 1945 r. Germaine opu\u015bci\u0142a ob\u00f3z wywieziona przez Szwedzki Czerwony Krzy\u017c.<br \/>\nWi\u0119cej informacji na plakatach:<br \/>\nGermaine Tillion (1907-2008) on 21October 1943 was sent to the German concentration camp of Ravensbr\u00fcck with her mother, \u00c9milie Tillion, also a resistante. Her mother was killed in the camp in March 1945. Tillion escaped Ravensbr\u00fcck in the spring of that year with a rescue operation of the Swedish Red Cross.<br \/>\nFor more information:<\/p>\n<p><a href=\"https:\/\/www.rodzinaravensbruck.pl\/wp-content\/uploads\/2018\/05\/Recto-invitation-officielle-coll-18.png\" target=\"_blank\" rel=\"noopener\"><img loading=\"lazy\" decoding=\"async\" class=\"aligncenter wp-image-1162 size-medium\" src=\"https:\/\/www.rodzinaravensbruck.pl\/wp-content\/uploads\/2018\/05\/Recto-invitation-officielle-coll-18-300x212.png\" alt=\"\" width=\"300\" height=\"212\" srcset=\"https:\/\/www.rodzinaravensbruck.pl\/wp-content\/uploads\/2018\/05\/Recto-invitation-officielle-coll-18-300x212.png 300w, https:\/\/www.rodzinaravensbruck.pl\/wp-content\/uploads\/2018\/05\/Recto-invitation-officielle-coll-18-768x543.png 768w, https:\/\/www.rodzinaravensbruck.pl\/wp-content\/uploads\/2018\/05\/Recto-invitation-officielle-coll-18-1024x725.png 1024w\" sizes=\"auto, (max-width: 300px) 100vw, 300px\" \/><\/a><a href=\"https:\/\/www.rodzinaravensbruck.pl\/wp-content\/uploads\/2018\/05\/Verso_Invitation-colloque-A5-bis.png\" target=\"_blank\" rel=\"noopener\"><img loading=\"lazy\" decoding=\"async\" class=\"aligncenter wp-image-1163 size-medium\" src=\"https:\/\/www.rodzinaravensbruck.pl\/wp-content\/uploads\/2018\/05\/Verso_Invitation-colloque-A5-bis-209x300.png\" alt=\"\" width=\"209\" height=\"300\" srcset=\"https:\/\/www.rodzinaravensbruck.pl\/wp-content\/uploads\/2018\/05\/Verso_Invitation-colloque-A5-bis-209x300.png 209w, https:\/\/www.rodzinaravensbruck.pl\/wp-content\/uploads\/2018\/05\/Verso_Invitation-colloque-A5-bis-768x1104.png 768w, https:\/\/www.rodzinaravensbruck.pl\/wp-content\/uploads\/2018\/05\/Verso_Invitation-colloque-A5-bis-712x1024.png 712w, https:\/\/www.rodzinaravensbruck.pl\/wp-content\/uploads\/2018\/05\/Verso_Invitation-colloque-A5-bis.png 1628w\" sizes=\"auto, (max-width: 209px) 100vw, 209px\" \/><\/a><\/p>\n<p>&nbsp;<\/p>\n","protected":false},"excerpt":{"rendered":"<p>Kolokwium w 10 rocznic\u0119 \u015bmierci Germaine Tillion (1907-2008), wi\u0119\u017aniarki KL Ravensbr\u00fcck \u2013 7 czerwca 2018 r. Facult\u00e9 des Lettres &#8211; Sorbonne Universit\u00e9 &#8211; Amphith\u00e9\u00e2tre Richelieu.<\/p>\n","protected":false},"author":1,"featured_media":0,"comment_status":"closed","ping_status":"open","sticky":false,"template":"","format":"standard","meta":{"ngg_post_thumbnail":0,"footnotes":""},"categories":[4],"tags":[],"class_list":["post-1147","post","type-post","status-publish","format-standard","hentry","category-aktualnosci"],"_links":{"self":[{"href":"https:\/\/www.rodzinaravensbruck.pl\/index.php\/wp-json\/wp\/v2\/posts\/1147","targetHints":{"allow":["GET"]}}],"collection":[{"href":"https:\/\/www.rodzinaravensbruck.pl\/index.php\/wp-json\/wp\/v2\/posts"}],"about":[{"href":"https:\/\/www.rodzinaravensbruck.pl\/index.php\/wp-json\/wp\/v2\/types\/post"}],"author":[{"embeddable":true,"href":"https:\/\/www.rodzinaravensbruck.pl\/index.php\/wp-json\/wp\/v2\/users\/1"}],"replies":[{"embeddable":true,"href":"https:\/\/www.rodzinaravensbruck.pl\/index.php\/wp-json\/wp\/v2\/comments?post=1147"}],"version-history":[{"count":8,"href":"https:\/\/www.rodzinaravensbruck.pl\/index.php\/wp-json\/wp\/v2\/posts\/1147\/revisions"}],"predecessor-version":[{"id":1166,"href":"https:\/\/www.rodzinaravensbruck.pl\/index.php\/wp-json\/wp\/v2\/posts\/1147\/revisions\/1166"}],"wp:attachment":[{"href":"https:\/\/www.rodzinaravensbruck.pl\/index.php\/wp-json\/wp\/v2\/media?parent=1147"}],"wp:term":[{"taxonomy":"category","embeddable":true,"href":"https:\/\/www.rodzinaravensbruck.pl\/index.php\/wp-json\/wp\/v2\/categories?post=1147"},{"taxonomy":"post_tag","embeddable":true,"href":"https:\/\/www.rodzinaravensbruck.pl\/index.php\/wp-json\/wp\/v2\/tags?post=1147"}],"curies":[{"name":"wp","href":"https:\/\/api.w.org\/{rel}","templated":true}]}}