{"id":1170,"date":"2018-06-01T22:11:02","date_gmt":"2018-06-01T20:11:02","guid":{"rendered":"http:\/\/www.rodzinaravensbruck.pl\/?p=1170"},"modified":"2018-06-01T22:13:35","modified_gmt":"2018-06-01T20:13:35","slug":"1170","status":"publish","type":"post","link":"https:\/\/www.rodzinaravensbruck.pl\/index.php\/2018\/06\/01\/1170\/","title":{"rendered":"Wystawa \u201cDzielne Kobiety z Neubrandenburga\u201d"},"content":{"rendered":"<p>Zapraszamy<br \/>\nna wernisa\u017c wystawy \u201cDzielne Kobiety z Neubrandenburga\u201d, kt\u00f3ry odb\u0119dzie si\u0119 6 czerwca o godz. 14:00 w Muzeum Wi\u0119zienia Pawiak w Warszawie, ulica Dzielna 24\/26. <!--more-->W czasie wernisa\u017cu b\u0119dzie mo\u017cna spotka\u0107 autora wystawy Arkadiusza Szlachetk\u0119, prawnuka Marii Ratajczak, wi\u0119\u017aniarki KL Ravensbr\u00fcck i Neubrandenburga, kt\u00f3ry opowie niezwyk\u0142\u0105 histori\u0119 odkrycia mogi\u0142y prababci. W bezimiennej do niedawna, zbiorowej mogile zosta\u0142y pochowane 43 polskie wi\u0119\u017aniarki, kt\u00f3rych nazwiska s\u0105 ju\u017c dzisiaj znane. Nigdy nie nale\u017cy ustawa\u0107 w poszukiwaniach. Nie nale\u017cy traci\u0107 nadziei na odnalezienie \u015blad\u00f3w swoich bliskich. Prawnuk szuka\u0142 \u015blad\u00f3w prababci dla swojej babci, Haliny Wo\u017cgin, c\u00f3rki Marii Ratajczak.<br \/>\nZaproszenie na wernisa\u017c za\u0142\u0105czone.<\/p>\n<p><a href=\"https:\/\/www.rodzinaravensbruck.pl\/wp-content\/uploads\/2018\/06\/Neubrandenburg1-kopia.jpg\" target=\"_blank\" rel=\"attachment noopener wp-att-1171\"><img loading=\"lazy\" decoding=\"async\" class=\"aligncenter wp-image-1171 size-large\" src=\"https:\/\/www.rodzinaravensbruck.pl\/wp-content\/uploads\/2018\/06\/Neubrandenburg1-kopia-1024x730.jpg\" alt=\"\" width=\"525\" height=\"374\" srcset=\"https:\/\/www.rodzinaravensbruck.pl\/wp-content\/uploads\/2018\/06\/Neubrandenburg1-kopia-1024x730.jpg 1024w, https:\/\/www.rodzinaravensbruck.pl\/wp-content\/uploads\/2018\/06\/Neubrandenburg1-kopia-300x214.jpg 300w, https:\/\/www.rodzinaravensbruck.pl\/wp-content\/uploads\/2018\/06\/Neubrandenburg1-kopia-768x547.jpg 768w\" sizes=\"auto, (max-width: 525px) 100vw, 525px\" \/><\/a> <a href=\"https:\/\/www.rodzinaravensbruck.pl\/wp-content\/uploads\/2018\/06\/Neubrandenburg2-kopia.jpg\" target=\"_blank\" rel=\"noopener\"><img loading=\"lazy\" decoding=\"async\" class=\"aligncenter wp-image-1172 size-large\" src=\"https:\/\/www.rodzinaravensbruck.pl\/wp-content\/uploads\/2018\/06\/Neubrandenburg2-kopia-1024x730.jpg\" alt=\"\" width=\"525\" height=\"374\" srcset=\"https:\/\/www.rodzinaravensbruck.pl\/wp-content\/uploads\/2018\/06\/Neubrandenburg2-kopia-1024x730.jpg 1024w, https:\/\/www.rodzinaravensbruck.pl\/wp-content\/uploads\/2018\/06\/Neubrandenburg2-kopia-300x214.jpg 300w, https:\/\/www.rodzinaravensbruck.pl\/wp-content\/uploads\/2018\/06\/Neubrandenburg2-kopia-768x547.jpg 768w\" sizes=\"auto, (max-width: 525px) 100vw, 525px\" \/><\/a><\/p>\n","protected":false},"excerpt":{"rendered":"<p>Zapraszamy na wernisa\u017c wystawy \u201cDzielne Kobiety z Neubrandenburga\u201d, kt\u00f3ry odb\u0119dzie si\u0119 6 czerwca o godz. 14:00 w Muzeum Wi\u0119zienia Pawiak w Warszawie, ulica Dzielna 24\/26.<\/p>\n","protected":false},"author":1,"featured_media":0,"comment_status":"closed","ping_status":"open","sticky":false,"template":"","format":"standard","meta":{"ngg_post_thumbnail":0,"footnotes":""},"categories":[4],"tags":[],"class_list":["post-1170","post","type-post","status-publish","format-standard","hentry","category-aktualnosci"],"_links":{"self":[{"href":"https:\/\/www.rodzinaravensbruck.pl\/index.php\/wp-json\/wp\/v2\/posts\/1170","targetHints":{"allow":["GET"]}}],"collection":[{"href":"https:\/\/www.rodzinaravensbruck.pl\/index.php\/wp-json\/wp\/v2\/posts"}],"about":[{"href":"https:\/\/www.rodzinaravensbruck.pl\/index.php\/wp-json\/wp\/v2\/types\/post"}],"author":[{"embeddable":true,"href":"https:\/\/www.rodzinaravensbruck.pl\/index.php\/wp-json\/wp\/v2\/users\/1"}],"replies":[{"embeddable":true,"href":"https:\/\/www.rodzinaravensbruck.pl\/index.php\/wp-json\/wp\/v2\/comments?post=1170"}],"version-history":[{"count":3,"href":"https:\/\/www.rodzinaravensbruck.pl\/index.php\/wp-json\/wp\/v2\/posts\/1170\/revisions"}],"predecessor-version":[{"id":1175,"href":"https:\/\/www.rodzinaravensbruck.pl\/index.php\/wp-json\/wp\/v2\/posts\/1170\/revisions\/1175"}],"wp:attachment":[{"href":"https:\/\/www.rodzinaravensbruck.pl\/index.php\/wp-json\/wp\/v2\/media?parent=1170"}],"wp:term":[{"taxonomy":"category","embeddable":true,"href":"https:\/\/www.rodzinaravensbruck.pl\/index.php\/wp-json\/wp\/v2\/categories?post=1170"},{"taxonomy":"post_tag","embeddable":true,"href":"https:\/\/www.rodzinaravensbruck.pl\/index.php\/wp-json\/wp\/v2\/tags?post=1170"}],"curies":[{"name":"wp","href":"https:\/\/api.w.org\/{rel}","templated":true}]}}