{"id":1197,"date":"2018-06-29T08:48:25","date_gmt":"2018-06-29T06:48:25","guid":{"rendered":"http:\/\/www.rodzinaravensbruck.pl\/?p=1197"},"modified":"2025-01-27T17:49:48","modified_gmt":"2025-01-27T16:49:48","slug":"proces-benario","status":"publish","type":"post","link":"https:\/\/www.rodzinaravensbruck.pl\/index.php\/2018\/06\/29\/proces-benario\/","title":{"rendered":"\u201eProces Benario&#8221;"},"content":{"rendered":"<p>Czytanie z akt Gestapo z lat 1936-1942<br>Czas: sobota, 7 lipca 2018, 18-19<br>lokalizacja: na brzegu Schwedtsee, Pomnik Ravensbr\u00fcck<!--more--><br>Karta zaproszenia z dodatkowymi informacjami znajduje si\u0119 w za\u0142\u0105czniku:.<br><br><\/p>\n\n\n\n\n<div data-wp-interactive=\"core\/file\" class=\"wp-block-file\"><object data-wp-bind--hidden=\"!state.hasPdfPreview\" hidden class=\"wp-block-file__embed\" data=\"https:\/\/www.rodzinaravensbruck.pl\/wp-content\/uploads\/2018\/06\/Proces-Benario.pdf\" type=\"application\/pdf\" style=\"width:100%;height:600px\" aria-label=\"Osadzone z Proces Benario.\"><\/object><a id=\"wp-block-file--media-d9c10636-c52b-4e99-9c8f-115fb4fe12f2\" href=\"https:\/\/www.rodzinaravensbruck.pl\/wp-content\/uploads\/2018\/06\/Proces-Benario.pdf\">Proces Benario<\/a><a href=\"https:\/\/www.rodzinaravensbruck.pl\/wp-content\/uploads\/2018\/06\/Proces-Benario.pdf\" class=\"wp-block-file__button wp-element-button\" download aria-describedby=\"wp-block-file--media-d9c10636-c52b-4e99-9c8f-115fb4fe12f2\">Pobierz<\/a><\/div>\n","protected":false},"excerpt":{"rendered":"<p>Czytanie z akt Gestapo z lat 1936-1942Czas: sobota, 7 lipca 2018, 18-19lokalizacja: na brzegu Schwedtsee, Pomnik Ravensbr\u00fcck<\/p>\n","protected":false},"author":1,"featured_media":1198,"comment_status":"closed","ping_status":"open","sticky":false,"template":"","format":"standard","meta":{"ngg_post_thumbnail":0,"footnotes":""},"categories":[27],"tags":[],"class_list":["post-1197","post","type-post","status-publish","format-standard","has-post-thumbnail","hentry","category-wydarzenia"],"_links":{"self":[{"href":"https:\/\/www.rodzinaravensbruck.pl\/index.php\/wp-json\/wp\/v2\/posts\/1197","targetHints":{"allow":["GET"]}}],"collection":[{"href":"https:\/\/www.rodzinaravensbruck.pl\/index.php\/wp-json\/wp\/v2\/posts"}],"about":[{"href":"https:\/\/www.rodzinaravensbruck.pl\/index.php\/wp-json\/wp\/v2\/types\/post"}],"author":[{"embeddable":true,"href":"https:\/\/www.rodzinaravensbruck.pl\/index.php\/wp-json\/wp\/v2\/users\/1"}],"replies":[{"embeddable":true,"href":"https:\/\/www.rodzinaravensbruck.pl\/index.php\/wp-json\/wp\/v2\/comments?post=1197"}],"version-history":[{"count":2,"href":"https:\/\/www.rodzinaravensbruck.pl\/index.php\/wp-json\/wp\/v2\/posts\/1197\/revisions"}],"predecessor-version":[{"id":4594,"href":"https:\/\/www.rodzinaravensbruck.pl\/index.php\/wp-json\/wp\/v2\/posts\/1197\/revisions\/4594"}],"wp:featuredmedia":[{"embeddable":true,"href":"https:\/\/www.rodzinaravensbruck.pl\/index.php\/wp-json\/wp\/v2\/media\/1198"}],"wp:attachment":[{"href":"https:\/\/www.rodzinaravensbruck.pl\/index.php\/wp-json\/wp\/v2\/media?parent=1197"}],"wp:term":[{"taxonomy":"category","embeddable":true,"href":"https:\/\/www.rodzinaravensbruck.pl\/index.php\/wp-json\/wp\/v2\/categories?post=1197"},{"taxonomy":"post_tag","embeddable":true,"href":"https:\/\/www.rodzinaravensbruck.pl\/index.php\/wp-json\/wp\/v2\/tags?post=1197"}],"curies":[{"name":"wp","href":"https:\/\/api.w.org\/{rel}","templated":true}]}}