{"id":1416,"date":"2018-11-14T12:46:18","date_gmt":"2018-11-14T11:46:18","guid":{"rendered":"http:\/\/www.rodzinaravensbruck.pl\/?p=1416"},"modified":"2018-11-14T12:47:24","modified_gmt":"2018-11-14T11:47:24","slug":"rabunek-i-germanizacja-dzieci-w-czasie-ii-wojny-swiatowej","status":"publish","type":"post","link":"https:\/\/www.rodzinaravensbruck.pl\/index.php\/2018\/11\/14\/rabunek-i-germanizacja-dzieci-w-czasie-ii-wojny-swiatowej\/","title":{"rendered":"Rabunek i germanizacja dzieci w czasie II wojny \u015bwiatowej"},"content":{"rendered":"<p>Zaproszenie do udzia\u0142u w mi\u0119dzynarodowej konferencji z udzia\u0142em ofiar germanizacji, historyk\u00f3w, badaczy, archiwist\u00f3w, dziennikarzy i popularyzator\u00f3w historii.<!--more--><\/p>\n<p><strong>Tytu\u0142 konferencji: \u201eRabunek i germanizacja dzieci w czasie II wojny \u015bwiatowej\u201d<\/strong><\/p>\n<p><strong>\u00a0Organizatorzy: <\/strong><a href=\"https:\/\/www.facebook.com\/IPNKrakow\/\">Instytut Pami\u0119ci Narodowej w Krakowie<\/a> i <a href=\"https:\/\/www.facebook.com\/Centrum-Dokumentacji-Zsy\u0142ek-Wyp\u0119dze\u0144-i-Przesiedle\u0144-UP-w-Krakowie-189013317843094\/\">Centrum Dokumentacji Zsy\u0142ek, Wyp\u0119dze\u0144 i Przesiedle\u0144 Uniwersytet Pedagogiczny im. Komisji Edukacji Narodowej w\u00a0 Krakowie<\/a><\/p>\n<p><strong>Termin:<\/strong> 21-22 listopada 2018 r.<\/p>\n<p>21 listopada \u2013 godz. 9.30 rozpocz\u0119cie konferencji<\/p>\n<p><strong>Miejsce:<\/strong> Audytorium im. W. Danka Uniwersytetu Pedagogicznego przy ul. Podchor\u0105\u017cych 2 w Krakowie<\/p>\n<p>Konferencja jest otwarta, nie jest wymagana wcze\u015bniejsza rezerwacja.<\/p>\n<p>Program konferencji: http:\/\/www.zsylkiwypedzenia.up.krakow.pl\/galeria\/107\/konferencja-rabunek-i-germanizacja-polskich-dzieci-w-czasie-ii-wojny-swiatowej-21-22-xi-2018-r<\/p>\n<p>Zapraszaj\u0105 organizatorzy konferencji.<\/p>\n<p>W imieniu Komitetu Naukowo &#8211; Organizacyjnego,<br \/>\nAlicja \u015amigielska<br \/>\nsekretarz Konferencji<br \/>\ntel. 512 243 463<br \/>\n<a href=\"https:\/\/www.rodzinaravensbruck.pl\/index.php\/2018\/11\/14\/rabunek-i-germanizacja-dzieci-w-czasie-ii-wojny-swiatowej\/logo-uniwersytetu-pedagogicznego-1\/\" rel=\"attachment wp-att-1418\"><img loading=\"lazy\" decoding=\"async\" class=\"alignleft wp-image-1418 size-thumbnail\" src=\"https:\/\/www.rodzinaravensbruck.pl\/wp-content\/uploads\/2018\/11\/Logo-Uniwersytetu-Pedagogicznego-1-150x150.png\" alt=\"\" width=\"150\" height=\"150\" srcset=\"https:\/\/www.rodzinaravensbruck.pl\/wp-content\/uploads\/2018\/11\/Logo-Uniwersytetu-Pedagogicznego-1-150x150.png 150w, https:\/\/www.rodzinaravensbruck.pl\/wp-content\/uploads\/2018\/11\/Logo-Uniwersytetu-Pedagogicznego-1-300x300.png 300w, https:\/\/www.rodzinaravensbruck.pl\/wp-content\/uploads\/2018\/11\/Logo-Uniwersytetu-Pedagogicznego-1-768x771.png 768w, https:\/\/www.rodzinaravensbruck.pl\/wp-content\/uploads\/2018\/11\/Logo-Uniwersytetu-Pedagogicznego-1-1020x1024.png 1020w, https:\/\/www.rodzinaravensbruck.pl\/wp-content\/uploads\/2018\/11\/Logo-Uniwersytetu-Pedagogicznego-1-100x100.png 100w, https:\/\/www.rodzinaravensbruck.pl\/wp-content\/uploads\/2018\/11\/Logo-Uniwersytetu-Pedagogicznego-1.png 1948w\" sizes=\"auto, (max-width: 150px) 100vw, 150px\" \/><\/a> <a href=\"https:\/\/www.rodzinaravensbruck.pl\/index.php\/2018\/11\/14\/rabunek-i-germanizacja-dzieci-w-czasie-ii-wojny-swiatowej\/wypedzeni\/\" rel=\"attachment wp-att-1419\"><img loading=\"lazy\" decoding=\"async\" class=\"alignright wp-image-1419\" src=\"https:\/\/www.rodzinaravensbruck.pl\/wp-content\/uploads\/2018\/11\/Wyp\u0119dzeni.png\" alt=\"\" width=\"337\" height=\"150\" \/><\/a><\/p>\n","protected":false},"excerpt":{"rendered":"<p>Zaproszenie do udzia\u0142u w mi\u0119dzynarodowej konferencji z udzia\u0142em ofiar germanizacji, historyk\u00f3w, badaczy, archiwist\u00f3w, dziennikarzy i popularyzator\u00f3w historii.<\/p>\n","protected":false},"author":1,"featured_media":1417,"comment_status":"closed","ping_status":"open","sticky":false,"template":"","format":"standard","meta":{"ngg_post_thumbnail":0,"footnotes":""},"categories":[4],"tags":[],"class_list":["post-1416","post","type-post","status-publish","format-standard","has-post-thumbnail","hentry","category-aktualnosci"],"_links":{"self":[{"href":"https:\/\/www.rodzinaravensbruck.pl\/index.php\/wp-json\/wp\/v2\/posts\/1416","targetHints":{"allow":["GET"]}}],"collection":[{"href":"https:\/\/www.rodzinaravensbruck.pl\/index.php\/wp-json\/wp\/v2\/posts"}],"about":[{"href":"https:\/\/www.rodzinaravensbruck.pl\/index.php\/wp-json\/wp\/v2\/types\/post"}],"author":[{"embeddable":true,"href":"https:\/\/www.rodzinaravensbruck.pl\/index.php\/wp-json\/wp\/v2\/users\/1"}],"replies":[{"embeddable":true,"href":"https:\/\/www.rodzinaravensbruck.pl\/index.php\/wp-json\/wp\/v2\/comments?post=1416"}],"version-history":[{"count":4,"href":"https:\/\/www.rodzinaravensbruck.pl\/index.php\/wp-json\/wp\/v2\/posts\/1416\/revisions"}],"predecessor-version":[{"id":1423,"href":"https:\/\/www.rodzinaravensbruck.pl\/index.php\/wp-json\/wp\/v2\/posts\/1416\/revisions\/1423"}],"wp:featuredmedia":[{"embeddable":true,"href":"https:\/\/www.rodzinaravensbruck.pl\/index.php\/wp-json\/wp\/v2\/media\/1417"}],"wp:attachment":[{"href":"https:\/\/www.rodzinaravensbruck.pl\/index.php\/wp-json\/wp\/v2\/media?parent=1416"}],"wp:term":[{"taxonomy":"category","embeddable":true,"href":"https:\/\/www.rodzinaravensbruck.pl\/index.php\/wp-json\/wp\/v2\/categories?post=1416"},{"taxonomy":"post_tag","embeddable":true,"href":"https:\/\/www.rodzinaravensbruck.pl\/index.php\/wp-json\/wp\/v2\/tags?post=1416"}],"curies":[{"name":"wp","href":"https:\/\/api.w.org\/{rel}","templated":true}]}}