{"id":1432,"date":"2018-11-26T23:31:20","date_gmt":"2018-11-26T22:31:20","guid":{"rendered":"http:\/\/www.rodzinaravensbruck.pl\/?p=1432"},"modified":"2018-11-26T23:33:40","modified_gmt":"2018-11-26T22:33:40","slug":"historia-ukryta-w-ksiazce-pan-roman-heil-o-pamiatce-po-tacie-edwardzie","status":"publish","type":"post","link":"https:\/\/www.rodzinaravensbruck.pl\/index.php\/2018\/11\/26\/historia-ukryta-w-ksiazce-pan-roman-heil-o-pamiatce-po-tacie-edwardzie\/","title":{"rendered":"Historia ukryta w ksi\u0105\u017cce &#8211; Pan Roman Heil o pami\u0105tce po tacie Edwardzie"},"content":{"rendered":"<p>Jednym z go\u015bci kt\u00f3rzy zaszczycili szkolne uroczysto\u015bci z okazji 100-lecia odzyskania niepodleg\u0142o\u015bci by\u0142 Pan Roman Heil. Mia\u0142o to miejsce 21 listopada 2018 roku w Zespole Szk\u00f3\u0142 Og\u00f3lnokszta\u0142c\u0105cych Mistrzostwa Sportowego w Krakowie przy ulicy Grochowskiej. Po zako\u0144czeniu przedstawienia, podszed\u0142 do mnie z kartk\u0105 zalaminowanego papieru, m\u00f3wi\u0105c: \u201eprosz\u0119 to sfotografowa\u0107\u201d po chwili us\u0142ysza\u0142em niezwyk\u0142\u0105 histori\u0119. Ale to za chwil\u0119, najpierw przedstawi\u0119 w du\u017cym skr\u00f3cie posta\u0107 Pana Edwarda.<!--more-->Edward Heil pseudonim \u201eJerzy\u201d \u201eStok\u0142osa\u201d, ojciec Pana Romana to niezwyk\u0142a osoba, urodzony 22 lipca 1903 roku w Stryju od najm\u0142odszych lat zwi\u0105zany z Przemy\u015blem i Lwowem ju\u017c w 1918 roku walczy\u0142 w obronie tych miast w formacji \u201eOrl\u0105t Lwowskich\u201d\u00a0 w czasie wojny polsko-ukrai\u0144skiej. By\u0142 p\u00f3\u017aniej skautem, \u017ceglarzem, za\u0142o\u017cycielem Klubu Sportowego \u201eCzuwaj\u201d, redaktorem pisma \u201eKu \u015awitom\u201d .<br \/>\nW czerwcu 1923 zda\u0142 matur\u0119 w I Pa\u0144stwowym Gimnazjum im. J. S\u0142owackiego w Przemy\u015blu i rozpocz\u0105\u0142 studia prawnicze na Uniwersytecie Jana Kazimierza we Lwowie.<br \/>\nW roku 1924 utworzy\u0142 zast\u0119p wodny, kt\u00f3ry dwa lata p\u00f3\u017aniej na \u0142odziach w\u0142asnej budowy wyruszy\u0142 na sw\u0105 pierwsz\u0105 wypraw\u0119 \u2013 ponad 500 km rzek\u0105 Bug od Sokala (miasto, dzi\u015b na Ukrainie, 20 km od granicy z Polsk\u0105) do uj\u015bcia Narwi (Zalew Zegrzy\u0144ski). W roku 1927 Heil przekszta\u0142ci\u0142 zast\u0119p wodny w VI \u017ceglarsk\u0105 dru\u017cyn\u0119 im. Jana z Kolna. Latem 1927, trzema \u0142odziami VI dru\u017cyna pop\u0142yn\u0119\u0142a Sanem i Wis\u0142\u0105 do Gda\u0144ska i na Hel, gdzie uczestniczy\u0142a w dwutygodniowym obozie morskim. Po powrocie pod kierownictwem Heila, kt\u00f3ry mia\u0142 praktyczne do\u015bwiadczenie ze stolarskiego warsztatu ojca, przemyscy skauci rozpocz\u0119li budow\u0119 \u0142odzi klepkowych. Latem 1928 wyprawili si\u0119 nimi rzek\u0105 Prut przez Rumuni\u0119 do Dunaju i Dunajem na Morze Czarne, do Konstancy.Od roku 1928 Edward Heil pracowa\u0142 w starostwie w Brze\u015bciu nad Bugiem. W 1929 r. uzyska\u0142 tytu\u0142 magistra prawa. W 1936 r. zosta\u0142 wicestarost\u0105 brzeskim, a 16 czerwca 1939 r. \u2013 starost\u0105.<br \/>\nPodczas II wojny \u015bwiatowej mieszka\u0142 na Woli Duchackiej, gdzie dzier\u017cawi\u0142 cz\u0119\u015b\u0107 grunt\u00f3w dworskich pod ogrodnictwo. Aktywnie dzia\u0142a\u0142 w podziemiu \u2013 by\u0142 krakowskim komendantem Szarych Szereg\u00f3w i zast\u0119pc\u0105 szefa BiP-u (Biuro Informacji i Propagandy Armii Krajowej). Zosta\u0142 aresztowany 8 maja 1944 r. w \u201ekotle\u201d zorganizowanym przez gestapo w mieszkaniu przy ul. Grzeg\u00f3rzeckiej (r\u00f3g \u015bw. \u0141azarza) i 27 maja 1944 r. rozstrzelany w egzekucji przy rogu ul. Botanicznej i Lubicz. W miejscu tym znajduje si\u0119 tablica\u00a0przy ul. Lubicz.<\/p>\n<p>Pan Roman ojca zna\u0142 tylko z opowie\u015bci bliskich i wsp\u00f3\u0142pracownik\u00f3w Edwarda. Przez ca\u0142e \u017cycie zbiera wszelkie informacje dotycz\u0105ce taty.<br \/>\nKrak\u00f3w, w trakcie stanu wojennego og\u0142oszonego przez Jaruzelskiego, zadzwoni\u0142a do Pana Romana dr Janina Oszast pseudonim \u201eJasia\u201d, b\u0119d\u0105ca w okresie II wojny szefem \u00a0Referatu Techniczno-Organizacyjnego Oddzia\u0142u VI ( Biuro Informacji i Propagandy ) \u201eR\u201d Okr\u0119gu Krakowskiego S\u0142u\u017cby Zwyci\u0119stwu Polski (jej prze\u0142o\u017conym od 1941 roku, zast\u0119pc\u0105 szefa Oddzia\u0142u by\u0142 Edward Heil ), \u00a0informuj\u0105c, \u017ce chce przekaza\u0107 co\u015b z pami\u0105tek po ojcu. Po przybyciu, na um\u00f3wione miejsce, otrzyma\u0142 pras\u0119 \u201eN\u201d, w \u015br\u00f3d niej \u201eDer Klabautermann\u201d (zwan\u0105 te\u017c pras\u0105 \u201eenowsk\u0105\u201d. Nazwa ta pochodzi\u0142a od rozs\u0142awionej podczas wojny Akcji \u201eN\u201d-Niemcy) \u00a0Pani Janina wr\u0119czy\u0142a mu jeszcze egzemplarz niemieckiej ksi\u0105\u017cki \u201e Die Wermacht\u201d. Pan Roman nie zwraca\u0142 wi\u0119kszej uwagi na t\u0119 ci\u0119\u017ck\u0105 ksi\u0105\u017ck\u0119 , gdy\u017c zbli\u017ca\u0142a si\u0119 godzina milicyjna po kt\u00f3rej nie wolno by\u0142o przebywa\u0107 na ulicach,\u00a0 umawiaj\u0105c na nast\u0119pny dzie\u0144 po\u017cegna\u0142 si\u0119.<br \/>\nW po\u015bpiechu wsiad\u0142 do tramwaju linii \u201e4\u201d na przystanku przy ulicy Batorego. Nagle ksi\u0105\u017cka si\u0119 otwiera (by\u0142a dziwnie ci\u0119\u017cka) i na pod\u0142og\u0119 wypada pistolet, magazynek, rozsypuj\u0105 si\u0119 naboje \u2013 strach czy w pobli\u017cu nie znajduje si\u0119 jaki\u015b konfident, milicjant czy inny ormowiec. Pasa\u017cerowie uciekli do przodu i do ty\u0142u jak najdalej. W trakcie gdy pospiesznie zbiera\u0142 rozsypane rzeczy podesz\u0142a do niego starsza pani ze s\u0142owami <em>\u201eWie pan co, funkcjonariusze tak nie nosz\u0105, trzeba to dok\u0142adnie wyzbiera\u0107 \u201d<\/em>.<br \/>\nNa drugi dzie\u0144 poszed\u0142 z pretensjami do doktor Oszast, \u017ce go nie uprzedzi\u0142a, \u017ce mia\u0142by k\u0142opoty. A ona na to: <em>\u201ePanie Heil, daj\u0105c panu t\u0119 ksi\u0105\u017ck\u0119, powiedzia\u0142am, \u017ce tatu\u015b jej u\u017cywa\u0142. Czy m\u00f3wi\u0142am, \u017ce czyta\u0142 ?\u201d<\/em>.<br \/>\nMama Pana Romana gdy dosta\u0142a t\u0119 ksi\u0105\u017ck\u0119 z pistoletem powiedzia\u0142a kr\u00f3tko: <em>\u201eTak, to nasze\u201d<\/em> i w\u0142o\u017cy\u0142a w domow\u0105 biblioteczk\u0119. Opowiedzia\u0142a p\u00f3\u017aniej histori\u0119 tej ksi\u0105\u017cki i dlaczego ojciec wybra\u0142 ten model pistoletu \u2013 w\u0119gierski, s\u0142u\u017cbowy dla oficer\u00f3w niemieckich \u2013 ot\u00f3\u017c ma on\u00a0 z ty\u0142u na r\u0119koje\u015bci tak\u0105 spr\u0119\u017cyn\u0119, \u017ce nawet jak si\u0119 go ci\u0105gn\u0119\u0142o z kieszeni za spust, nie odda strza\u0142u, kt\u00f3ry m\u00f3g\u0142by trafi\u0107 w nogi.<br \/>\nTak oto jeste\u015bmy \u015bwiadkami pi\u0119knej historii wplecionej w dzieje Polski, gdzie tata Pana Romana, Edward Heil krakowski komendant Szarych Szereg\u00f3w i zast\u0119pca szefa Biuro Informacji i Propagandy Armii Krajowej, za nasz\u0105 dzisiejsz\u0105 niepodleg\u0142o\u015b\u0107 zap\u0142aci\u0142 cen\u0119 najwy\u017csz\u0105 \u2013 cen\u0119 \u017cycia.<\/p>\n<p style=\"text-align: right;\">Cze\u015b\u0107 i Chwa\u0142a Bohaterom !<br \/>\nDariusz Szmigielski<\/p>\n<p>&nbsp;<\/p>\n<div id=\"grid-gallery-28-58259\" data-gg-id=\"28\" data-title=\"Pistolet w ksi\u0105\u017cce\" data-grid-type=\"1\" data-offset=\"0\" data-area-position=\"center\" data-icons=\"\" data-preloader=\"true\" data-width=\"215\" data-height=\"\" data-padding=\"0\" data-quicksand=\"disabled\" data-quicksand-duration=\"1800\" data-popup-theme=\"theme_6\" data-popup-type=\"pretty-photo\" data-popup-image-text=\"data-caption\" data-popup-widthsize=\"auto\" data-popup-heightsize=\"auto\" data-popup-i18n-words=\"{&quot;close&quot;:&quot;close&quot;,&quot;next&quot;:&quot;next&quot;,&quot;previous&quot;:&quot;previous&quot;,&quot;start_slideshow&quot;:&quot;start slideshow&quot;,&quot;stop_slideshow&quot;:&quot;stop slideshow&quot;,&quot;image&quot;:&quot;image&quot;,&quot;of&quot;:&quot;of&quot;,&quot;prev&quot;:&quot;prev&quot;,&quot;cExpand&quot;:&quot;Expand&quot;,&quot;cPrevious&quot;:&quot;Previous&quot;,&quot;cNext&quot;:&quot;Next&quot;,&quot;cExpandStr&quot;:&quot;Expand the image&quot;,&quot;cRotate&quot;:&quot;Rotate&quot;,&quot;cDetails&quot;:&quot;Details&quot;}\" data-popup-slideshow=\"false\" data-popup-slideshow-speed=\"2500\" data-popup-hoverstop=\"true\" data-popup-slideshow-auto=\"false\" data-popup-background=\"\" data-popup-transparency=\"30\" data-popup-disable-history=\"\" data-popup-disable-changed-url=\"\" data-popup-border-type=\"\" data-popup-border-color=\"\" data-popup-border-width=\"\" data-popup-border-enable=\"\" data-fullscreen=\"false\" data-hide-tooltip=\"false\" data-caption-font-family=\"Default\" data-caption-text-size=\"140\" data-is-mobile=\"0\" data-caption-mobile=\"false\" data-hide-long-tltp-title=\"0\" data-caption-disabled-on-mobile=\"false\" data-popup-placement-type=\"0\" data-social-sharing=\"{&quot;enabled&quot;:&quot;&quot;,&quot;gallerySharing&quot;:{&quot;enabled&quot;:null,&quot;position&quot;:null},&quot;imageSharing&quot;:{&quot;enabled&quot;:null,&quot;wrapperClass&quot;:&quot; vertical &quot;},&quot;popupSharing&quot;:{&quot;enabled&quot;:null,&quot;wrapperClass&quot;:&quot; vertical &quot;}}\" class=\"grid-gallery grid-gallery-fluid-height \" style=\" width:100%; height:auto; margin-left:auto; margin-right:auto;position:relative;\"> <div class=\"gallery-loading\"> <div class=\"blocks\"> <div class=\"block\"><\/div> <div class=\"block\"><\/div> <div class=\"block\"><\/div> <div class=\"block\"><\/div> <\/div> <\/div> <div class=\"gallery-sharing-top\" style=\"display:none;\"> <\/div> <div id=\"photos-28\" class=\"grid-gallery-photos\"><FIGURE class=\"grid-gallery-caption\" data-grid-gallery-type=\"revolving-door-left\" data-index=\"0\" style=\"display:none;border-radius:00;; margin:0px; width:2150;\" ><div class=\"crop\" style=\"\"><img decoding=\"async\" src=\"http:\/\/www.rodzinaravensbruck.pl\/wp-content\/uploads\/2018\/11\/DSC0057-2-215x135.jpg\" class=\"ggImg\" alt=\"_DSC0057-2\" title=\"_DSC0057-2\" data-description=\"_DSC0057-2\" data-caption=\"_DSC0057-2\" data-title=\"_DSC0057-2\" style=\" width:215px;\" \/><\/div><FIGCAPTION class=\"\" data-alpha=\"5\" style=\"color:#ffffff; background-color:#0a076d; font-size:140; text-align:left; font-family:Default;\" ><div class=\"grid-gallery-figcaption-wrap\" style=\"\"><\/div><\/FIGCAPTION><\/FIGURE><FIGURE class=\"grid-gallery-caption\" data-grid-gallery-type=\"revolving-door-left\" data-index=\"1\" style=\"display:none;border-radius:00;; margin:0px; width:2150;\" ><div class=\"crop\" style=\"\"><img decoding=\"async\" src=\"http:\/\/www.rodzinaravensbruck.pl\/wp-content\/uploads\/2018\/11\/DSC0037-215x143.jpg\" class=\"ggImg\" alt=\"_DSC0037\" title=\"_DSC0037\" data-description=\"_DSC0037\" data-caption=\"_DSC0037\" data-title=\"_DSC0037\" style=\" width:215px;\" \/><\/div><FIGCAPTION class=\"\" data-alpha=\"5\" style=\"color:#ffffff; background-color:#0a076d; font-size:140; text-align:left; font-family:Default;\" ><div class=\"grid-gallery-figcaption-wrap\" style=\"\"><\/div><\/FIGCAPTION><\/FIGURE><FIGURE class=\"grid-gallery-caption\" data-grid-gallery-type=\"revolving-door-left\" data-index=\"2\" style=\"display:none;border-radius:00;; margin:0px; width:2150;\" ><div class=\"crop\" style=\"\"><img decoding=\"async\" src=\"http:\/\/www.rodzinaravensbruck.pl\/wp-content\/uploads\/2018\/11\/panorama-2-215x47.jpg\" class=\"ggImg\" alt=\"panorama-2\" title=\"panorama-2\" data-description=\"panorama-2\" data-caption=\"panorama-2\" data-title=\"panorama-2\" style=\" width:215px;\" \/><\/div><FIGCAPTION class=\"\" data-alpha=\"5\" style=\"color:#ffffff; background-color:#0a076d; font-size:140; text-align:left; font-family:Default;\" ><div class=\"grid-gallery-figcaption-wrap\" style=\"\"><\/div><\/FIGCAPTION><\/FIGURE><FIGURE class=\"grid-gallery-caption\" data-grid-gallery-type=\"revolving-door-left\" data-index=\"3\" style=\"display:none;border-radius:00;; margin:0px; width:2150;\" ><div class=\"crop\" style=\"\"><img decoding=\"async\" src=\"http:\/\/www.rodzinaravensbruck.pl\/wp-content\/uploads\/2018\/11\/DSC0053-215x143.jpg\" class=\"ggImg\" alt=\"Roman Heil - pierwszy po prawej stronie\" title=\"_DSC0053\" data-description=\"_DSC0053\" data-caption=\"_DSC0053\" data-title=\"_DSC0053\" style=\" width:215px;\" \/><\/div><FIGCAPTION class=\"\" data-alpha=\"5\" style=\"color:#ffffff; background-color:#0a076d; font-size:140; text-align:left; font-family:Default;\" ><div class=\"grid-gallery-figcaption-wrap\" style=\"\"><\/div><\/FIGCAPTION><\/FIGURE><FIGURE class=\"grid-gallery-caption\" data-grid-gallery-type=\"revolving-door-left\" data-index=\"4\" style=\"display:none;border-radius:00;; margin:0px; width:2150;\" ><div class=\"crop\" style=\"\"><img decoding=\"async\" src=\"http:\/\/www.rodzinaravensbruck.pl\/wp-content\/uploads\/2018\/11\/DSC0022-215x143.jpg\" class=\"ggImg\" alt=\"_DSC0022\" title=\"_DSC0022\" data-description=\"_DSC0022\" data-caption=\"_DSC0022\" data-title=\"_DSC0022\" style=\" width:215px;\" \/><\/div><FIGCAPTION class=\"\" data-alpha=\"5\" style=\"color:#ffffff; background-color:#0a076d; font-size:140; text-align:left; font-family:Default;\" ><div class=\"grid-gallery-figcaption-wrap\" style=\"\"><\/div><\/FIGCAPTION><\/FIGURE><FIGURE class=\"grid-gallery-caption\" data-grid-gallery-type=\"revolving-door-left\" data-index=\"5\" style=\"display:none;border-radius:00;; margin:0px; width:2150;\" ><div class=\"crop\" style=\"\"><img decoding=\"async\" src=\"http:\/\/www.rodzinaravensbruck.pl\/wp-content\/uploads\/2018\/11\/DSC0017-215x143.jpg\" class=\"ggImg\" alt=\"_DSC0017\" title=\"_DSC0017\" data-description=\"_DSC0017\" data-caption=\"_DSC0017\" data-title=\"_DSC0017\" style=\" width:215px;\" \/><\/div><FIGCAPTION class=\"\" data-alpha=\"5\" style=\"color:#ffffff; background-color:#0a076d; font-size:140; text-align:left; font-family:Default;\" ><div class=\"grid-gallery-figcaption-wrap\" style=\"\"><\/div><\/FIGCAPTION><\/FIGURE> <div class=\"grid-gallery-clearfix\"><\/div> <\/div> <div class=\"gallery-sharing-bottom\" style=\"display:none;\"> <\/div> <div class=\"gallery-sharing-image\" style=\"display:none;\"> <\/div> <div class=\"gallery-sharing-popup\" style=\"display:none;\"> <\/div> <div class=\"grid-gallery-clearfix\"><\/div> <\/div> <!-- Gallery by Supsystic plugin1.16.0 --><a title=\"WordPress Image Gallery Plugin\" style=\"display:none;\" href=\"https:\/\/supsystic.com\/plugins\/photo-gallery\/?utm_medium=love_link\" target=\"_blank\">WordPress Image Gallery Plugin<\/a>\n","protected":false},"excerpt":{"rendered":"<p>Jednym z go\u015bci kt\u00f3rzy zaszczycili szkolne uroczysto\u015bci z okazji 100-lecia odzyskania niepodleg\u0142o\u015bci by\u0142 Pan Roman Heil. Mia\u0142o to miejsce 21 listopada 2018 roku w Zespole Szk\u00f3\u0142 Og\u00f3lnokszta\u0142c\u0105cych Mistrzostwa Sportowego w Krakowie przy ulicy Grochowskiej. Po zako\u0144czeniu przedstawienia, podszed\u0142 do mnie z kartk\u0105 zalaminowanego papieru, m\u00f3wi\u0105c: \u201eprosz\u0119 to sfotografowa\u0107\u201d po chwili us\u0142ysza\u0142em niezwyk\u0142\u0105 histori\u0119. Ale to &hellip; <\/p>\n<p class=\"link-more\"><a href=\"https:\/\/www.rodzinaravensbruck.pl\/index.php\/2018\/11\/26\/historia-ukryta-w-ksiazce-pan-roman-heil-o-pamiatce-po-tacie-edwardzie\/\" class=\"more-link\">Czytaj dalej<span class=\"screen-reader-text\"> \u201eHistoria ukryta w ksi\u0105\u017cce &#8211; Pan Roman Heil o pami\u0105tce po tacie Edwardzie\u201d<\/span><\/a><\/p>\n","protected":false},"author":1,"featured_media":1426,"comment_status":"closed","ping_status":"open","sticky":false,"template":"","format":"standard","meta":{"ngg_post_thumbnail":0,"footnotes":""},"categories":[6],"tags":[],"class_list":["post-1432","post","type-post","status-publish","format-standard","has-post-thumbnail","hentry","category-swiadectwa"],"_links":{"self":[{"href":"https:\/\/www.rodzinaravensbruck.pl\/index.php\/wp-json\/wp\/v2\/posts\/1432","targetHints":{"allow":["GET"]}}],"collection":[{"href":"https:\/\/www.rodzinaravensbruck.pl\/index.php\/wp-json\/wp\/v2\/posts"}],"about":[{"href":"https:\/\/www.rodzinaravensbruck.pl\/index.php\/wp-json\/wp\/v2\/types\/post"}],"author":[{"embeddable":true,"href":"https:\/\/www.rodzinaravensbruck.pl\/index.php\/wp-json\/wp\/v2\/users\/1"}],"replies":[{"embeddable":true,"href":"https:\/\/www.rodzinaravensbruck.pl\/index.php\/wp-json\/wp\/v2\/comments?post=1432"}],"version-history":[{"count":1,"href":"https:\/\/www.rodzinaravensbruck.pl\/index.php\/wp-json\/wp\/v2\/posts\/1432\/revisions"}],"predecessor-version":[{"id":1433,"href":"https:\/\/www.rodzinaravensbruck.pl\/index.php\/wp-json\/wp\/v2\/posts\/1432\/revisions\/1433"}],"wp:featuredmedia":[{"embeddable":true,"href":"https:\/\/www.rodzinaravensbruck.pl\/index.php\/wp-json\/wp\/v2\/media\/1426"}],"wp:attachment":[{"href":"https:\/\/www.rodzinaravensbruck.pl\/index.php\/wp-json\/wp\/v2\/media?parent=1432"}],"wp:term":[{"taxonomy":"category","embeddable":true,"href":"https:\/\/www.rodzinaravensbruck.pl\/index.php\/wp-json\/wp\/v2\/categories?post=1432"},{"taxonomy":"post_tag","embeddable":true,"href":"https:\/\/www.rodzinaravensbruck.pl\/index.php\/wp-json\/wp\/v2\/tags?post=1432"}],"curies":[{"name":"wp","href":"https:\/\/api.w.org\/{rel}","templated":true}]}}