{"id":1446,"date":"2018-12-01T13:25:37","date_gmt":"2018-12-01T12:25:37","guid":{"rendered":"http:\/\/www.rodzinaravensbruck.pl\/?p=1446"},"modified":"2018-12-01T20:59:35","modified_gmt":"2018-12-01T19:59:35","slug":"taka-swieta-codzienna-czyli-zeszyty-natalii-taka-swieta-codzienna-czyli-zeszyty-natalii-t","status":"publish","type":"post","link":"https:\/\/www.rodzinaravensbruck.pl\/index.php\/2018\/12\/01\/taka-swieta-codzienna-czyli-zeszyty-natalii-taka-swieta-codzienna-czyli-zeszyty-natalii-t\/","title":{"rendered":"\u201eTaka \u015bwi\u0119ta codzienna, czyli\u2026 zeszyty Natalii T.\u201d"},"content":{"rendered":"<p>Spektakl oparty na historii \u017cycia Natalii Tu\u0142asiewicz, by\u0142ej wi\u0119\u017aniarki KL Ravensbr\u00fcck, przygotowany przez uczni\u00f3w II Liceum Og\u00f3lnokszta\u0142c\u0105cego im. Gustawa Morcinka w Rudzie \u015al\u0105skiej zdoby\u0142 nagrod\u0119 specjaln\u0105 na XIII Og\u00f3lnopolskich Prezentacjach Teatralnych \u017bywot\u00f3w \u015awi\u0119tych i Patron\u00f3w \u00a0\u201eW ho\u0142dzie \u015bw. Janowi Paw\u0142owi II\u201d.<!--more-->Klasa Atelier Sztuki (2b) tradycyjnie, jak szkolny Teatr \u201ePierro\u201d co roku ma to w programie, wybra\u0142a si\u0119 na XIII Og\u00f3lnopolskie Prezentacje Teatralne \u017bywot\u00f3w \u015awi\u0119tych i Patron\u00f3w. Spektakl, kt\u00f3ry zosta\u0142 wystawiony by\u0142 wynikiem poznawania historii kobiet, kt\u00f3re przesz\u0142y piek\u0142o niemieckiego obozu dla kobiet w Ravensbr\u00fcck. Scenariusz na podstawie wspomnie\u0144 wi\u0119\u017aniarek napisa\u0142a pani Ania Morajko \u2013 Fornal. Spektakl nosi\u0142 tytu\u0142 <strong>\u201eTaka \u015bwi\u0119ta codzienna, czyli\u2026 zeszyty Natalii T.\u201d <\/strong><\/p>\n<p>Celem by\u0142o przedstawienie szerszej widowni historii Natalii Tu\u0142asiewicz (polonistki, kt\u00f3ra za sw\u0105 konspiracyjn\u0105 patriotyczn\u0105 dzia\u0142alno\u015b\u0107 z kar\u0105 \u015bmierci zosta\u0142a wys\u0142ana do Ravensbr\u00fcck). Zdziwienie widowni, \u017ce wspomniana B\u0142ogos\u0142awiona jest obrana patronk\u0105 nauczycieli.<\/p>\n<p>Spektakl wywo\u0142a\u0142 \u0142zy wzruszenia, a rudzkie \u201eMorcinkowe\u201d Atelier Sztuki zdoby\u0142o <strong>I. miejsce w kraju!<\/strong> Rado\u015b\u0107 by\u0142a ogromna, ale\u2026 to jeszcze nie wszystko! Spektakl otrzyma\u0142 <strong>g\u0142\u00f3wn\u0105 nagrod\u0119 specjaln\u0105<\/strong> za scenariusz oparty na historii ukazuj\u0105cej tematyk\u0119 niepodleg\u0142o\u015bciow\u0105.<\/p>\n<p>Spektakl o Natalii Tu\u0142asiewicz, opr\u00f3cz tego, \u017ce udowodni\u0142, \u017ce klasa teatralna to by\u0142 \u015bwietny pomys\u0142, przybli\u017cy\u0142, a mo\u017ce wielu nawet u\u015bwiadomi\u0142 dopiero to, \u017ce by\u0142o takie miejsce jak Ravensbr\u00fcck, gdzie wiara w Boga i mi\u0142o\u015b\u0107 do kraju by\u0142y warto\u015bciami, kt\u00f3re nakre\u015bla\u0142y sens \u017cycia.<\/p>\n<p>G\u0142\u00f3wn\u0105 rol\u0119 Natalii zagra\u0142a <strong>Julia Oszczepalska<\/strong>, zbieraj\u0105c wiele ciep\u0142ych s\u0142\u00f3w uznania, ale wszystkie osoby (ca\u0142a klasa 2b!) stan\u0119\u0142y na wysoko\u015bci zadania, oddaj\u0105c klimat trudnego tematu. Poznawanie historii dzi\u0119ki sztuce\u2026 to jeszcze na pewno nie koniec ich dzia\u0142a\u0144.<\/p>\n<div id=\"grid-gallery-29-8757\" data-gg-id=\"29\" data-title=\"Natalia\" data-grid-type=\"1\" data-offset=\"0\" data-area-position=\"center\" data-icons=\"\" data-preloader=\"true\" data-width=\"215\" data-height=\"\" data-padding=\"0\" data-quicksand=\"disabled\" data-quicksand-duration=\"1800\" data-popup-theme=\"theme_6\" data-popup-type=\"pretty-photo\" data-popup-image-text=\"data-caption\" data-popup-widthsize=\"auto\" data-popup-heightsize=\"auto\" data-popup-i18n-words=\"{&quot;close&quot;:&quot;close&quot;,&quot;next&quot;:&quot;next&quot;,&quot;previous&quot;:&quot;previous&quot;,&quot;start_slideshow&quot;:&quot;start slideshow&quot;,&quot;stop_slideshow&quot;:&quot;stop slideshow&quot;,&quot;image&quot;:&quot;image&quot;,&quot;of&quot;:&quot;of&quot;,&quot;prev&quot;:&quot;prev&quot;,&quot;cExpand&quot;:&quot;Expand&quot;,&quot;cPrevious&quot;:&quot;Previous&quot;,&quot;cNext&quot;:&quot;Next&quot;,&quot;cExpandStr&quot;:&quot;Expand the image&quot;,&quot;cRotate&quot;:&quot;Rotate&quot;,&quot;cDetails&quot;:&quot;Details&quot;}\" data-popup-slideshow=\"false\" data-popup-slideshow-speed=\"2500\" data-popup-hoverstop=\"true\" data-popup-slideshow-auto=\"false\" data-popup-background=\"\" data-popup-transparency=\"30\" data-popup-disable-history=\"\" data-popup-disable-changed-url=\"\" data-popup-border-type=\"\" data-popup-border-color=\"\" data-popup-border-width=\"\" data-popup-border-enable=\"\" data-fullscreen=\"false\" data-hide-tooltip=\"false\" data-caption-font-family=\"Default\" data-caption-text-size=\"140\" data-is-mobile=\"0\" data-caption-mobile=\"false\" data-hide-long-tltp-title=\"0\" data-caption-disabled-on-mobile=\"false\" data-popup-placement-type=\"0\" data-social-sharing=\"{&quot;enabled&quot;:&quot;&quot;,&quot;gallerySharing&quot;:{&quot;enabled&quot;:null,&quot;position&quot;:null},&quot;imageSharing&quot;:{&quot;enabled&quot;:null,&quot;wrapperClass&quot;:&quot; vertical &quot;},&quot;popupSharing&quot;:{&quot;enabled&quot;:null,&quot;wrapperClass&quot;:&quot; vertical &quot;}}\" class=\"grid-gallery grid-gallery-fluid-height \" style=\" width:100%; height:auto; margin-left:auto; margin-right:auto;position:relative;\"> <div class=\"gallery-loading\"> <div class=\"blocks\"> <div class=\"block\"><\/div> <div class=\"block\"><\/div> <div class=\"block\"><\/div> <div class=\"block\"><\/div> <\/div> <\/div> <div class=\"gallery-sharing-top\" style=\"display:none;\"> <\/div> <div id=\"photos-29\" class=\"grid-gallery-photos\"><FIGURE class=\"grid-gallery-caption\" data-grid-gallery-type=\"revolving-door-left\" data-index=\"0\" style=\"display:none;border-radius:00;; margin:0px; width:2150;\" ><div class=\"crop\" style=\"\"><img decoding=\"async\" src=\"http:\/\/www.rodzinaravensbruck.pl\/wp-content\/uploads\/2018\/12\/1-215x142.jpg\" class=\"ggImg\" alt=\"1\" title=\"1\" data-description=\"1\" data-caption=\"1\" data-title=\"1\" style=\" width:215px;\" \/><\/div><FIGCAPTION class=\"\" data-alpha=\"5\" style=\"color:#ffffff; background-color:#0a076d; font-size:140; text-align:left; font-family:Default;\" ><div class=\"grid-gallery-figcaption-wrap\" style=\"\"><\/div><\/FIGCAPTION><\/FIGURE><FIGURE class=\"grid-gallery-caption\" data-grid-gallery-type=\"revolving-door-left\" data-index=\"1\" style=\"display:none;border-radius:00;; margin:0px; width:2150;\" ><div class=\"crop\" style=\"\"><img decoding=\"async\" src=\"http:\/\/www.rodzinaravensbruck.pl\/wp-content\/uploads\/2018\/12\/2-215x144.jpg\" class=\"ggImg\" alt=\"2\" title=\"W \u015brodku kr\u0119gu graj\u0105ca b\u0142ogos\u0142awion\u0105 Natali\u0119 Tu\u0142asiewicz Julia Oszczepalska\" data-description=\"W \u015brodku kr\u0119gu graj\u0105ca b\u0142ogos\u0142awion\u0105 Natali\u0119 Tu\u0142asiewicz Julia Oszczepalska\" data-caption=\"W \u015brodku kr\u0119gu graj\u0105ca b\u0142ogos\u0142awion\u0105 Natali\u0119 Tu\u0142asiewicz Julia Oszczepalska\" data-title=\"2\" style=\" width:215px;\" \/><\/div><FIGCAPTION class=\"\" data-alpha=\"5\" style=\"color:#ffffff; background-color:#0a076d; font-size:140; text-align:left; font-family:Default;\" ><div class=\"grid-gallery-figcaption-wrap\" style=\"\"><\/div><\/FIGCAPTION><\/FIGURE><FIGURE class=\"grid-gallery-caption\" data-grid-gallery-type=\"revolving-door-left\" data-index=\"2\" style=\"display:none;border-radius:00;; margin:0px; width:2150;\" ><div class=\"crop\" style=\"\"><img decoding=\"async\" src=\"http:\/\/www.rodzinaravensbruck.pl\/wp-content\/uploads\/2018\/12\/3-215x133.jpg\" class=\"ggImg\" alt=\"3\" title=\"Scena spektaklu nawi\u0105zuj\u0105ca do tzw. \u201eRavensbruckich Kr\u00f3lik\u00f3w\u201d\" data-description=\"Scena spektaklu nawi\u0105zuj\u0105ca do tzw. \u201eRavensbruckich Kr\u00f3lik\u00f3w\u201d\" data-caption=\"Scena spektaklu nawi\u0105zuj\u0105ca do tzw. \u201eRavensbruckich Kr\u00f3lik\u00f3w\u201d\" data-title=\"3\" style=\" width:215px;\" \/><\/div><FIGCAPTION class=\"\" data-alpha=\"5\" style=\"color:#ffffff; background-color:#0a076d; font-size:140; text-align:left; font-family:Default;\" ><div class=\"grid-gallery-figcaption-wrap\" style=\"\"><\/div><\/FIGCAPTION><\/FIGURE><FIGURE class=\"grid-gallery-caption\" data-grid-gallery-type=\"revolving-door-left\" data-index=\"3\" style=\"display:none;border-radius:00;; margin:0px; width:2150;\" ><div class=\"crop\" style=\"\"><img decoding=\"async\" src=\"http:\/\/www.rodzinaravensbruck.pl\/wp-content\/uploads\/2018\/12\/4-215x275.jpg\" class=\"ggImg\" alt=\"4\" title=\"4\" data-description=\"4\" data-caption=\"4\" data-title=\"4\" style=\" width:215px;\" \/><\/div><FIGCAPTION class=\"\" data-alpha=\"5\" style=\"color:#ffffff; background-color:#0a076d; font-size:140; text-align:left; font-family:Default;\" ><div class=\"grid-gallery-figcaption-wrap\" style=\"\"><\/div><\/FIGCAPTION><\/FIGURE><FIGURE class=\"grid-gallery-caption\" data-grid-gallery-type=\"revolving-door-left\" data-index=\"4\" style=\"display:none;border-radius:00;; margin:0px; width:2150;\" ><div class=\"crop\" style=\"\"><img decoding=\"async\" src=\"http:\/\/www.rodzinaravensbruck.pl\/wp-content\/uploads\/2018\/12\/5-215x310.jpg\" class=\"ggImg\" alt=\"5\" title=\"5\" data-description=\"5\" data-caption=\"5\" data-title=\"5\" style=\" width:215px;\" \/><\/div><FIGCAPTION class=\"\" data-alpha=\"5\" style=\"color:#ffffff; background-color:#0a076d; font-size:140; text-align:left; font-family:Default;\" ><div class=\"grid-gallery-figcaption-wrap\" style=\"\"><\/div><\/FIGCAPTION><\/FIGURE> <div class=\"grid-gallery-clearfix\"><\/div> <\/div> <div class=\"gallery-sharing-bottom\" style=\"display:none;\"> <\/div> <div class=\"gallery-sharing-image\" style=\"display:none;\"> <\/div> <div class=\"gallery-sharing-popup\" style=\"display:none;\"> <\/div> <div class=\"grid-gallery-clearfix\"><\/div> <\/div> <!-- Gallery by Supsystic plugin1.16.0 --><a title=\"WordPress Image Gallery Plugin\" style=\"display:none;\" href=\"https:\/\/supsystic.com\/plugins\/photo-gallery\/?utm_medium=love_link\" target=\"_blank\">WordPress Image Gallery Plugin<\/a>\n","protected":false},"excerpt":{"rendered":"<p>Spektakl oparty na historii \u017cycia Natalii Tu\u0142asiewicz, by\u0142ej wi\u0119\u017aniarki KL Ravensbr\u00fcck, przygotowany przez uczni\u00f3w II Liceum Og\u00f3lnokszta\u0142c\u0105cego im. Gustawa Morcinka w Rudzie \u015al\u0105skiej zdoby\u0142 nagrod\u0119 specjaln\u0105 na XIII Og\u00f3lnopolskich Prezentacjach Teatralnych \u017bywot\u00f3w \u015awi\u0119tych i Patron\u00f3w \u00a0\u201eW ho\u0142dzie \u015bw. Janowi Paw\u0142owi II\u201d.<\/p>\n","protected":false},"author":1,"featured_media":1449,"comment_status":"closed","ping_status":"open","sticky":false,"template":"","format":"standard","meta":{"ngg_post_thumbnail":0,"footnotes":""},"categories":[27],"tags":[],"class_list":["post-1446","post","type-post","status-publish","format-standard","has-post-thumbnail","hentry","category-wydarzenia"],"_links":{"self":[{"href":"https:\/\/www.rodzinaravensbruck.pl\/index.php\/wp-json\/wp\/v2\/posts\/1446","targetHints":{"allow":["GET"]}}],"collection":[{"href":"https:\/\/www.rodzinaravensbruck.pl\/index.php\/wp-json\/wp\/v2\/posts"}],"about":[{"href":"https:\/\/www.rodzinaravensbruck.pl\/index.php\/wp-json\/wp\/v2\/types\/post"}],"author":[{"embeddable":true,"href":"https:\/\/www.rodzinaravensbruck.pl\/index.php\/wp-json\/wp\/v2\/users\/1"}],"replies":[{"embeddable":true,"href":"https:\/\/www.rodzinaravensbruck.pl\/index.php\/wp-json\/wp\/v2\/comments?post=1446"}],"version-history":[{"count":6,"href":"https:\/\/www.rodzinaravensbruck.pl\/index.php\/wp-json\/wp\/v2\/posts\/1446\/revisions"}],"predecessor-version":[{"id":1480,"href":"https:\/\/www.rodzinaravensbruck.pl\/index.php\/wp-json\/wp\/v2\/posts\/1446\/revisions\/1480"}],"wp:featuredmedia":[{"embeddable":true,"href":"https:\/\/www.rodzinaravensbruck.pl\/index.php\/wp-json\/wp\/v2\/media\/1449"}],"wp:attachment":[{"href":"https:\/\/www.rodzinaravensbruck.pl\/index.php\/wp-json\/wp\/v2\/media?parent=1446"}],"wp:term":[{"taxonomy":"category","embeddable":true,"href":"https:\/\/www.rodzinaravensbruck.pl\/index.php\/wp-json\/wp\/v2\/categories?post=1446"},{"taxonomy":"post_tag","embeddable":true,"href":"https:\/\/www.rodzinaravensbruck.pl\/index.php\/wp-json\/wp\/v2\/tags?post=1446"}],"curies":[{"name":"wp","href":"https:\/\/api.w.org\/{rel}","templated":true}]}}