{"id":1474,"date":"2018-12-01T13:59:58","date_gmt":"2018-12-01T12:59:58","guid":{"rendered":"http:\/\/www.rodzinaravensbruck.pl\/?p=1474"},"modified":"2018-12-01T13:59:58","modified_gmt":"2018-12-01T12:59:58","slug":"wanda-trusewicz-z-d-lech","status":"publish","type":"post","link":"https:\/\/www.rodzinaravensbruck.pl\/index.php\/2018\/12\/01\/wanda-trusewicz-z-d-lech\/","title":{"rendered":"Wanda Trusewicz z d. Lech"},"content":{"rendered":"<p>6 czerwca 2018 zmar\u0142a w wieku 89 lat Wanda Trusewicz.<br \/>\nW wieku 15 lat, w pierwszych dniach Powstania Warszawskiego, wraz z ojcem i macoch\u0105 wywieziona do obozu przej\u015bciowego w Pruszkowie, a nast\u0119pnie \u2013 ojciec do Buchenwaldu (potem Mauthausen), a Wanda z macoch\u0105 \u2013 do obozu KL Ravensbr\u00fcck.<!--more--><br \/>\nOjciec umiera w Mauthausen, o czym Wanda nie wie i szuka go a\u017c do roku 1973, kiedy to otrzymuje potwierdzenie jego \u015bmierci z Mi\u0119dzynarodowego Czerwonego Krzy\u017ca w Genewie.<br \/>\nPo wyzwoleniu obozu macocha \u2013 przez Szwecj\u0119 \u2013 wyje\u017cd\u017ca do Ameryki do swojego syna a przyrodniego brata Wandy, kt\u00f3ry wyjecha\u0142 tam z Anglii, gdzie w czasie wojny by\u0142 w Dywizjonie 301. Wanda, kilkunastoletnia pe\u0142na sierota wraca samotnie do Warszawy i musi rozpocz\u0105\u0107 samodzielne \u017cycie. Wand\u0119 przygarnia brat dziadka ojca \u2013 J\u00f3zef z \u017con\u0105 \u201ecioci\u0105 W\u0142adzi\u0105\u201d.<br \/>\nMimo znacz\u0105cych, spowodowanych pobytem w obozie, uszczerbk\u00f3w na zdrowiu, zachowuje aktywno\u015b\u0107 zawodow\u0105. Zahartowana w obozie, \u017cadnej pracy si\u0119 nie boi. Bierze udzia\u0142 w odbudowie Warszawy. Podejmuje si\u0119 r\u00f3\u017cnych prac. Ko\u0144czy kurs maszynistek. Jako maszynistka rozpoczyna prac\u0119 w warszawskim starostwie. Przez ponad 30 lat by\u0142a cywilnym pracownikiem w jednostkach organizacyjnych Wojska Polskiego.<br \/>\nAktywno\u015b\u0107 zachowuje a\u017c do momentu, kiedy choroba przykuwa j\u0105 na sta\u0142e do \u0142\u00f3\u017cka. Uczestniczy w spotkaniach kombatant\u00f3w, by\u0142ych wi\u0119\u017ani\u00f3w KL Ravensbr\u00fcck. W ostatnim roku \u017cycia dzieli si\u0119 swoj\u0105 wiedz\u0105 \u2013 m.in. o dawnej Warszawie, o okupacji, o warunkach obozowych \u2013 z wolontariuszk\u0105 programu \u201edla Kombatanta\u201d (realizowanym przez Stowarzyszenie ma\u0142ych braci Ubogich i Fundacj\u0119 \u201eCultura Memoriae\u201d ) pani\u0105 Agnieszk\u0105. Dla pani Agnieszki i obu organizacji serdeczne podzi\u0119kowania za wsparcie w ci\u0119\u017ckich chwilach.<\/p>\n<p>\u017begnamy Pani\u0105 Wand\u0119 Trusewicz z ogromnym \u017calem. I powtarzamy s\u0142owa nadziei:<br \/>\n\u201eA tam na progu Wieczno\u015bci sam B\u00f3g na Ciebie czeka\u2026..\u201d<\/p>\n<p>Stowarzyszenie \u201eRodzina Wi\u0119\u017aniarek Niemieckiego Obozu Koncentracyjnego Ravensbr\u00fcck\u201d<br \/>\n<a href=\"https:\/\/www.rodzinaravensbruck.pl\/index.php\/2018\/11\/29\/zegnamy-pania-haline-walicka-z-d-gierlachowska-wiezniarke-niemieckiego-obozu-koncentracyjnego-ravensbruck\/roza-ravensbruck\/\" rel=\"attachment wp-att-1444\"><img loading=\"lazy\" decoding=\"async\" class=\"aligncenter size-medium wp-image-1444\" src=\"https:\/\/www.rodzinaravensbruck.pl\/wp-content\/uploads\/2018\/11\/R\u00f3\u017ca-Ravensbruck-300x225.jpg\" alt=\"\" width=\"300\" height=\"225\" srcset=\"https:\/\/www.rodzinaravensbruck.pl\/wp-content\/uploads\/2018\/11\/R\u00f3\u017ca-Ravensbruck-300x225.jpg 300w, https:\/\/www.rodzinaravensbruck.pl\/wp-content\/uploads\/2018\/11\/R\u00f3\u017ca-Ravensbruck-768x576.jpg 768w, https:\/\/www.rodzinaravensbruck.pl\/wp-content\/uploads\/2018\/11\/R\u00f3\u017ca-Ravensbruck.jpg 960w\" sizes=\"auto, (max-width: 300px) 100vw, 300px\" \/><\/a><\/p>\n","protected":false},"excerpt":{"rendered":"<p>6 czerwca 2018 zmar\u0142a w wieku 89 lat Wanda Trusewicz. W wieku 15 lat, w pierwszych dniach Powstania Warszawskiego, wraz z ojcem i macoch\u0105 wywieziona do obozu przej\u015bciowego w Pruszkowie, a nast\u0119pnie \u2013 ojciec do Buchenwaldu (potem Mauthausen), a Wanda z macoch\u0105 \u2013 do obozu KL Ravensbr\u00fcck.<\/p>\n","protected":false},"author":1,"featured_media":1475,"comment_status":"closed","ping_status":"open","sticky":false,"template":"","format":"standard","meta":{"ngg_post_thumbnail":0,"footnotes":""},"categories":[67],"tags":[],"class_list":["post-1474","post","type-post","status-publish","format-standard","has-post-thumbnail","hentry","category-pamietamy"],"_links":{"self":[{"href":"https:\/\/www.rodzinaravensbruck.pl\/index.php\/wp-json\/wp\/v2\/posts\/1474","targetHints":{"allow":["GET"]}}],"collection":[{"href":"https:\/\/www.rodzinaravensbruck.pl\/index.php\/wp-json\/wp\/v2\/posts"}],"about":[{"href":"https:\/\/www.rodzinaravensbruck.pl\/index.php\/wp-json\/wp\/v2\/types\/post"}],"author":[{"embeddable":true,"href":"https:\/\/www.rodzinaravensbruck.pl\/index.php\/wp-json\/wp\/v2\/users\/1"}],"replies":[{"embeddable":true,"href":"https:\/\/www.rodzinaravensbruck.pl\/index.php\/wp-json\/wp\/v2\/comments?post=1474"}],"version-history":[{"count":1,"href":"https:\/\/www.rodzinaravensbruck.pl\/index.php\/wp-json\/wp\/v2\/posts\/1474\/revisions"}],"predecessor-version":[{"id":1476,"href":"https:\/\/www.rodzinaravensbruck.pl\/index.php\/wp-json\/wp\/v2\/posts\/1474\/revisions\/1476"}],"wp:featuredmedia":[{"embeddable":true,"href":"https:\/\/www.rodzinaravensbruck.pl\/index.php\/wp-json\/wp\/v2\/media\/1475"}],"wp:attachment":[{"href":"https:\/\/www.rodzinaravensbruck.pl\/index.php\/wp-json\/wp\/v2\/media?parent=1474"}],"wp:term":[{"taxonomy":"category","embeddable":true,"href":"https:\/\/www.rodzinaravensbruck.pl\/index.php\/wp-json\/wp\/v2\/categories?post=1474"},{"taxonomy":"post_tag","embeddable":true,"href":"https:\/\/www.rodzinaravensbruck.pl\/index.php\/wp-json\/wp\/v2\/tags?post=1474"}],"curies":[{"name":"wp","href":"https:\/\/api.w.org\/{rel}","templated":true}]}}