{"id":1520,"date":"2019-01-24T23:46:51","date_gmt":"2019-01-24T22:46:51","guid":{"rendered":"http:\/\/www.rodzinaravensbruck.pl\/?p=1520"},"modified":"2019-01-24T23:46:52","modified_gmt":"2019-01-24T22:46:52","slug":"ceremonia-pozegnania-sp-marianny-bogusz","status":"publish","type":"post","link":"https:\/\/www.rodzinaravensbruck.pl\/index.php\/2019\/01\/24\/ceremonia-pozegnania-sp-marianny-bogusz\/","title":{"rendered":"CEREMONIA PO\u017bEGNANIA \u015a+P MARIANNY BOGUSZ"},"content":{"rendered":"\n<hr class=\"wp-block-separator\"\/>\n\n\n<p>CEREMONIA PO\u017bEGNANIA \u015a+P MARIANNY BOGUSZ <br \/>odb\u0119dzie si\u0119 24 stycznia 2019 w Warszawie<\/p>\n<p>Msza \u015awi\u0119ta \u017ba\u0142obna zostanie odprawiona 24 styczna 2019 roku<br \/>o godz..13.30 w ko\u015bciele \u015bw. Teresy na ul. Rybnickiej 27 (Warszawa-W\u0142ochy)<\/p>\n<p>Z wielkim smutkiem \u017cegnamy Pani\u0105 Mariann\u0119 Bogusz, by\u0142\u0105 wi\u0119\u017aniark\u0119 niemieckiego obozu koncentracyjnego dla kobiet Ravensbr\u00fcck .<\/p>\n\n\n<!--more-->\n\n\n<p>Mia\u0142a 16 lat kiedy trafi\u0142a do obozu (nr obozowy 52497) z powsta\u0144czej Warszawy gdzie ukrywa\u0142a si\u0119 razem z powsta\u0144cami w piwnicach. Z obozu w Pruszkowie w sierpniu 1944 roku zosta\u0142a razem z siostr\u0105 wywieziona do KL Ravensbr\u00fcck.<\/p>\n<p>\u017begnamy wspania\u0142ego, dzielnego cz\u0142owieka<br \/>i zapewniamy, \u017ce Jej \u017cyczenie wyra\u017cone w jednym z ostatnich wywiad\u00f3w w 2016 r. \u201e\u2026M\u0142odzie\u017c musi wiedzie\u0107, co by\u0142o, musi zna\u0107 prawd\u0119, cho\u0107by by\u0142a najstraszniejsza. Nie daj, Bo\u017ce, \u017ceby si\u0119 taka tragedia powt\u00f3rzy\u0142a\u2026.\u201d b\u0119dziemy spe\u0142nia\u0107.<\/p>\n<p>Rodzinie Zmar\u0142ej sk\u0142adamy najszczersze kondolencje.<\/p>\n<p>Z wyrazami \u017calu i szczerego wsp\u00f3\u0142czucia.<br \/>El\u017cbieta Kuta<\/p>\n<p>Zdj\u0119cia Monika Bajkowska<\/p>","protected":false},"excerpt":{"rendered":"<p>CEREMONIA PO\u017bEGNANIA \u015a+P MARIANNY BOGUSZ odb\u0119dzie si\u0119 24 stycznia 2019 w Warszawie Msza \u015awi\u0119ta \u017ba\u0142obna zostanie odprawiona 24 styczna 2019 rokuo godz..13.30 w ko\u015bciele \u015bw. Teresy na ul. Rybnickiej 27 (Warszawa-W\u0142ochy) Z wielkim smutkiem \u017cegnamy Pani\u0105 Mariann\u0119 Bogusz, by\u0142\u0105 wi\u0119\u017aniark\u0119 niemieckiego obozu koncentracyjnego dla kobiet Ravensbr\u00fcck .<\/p>\n","protected":false},"author":1,"featured_media":1521,"comment_status":"closed","ping_status":"open","sticky":false,"template":"","format":"standard","meta":{"ngg_post_thumbnail":0,"footnotes":""},"categories":[67],"tags":[],"class_list":["post-1520","post","type-post","status-publish","format-standard","has-post-thumbnail","hentry","category-pamietamy"],"_links":{"self":[{"href":"https:\/\/www.rodzinaravensbruck.pl\/index.php\/wp-json\/wp\/v2\/posts\/1520","targetHints":{"allow":["GET"]}}],"collection":[{"href":"https:\/\/www.rodzinaravensbruck.pl\/index.php\/wp-json\/wp\/v2\/posts"}],"about":[{"href":"https:\/\/www.rodzinaravensbruck.pl\/index.php\/wp-json\/wp\/v2\/types\/post"}],"author":[{"embeddable":true,"href":"https:\/\/www.rodzinaravensbruck.pl\/index.php\/wp-json\/wp\/v2\/users\/1"}],"replies":[{"embeddable":true,"href":"https:\/\/www.rodzinaravensbruck.pl\/index.php\/wp-json\/wp\/v2\/comments?post=1520"}],"version-history":[{"count":3,"href":"https:\/\/www.rodzinaravensbruck.pl\/index.php\/wp-json\/wp\/v2\/posts\/1520\/revisions"}],"predecessor-version":[{"id":1524,"href":"https:\/\/www.rodzinaravensbruck.pl\/index.php\/wp-json\/wp\/v2\/posts\/1520\/revisions\/1524"}],"wp:featuredmedia":[{"embeddable":true,"href":"https:\/\/www.rodzinaravensbruck.pl\/index.php\/wp-json\/wp\/v2\/media\/1521"}],"wp:attachment":[{"href":"https:\/\/www.rodzinaravensbruck.pl\/index.php\/wp-json\/wp\/v2\/media?parent=1520"}],"wp:term":[{"taxonomy":"category","embeddable":true,"href":"https:\/\/www.rodzinaravensbruck.pl\/index.php\/wp-json\/wp\/v2\/categories?post=1520"},{"taxonomy":"post_tag","embeddable":true,"href":"https:\/\/www.rodzinaravensbruck.pl\/index.php\/wp-json\/wp\/v2\/tags?post=1520"}],"curies":[{"name":"wp","href":"https:\/\/api.w.org\/{rel}","templated":true}]}}