{"id":1558,"date":"2019-02-14T11:31:36","date_gmt":"2019-02-14T10:31:36","guid":{"rendered":"http:\/\/www.rodzinaravensbruck.pl\/?p=1558"},"modified":"2019-02-14T11:32:45","modified_gmt":"2019-02-14T10:32:45","slug":"miedzynarodowy-dzien-pamieci-o-ofiarach-holocaustu","status":"publish","type":"post","link":"https:\/\/www.rodzinaravensbruck.pl\/index.php\/2019\/02\/14\/miedzynarodowy-dzien-pamieci-o-ofiarach-holocaustu\/","title":{"rendered":"Mi\u0119dzynarodowy Dzie\u0144 Pami\u0119ci o Ofiarach Holocaustu"},"content":{"rendered":"<p>27 stycznia 2019 r. w Mi\u0119dzynarodowy <em>Dzie\u0144 Pami\u0119ci<\/em> o Ofiarach Holocaustu w Memorial Ravensbr\u00fcck odby\u0142y si\u0119 uroczysto\u015bci, na kt\u00f3rych czytane by\u0142y wiersze, wspomnienia dzieci \u2013 wi\u0119\u017ani\u00f3w niemieckiego obozu koncentracyjnego dla kobiet i dzieci w Ravensbr\u00fcck. <!--more-->Relacj\u0119 przekaza\u0142 Pan Marcus Wolski z Kolonii, t\u0142umaczenie Bartka Bukowskiego z Magdeburga. Prosz\u0119 wys\u0142ucha\u0107 tych wstrz\u0105saj\u0105cych historii kobiet-matek i dzieci: <a href=\"http:\/\/www.dziennikberlinski.pl\/index.php\/Aktualnosci-2\/ravensbrueck-liest-ravensbrueck.html\" target=\"_blank\" rel=\"noopener\">http:\/\/www.dziennikberlinski.pl\/index.php\/Aktualnosci-2\/ravensbrueck-liest-ravensbrueck.html<\/a><\/p>\n<p>On 27 January 2019, on the International Day of Remembrance of the Victims of the Holocaust in Memorial Ravensbr\u00fcck, ceremonies were held at which were read poems and memories of children &#8211; prisoners of the German concentration camp for women and children in Ravensbr\u00fcck. The report was delivered by Mr. Marcus Wolski from Cologne, a translation of Bartek Bukowski from Magdeburg. Please listen to these dramatic stories of mothers and children:<\/p>\n<p><a href=\"http:\/\/www.dziennikberlinski.pl\/index.php\/Aktualnosci-2\/ravensbrueck-liest-ravensbrueck.html\" target=\"_blank\" rel=\"noopener\">http:\/\/www.dziennikberlinski.pl\/index.php\/Aktualnosci-2\/ravensbrueck-liest-ravensbrueck.html<\/a><\/p>\n","protected":false},"excerpt":{"rendered":"<p>27 stycznia 2019 r. w Mi\u0119dzynarodowy Dzie\u0144 Pami\u0119ci o Ofiarach Holocaustu w Memorial Ravensbr\u00fcck odby\u0142y si\u0119 uroczysto\u015bci, na kt\u00f3rych czytane by\u0142y wiersze, wspomnienia dzieci \u2013 wi\u0119\u017ani\u00f3w niemieckiego obozu koncentracyjnego dla kobiet i dzieci w Ravensbr\u00fcck.<\/p>\n","protected":false},"author":1,"featured_media":1559,"comment_status":"closed","ping_status":"open","sticky":false,"template":"","format":"standard","meta":{"ngg_post_thumbnail":0,"footnotes":""},"categories":[4],"tags":[],"class_list":["post-1558","post","type-post","status-publish","format-standard","has-post-thumbnail","hentry","category-aktualnosci"],"_links":{"self":[{"href":"https:\/\/www.rodzinaravensbruck.pl\/index.php\/wp-json\/wp\/v2\/posts\/1558","targetHints":{"allow":["GET"]}}],"collection":[{"href":"https:\/\/www.rodzinaravensbruck.pl\/index.php\/wp-json\/wp\/v2\/posts"}],"about":[{"href":"https:\/\/www.rodzinaravensbruck.pl\/index.php\/wp-json\/wp\/v2\/types\/post"}],"author":[{"embeddable":true,"href":"https:\/\/www.rodzinaravensbruck.pl\/index.php\/wp-json\/wp\/v2\/users\/1"}],"replies":[{"embeddable":true,"href":"https:\/\/www.rodzinaravensbruck.pl\/index.php\/wp-json\/wp\/v2\/comments?post=1558"}],"version-history":[{"count":2,"href":"https:\/\/www.rodzinaravensbruck.pl\/index.php\/wp-json\/wp\/v2\/posts\/1558\/revisions"}],"predecessor-version":[{"id":1561,"href":"https:\/\/www.rodzinaravensbruck.pl\/index.php\/wp-json\/wp\/v2\/posts\/1558\/revisions\/1561"}],"wp:featuredmedia":[{"embeddable":true,"href":"https:\/\/www.rodzinaravensbruck.pl\/index.php\/wp-json\/wp\/v2\/media\/1559"}],"wp:attachment":[{"href":"https:\/\/www.rodzinaravensbruck.pl\/index.php\/wp-json\/wp\/v2\/media?parent=1558"}],"wp:term":[{"taxonomy":"category","embeddable":true,"href":"https:\/\/www.rodzinaravensbruck.pl\/index.php\/wp-json\/wp\/v2\/categories?post=1558"},{"taxonomy":"post_tag","embeddable":true,"href":"https:\/\/www.rodzinaravensbruck.pl\/index.php\/wp-json\/wp\/v2\/tags?post=1558"}],"curies":[{"name":"wp","href":"https:\/\/api.w.org\/{rel}","templated":true}]}}