{"id":1572,"date":"2019-04-06T13:36:42","date_gmt":"2019-04-06T11:36:42","guid":{"rendered":"http:\/\/www.rodzinaravensbruck.pl\/?p=1572"},"modified":"2019-04-06T13:37:23","modified_gmt":"2019-04-06T11:37:23","slug":"cmentarz-w-furstenberg-havel-urny-z-prochami-rozstrzelanych-polek-wiezniarek-kl-ravensbruck-odkrywane","status":"publish","type":"post","link":"https:\/\/www.rodzinaravensbruck.pl\/index.php\/2019\/04\/06\/cmentarz-w-furstenberg-havel-urny-z-prochami-rozstrzelanych-polek-wiezniarek-kl-ravensbruck-odkrywane\/","title":{"rendered":"Cmentarz w F\u00fcrstenberg \/ Havel &#8211; urny z prochami rozstrzelanych Polek, wi\u0119\u017aniarek KL Ravensbr\u00fcck odkrywane"},"content":{"rendered":"<p>Od dnia 1 kwietnia 2019 roku specjali\u015bci z Biura Poszukiwa\u0144 i Identyfikacji Instytutu Pami\u0119ci Narodowej pod kierownictwem profesora Krzysztofa Szwagrzyka prowadz\u0105 badania na terenie cmentarza komunalnego w miejscowo\u015bci F\u00fcrstenberg \/ Havel , w tym miejscu s\u0105 poszukiwane urny z prochami rozstrzelanych w KL Ravensbr\u00fcck polskich kobiet. <!--more-->W trakcie przeprowadzonych bada\u0144 archeolodzy IPN odkryli pozosta\u0142o\u015bci 9 urn z prochami zamordowanych obywatelek naszego kraju. Dwie z nich posiadaj\u0105 tabliczki aluminiowe z danymi\u00a0 umo\u017cliwiaj\u0105cymi identyfikacj\u0119 wi\u0119\u017aniarek , a tak\u017ce kilka szamotowych\u00a0 plakietek z numerami z numerami zw\u0142ok spalonych w\u00a0 krematorium w F\u00fcrstenbergu. <a href=\"https:\/\/www.rodzinaravensbruck.pl\/wp-content\/uploads\/2019\/04\/ravensbruck-Furstenberg1.jpg\" target=\"_blank\" rel=\"noopener\"><img loading=\"lazy\" decoding=\"async\" class=\"wp-image-1574 size-medium alignleft\" src=\"https:\/\/www.rodzinaravensbruck.pl\/wp-content\/uploads\/2019\/04\/ravensbruck-Furstenberg1-300x212.jpg\" alt=\"\" width=\"300\" height=\"212\" srcset=\"https:\/\/www.rodzinaravensbruck.pl\/wp-content\/uploads\/2019\/04\/ravensbruck-Furstenberg1-300x212.jpg 300w, https:\/\/www.rodzinaravensbruck.pl\/wp-content\/uploads\/2019\/04\/ravensbruck-Furstenberg1-768x543.jpg 768w, https:\/\/www.rodzinaravensbruck.pl\/wp-content\/uploads\/2019\/04\/ravensbruck-Furstenberg1-1024x724.jpg 1024w\" sizes=\"auto, (max-width: 300px) 100vw, 300px\" \/><\/a><br \/>\nOd lutego 1941 r. W KL Ravensbr\u00fcck przeprowadzano egzekucje wi\u0119\u017aniarek, przyby\u0142ych do obozu z wpisanymi w akta wyrokami \u015bmierci, wydanymi przez s\u0105dy dora\u017ane. Ofiary to w du\u017cej cz\u0119\u015bci wi\u0119\u017aniarki polityczne z wi\u0119zie\u0144 Generalnej Guberni, g\u0142\u00f3wnie z Warszawy, Lublina, Cz\u0119stochowy, Radomia, Kielc i Tomaszowa Mazowieckiego, przyby\u0142e w Sondertransportach w dniach 23.09.1941 r., 31.05.1942 r. Przewa\u017ca\u0142y m\u0142ode dziewcz\u0119ta, lecz by\u0142y te\u017c kobiety dojrza\u0142e, a nawet starsze.<a href=\"https:\/\/www.rodzinaravensbruck.pl\/wp-content\/uploads\/2019\/04\/ravensbruck-Furstenberg2.jpg\" target=\"_blank\" rel=\"noopener\"><img loading=\"lazy\" decoding=\"async\" class=\"wp-image-1575 size-medium alignright\" src=\"https:\/\/www.rodzinaravensbruck.pl\/wp-content\/uploads\/2019\/04\/ravensbruck-Furstenberg2-300x212.jpg\" alt=\"\" width=\"300\" height=\"212\" srcset=\"https:\/\/www.rodzinaravensbruck.pl\/wp-content\/uploads\/2019\/04\/ravensbruck-Furstenberg2-300x212.jpg 300w, https:\/\/www.rodzinaravensbruck.pl\/wp-content\/uploads\/2019\/04\/ravensbruck-Furstenberg2-768x543.jpg 768w, https:\/\/www.rodzinaravensbruck.pl\/wp-content\/uploads\/2019\/04\/ravensbruck-Furstenberg2-1024x724.jpg 1024w\" sizes=\"auto, (max-width: 300px) 100vw, 300px\" \/><\/a><br \/>\nDo ko\u0144ca 1942 r. wyroki wykonywano wy\u0142\u0105cznie na Polkach, jednak\u017ce w obozie rozstrzeliwano tak\u017ce kobiety innych narodowo\u015bci.<br \/>\nWi\u0119\u017aniarki rozstrzeliwa\u0142 pluton egzekucyjny z\u0142o\u017cony z cz\u0142onk\u00f3w za\u0142ogi obozu, egzekucji dokonywano najcz\u0119\u015bciej wieczorem w czasie trwania apelu ok. godziny 18.00. Skazane wywo\u017cono z bunkra (obozowego wi\u0119zienia) samochodem tzw. \u201emin\u0105\u201d, na miejsce strace\u0144. Pozorowano tym samym wysy\u0142anie transportu do innego obozu. Czyniono to w celu uspokojenia pozosta\u0142ych wi\u0119\u017aniarek. Pocz\u0105tkowo kobiety rozstrzeliwano w lesie okalaj\u0105cym ob\u00f3z w tzw. Sandgrube, p\u00f3\u017aniej od maja 1943 roku w pobli\u017cu krematorium obozowego. <a href=\"https:\/\/www.rodzinaravensbruck.pl\/wp-content\/uploads\/2019\/04\/ravensbruck-Furstenberg3.jpg\" target=\"_blank\" rel=\"noopener\"><img loading=\"lazy\" decoding=\"async\" class=\"wp-image-1576 size-medium alignleft\" src=\"https:\/\/www.rodzinaravensbruck.pl\/wp-content\/uploads\/2019\/04\/ravensbruck-Furstenberg3-300x200.jpg\" alt=\"\" width=\"300\" height=\"200\" srcset=\"https:\/\/www.rodzinaravensbruck.pl\/wp-content\/uploads\/2019\/04\/ravensbruck-Furstenberg3-300x200.jpg 300w, https:\/\/www.rodzinaravensbruck.pl\/wp-content\/uploads\/2019\/04\/ravensbruck-Furstenberg3-768x512.jpg 768w, https:\/\/www.rodzinaravensbruck.pl\/wp-content\/uploads\/2019\/04\/ravensbruck-Furstenberg3-1024x683.jpg 1024w, https:\/\/www.rodzinaravensbruck.pl\/wp-content\/uploads\/2019\/04\/ravensbruck-Furstenberg3.jpg 1731w\" sizes=\"auto, (max-width: 300px) 100vw, 300px\" \/><\/a><br \/>\nDo kwietnia 1943 r. zw\u0142oki wi\u0119\u017aniarek KL Ravensbr\u00fcck przewo\u017cono w skrzyniach do pobliskiego F\u00fcrstenbergu, gdzie palono je w krematorium, a prochy zakopywano na cmentarzu komunalnym. Poniewa\u017c jednak liczba zmar\u0142ych nieustannie wzrasta\u0142a, zaistnia\u0142a konieczno\u015b\u0107 budowy krematorium w obozie. Uruchomiono je 29.04.1943 r. Pocz\u0105tkowo zainstalowano w nim dwa piece, trzeci dobudowano w ko\u0144cu 1944 r. Jest to jedyna mogi\u0142a, w kt\u00f3rej znajduj\u0105 si\u0119 prochy wi\u0119\u017aniarek mo\u017cliwe do imiennego zidentyfikowania, prochy pozosta\u0142ych ofiar by\u0142y od kwietnia 1943 roku wsypywane do jeziora Schwedt, nad kt\u00f3rym znajduje si\u0119 KL Ravensbr\u00fcck. Ostatnia egzekucja zosta\u0142a przeprowadzona w obozie Ravensbr\u00fcck w dniu 5.01.1945 r.<br \/>\nJu\u017c w roku 1989 na cmentarzu komunalnym w F\u00fcrstenbergu przy Friedhofsweg\u00a0 przypadkowo odnaleziono urny z prochami 39 polskich wi\u0119\u017aniarek. W grobie zachowa\u0142y si\u0119 wieczka urn, na kt\u00f3rych wybito dane zg\u0142adzonych wi\u0119\u017aniarek \u2013 imi\u0119, nazwisko, dat\u0119 i miejsce urodzenia, \u015bmierci i kremacji wraz z numerem z listy krematoryjnej. W\u00f3wczas jednak dokonano jedynie pobie\u017cnych bada\u0144. Tabliczki zabrano do muzeum znajduj\u0105cego si\u0119 na terenie by\u0142ego obozu Ravensbr\u00fcck, a odnalezione szcz\u0105tki ofiar\u00a0 zosta\u0142y pozostawione w miejscu ich odnalezienia w zbiorowej mogile. Na grobie od kilku lat znajduje si\u0119 tablica ufundowana przez w\u0142adze niemieckie zawieraj\u0105ca jednak liczne b\u0142\u0119dy w pisowni imion, nazwisk i dat \u015bmierci.<a href=\"https:\/\/www.rodzinaravensbruck.pl\/wp-content\/uploads\/2019\/04\/ravensbruck-Furstenberg4.jpg\" target=\"_blank\" rel=\"noopener\"><img loading=\"lazy\" decoding=\"async\" class=\"alignleft wp-image-1577 size-medium\" src=\"https:\/\/www.rodzinaravensbruck.pl\/wp-content\/uploads\/2019\/04\/ravensbruck-Furstenberg4-300x200.jpg\" alt=\"\" width=\"300\" height=\"200\" srcset=\"https:\/\/www.rodzinaravensbruck.pl\/wp-content\/uploads\/2019\/04\/ravensbruck-Furstenberg4-300x200.jpg 300w, https:\/\/www.rodzinaravensbruck.pl\/wp-content\/uploads\/2019\/04\/ravensbruck-Furstenberg4-768x512.jpg 768w, https:\/\/www.rodzinaravensbruck.pl\/wp-content\/uploads\/2019\/04\/ravensbruck-Furstenberg4-1024x683.jpg 1024w\" sizes=\"auto, (max-width: 300px) 100vw, 300px\" \/><\/a><br \/>\nNiestety do dzi\u015b fakt istnienia tego wa\u017cnego dla naszego narodu grobu polskich kobiet, \u017co\u0142nierzy Zwi\u0105zku Walki Zbrojnej, Armii Krajowej i innych organizacji konspiracyjnych, jest ma\u0142o znany. Do tej pory nie istniej\u0105 profesjonalnie opracowane informacje na temat zbiorowego grobu na cmentarzu w F\u00fcrstenbergu, jak r\u00f3wnie\u017c listy rozstrzelanych polskich kobiet, kt\u00f3rych prochy spoczywaj\u0105 w tym miejscu. Od roku 1989 nikt z grona historyk\u00f3w znaj\u0105cych ten temat nie zadba\u0142 o to, \u017ceby powiadomi\u0107 rodziny pochowanych tam kobiet o istnieniu tego grobu. Teraz cz\u0119sto jest ju\u017c za p\u00f3\u017ano, aby te zaniedbania nadrobi\u0107.<br \/>\nChcemy zwr\u00f3ci\u0107 uwag\u0119, \u017ce jest to miejsce ogromnie wa\u017cne, kobiety, kt\u00f3re zosta\u0142y rozstrzelane w KL Ravensbr\u00fcck to \u017co\u0142nierze Armii Podziemnej, to te, kt\u00f3re nigdy nie zw\u0105tpi\u0142y i do walki przyst\u0105pi\u0142y ju\u017c w pierwszych miesi\u0105cach niemieckiej okupacji. To by\u0142y przedstawicielki wymordowanych elit spo\u0142ecznych, elit kt\u00f3rych tak bardzo nam brakuje do dnia dzisiejszego.<br \/>\nDlatego \u017ceby sp\u0142aci\u0107 d\u0142ug wdzi\u0119czno\u015bci wobec tych ludzi nasze pokolenie musi godnie uhonorowa\u0107 ich walk\u0119 i m\u0119cze\u0144stwo. Mamy nadziej\u0119 \u017ce uda si\u0119 odnale\u017a\u0107 pozosta\u0142e urny z prochami naszych Bohater\u00f3w i rozpocz\u0105\u0107 prace nad uzyskaniem zgody na postawienie Pomnika Polskich Kobiet \u017bo\u0142nierzy Armii Podziemnej. Ale chyba spraw\u0105 aktualnie najwa\u017cniejsz\u0105 jest zaistnienie obozu Ravensbr\u00fcck w \u015bwiadomo\u015bci historycznej naszego narodu .<br \/>\nAutor tekstu: Pawe\u0142 Wo\u017aniak, Berlin<\/p>\n<p><a href=\"https:\/\/www.tvp.info\/42020831\/urny-z-danymi-wiezniarek-ravensbrck-odkrycie-ipn-na-pobliskim-cmentarzu\">https:\/\/www.tvp.info\/42020831\/urny-z-danymi-wiezniarek-ravensbrck-odkrycie-ipn-na-pobliskim-cmentarzu<\/a><\/p>\n","protected":false},"excerpt":{"rendered":"<p>Od dnia 1 kwietnia 2019 roku specjali\u015bci z Biura Poszukiwa\u0144 i Identyfikacji Instytutu Pami\u0119ci Narodowej pod kierownictwem profesora Krzysztofa Szwagrzyka prowadz\u0105 badania na terenie cmentarza komunalnego w miejscowo\u015bci F\u00fcrstenberg \/ Havel , w tym miejscu s\u0105 poszukiwane urny z prochami rozstrzelanych w KL Ravensbr\u00fcck polskich kobiet.<\/p>\n","protected":false},"author":1,"featured_media":1573,"comment_status":"closed","ping_status":"open","sticky":false,"template":"","format":"standard","meta":{"ngg_post_thumbnail":0,"footnotes":""},"categories":[4],"tags":[],"class_list":["post-1572","post","type-post","status-publish","format-standard","has-post-thumbnail","hentry","category-aktualnosci"],"_links":{"self":[{"href":"https:\/\/www.rodzinaravensbruck.pl\/index.php\/wp-json\/wp\/v2\/posts\/1572","targetHints":{"allow":["GET"]}}],"collection":[{"href":"https:\/\/www.rodzinaravensbruck.pl\/index.php\/wp-json\/wp\/v2\/posts"}],"about":[{"href":"https:\/\/www.rodzinaravensbruck.pl\/index.php\/wp-json\/wp\/v2\/types\/post"}],"author":[{"embeddable":true,"href":"https:\/\/www.rodzinaravensbruck.pl\/index.php\/wp-json\/wp\/v2\/users\/1"}],"replies":[{"embeddable":true,"href":"https:\/\/www.rodzinaravensbruck.pl\/index.php\/wp-json\/wp\/v2\/comments?post=1572"}],"version-history":[{"count":2,"href":"https:\/\/www.rodzinaravensbruck.pl\/index.php\/wp-json\/wp\/v2\/posts\/1572\/revisions"}],"predecessor-version":[{"id":1579,"href":"https:\/\/www.rodzinaravensbruck.pl\/index.php\/wp-json\/wp\/v2\/posts\/1572\/revisions\/1579"}],"wp:featuredmedia":[{"embeddable":true,"href":"https:\/\/www.rodzinaravensbruck.pl\/index.php\/wp-json\/wp\/v2\/media\/1573"}],"wp:attachment":[{"href":"https:\/\/www.rodzinaravensbruck.pl\/index.php\/wp-json\/wp\/v2\/media?parent=1572"}],"wp:term":[{"taxonomy":"category","embeddable":true,"href":"https:\/\/www.rodzinaravensbruck.pl\/index.php\/wp-json\/wp\/v2\/categories?post=1572"},{"taxonomy":"post_tag","embeddable":true,"href":"https:\/\/www.rodzinaravensbruck.pl\/index.php\/wp-json\/wp\/v2\/tags?post=1572"}],"curies":[{"name":"wp","href":"https:\/\/api.w.org\/{rel}","templated":true}]}}