{"id":1725,"date":"2019-05-09T23:30:19","date_gmt":"2019-05-09T21:30:19","guid":{"rendered":"http:\/\/www.rodzinaravensbruck.pl\/?p=1725"},"modified":"2019-05-18T19:46:33","modified_gmt":"2019-05-18T17:46:33","slug":"zegnamy-pania-zofie-pocilowska-kann","status":"publish","type":"post","link":"https:\/\/www.rodzinaravensbruck.pl\/index.php\/2019\/05\/09\/zegnamy-pania-zofie-pocilowska-kann\/","title":{"rendered":"\u017begnamy Pani\u0105 Zofi\u0119 Poci\u0142owsk\u0105-Kann"},"content":{"rendered":"<p>\u017begnamy Pani\u0105 Zofi\u0119 Poci\u0142owsk\u0105-Kann, by\u0142\u0105 wi\u0119\u017aniark\u0119 niemieckiego obozu koncentracyjnego Ravensbr\u00fcck, wielk\u0105 rze\u017abiark\u0119<\/p>\n<p>Z wielkim smutkiem i \u017calem przyj\u0119li\u015bmy wiadomo\u015b\u0107 o \u015bmierci Pani Zofii Poci\u0142owskiej-Kann, kt\u00f3ra zmar\u0142a 8 maja 2019 roku w Warszawie prze\u017cywszy 99 lat.<!--more-->Zofia Poci\u0142owska- Kann urodzi\u0142a si\u0119 3 marca 1920 roku w Charkowie. Prac\u0119 konspiracyjn\u0105 rozpocz\u0119\u0142a w styczniu 1940 r. kiedy wst\u0105pi\u0142a do Zwi\u0105zku Walki Zbrojnej. By\u0142a kurierk\u0105 w Warszawie, a p\u00f3\u017aniej na terenie wschodniej Generalnej Guberni (Lublin, Zamo\u015b\u0107, Nak\u0142o, Siedlce). Aresztowana 19 marca 1941 r. w Ursusie pod Warszaw\u0105 przez lubelskie gestapo, zosta\u0142a przewieziona na Pawiak, a nast\u0119pnie do wi\u0119zienia na Zamku w Lublinie. Zosta\u0142a skazana na kar\u0119 \u015bmierci. 23 wrze\u015bnia 1941 r. wys\u0142ana do obozu koncentracyjnego w Ravensbr\u00fcck. W Ravensbr\u00fcck podj\u0119\u0142a pierwsze pr\u00f3by rze\u017abiarskie, wykona\u0142a wiele miniaturowych rze\u017ab, kt\u00f3rymi obdarowywa\u0142a wsp\u00f3\u0142wi\u0119\u017aniarki, polskich je\u0144c\u00f3w ze stalagu II A. Z obozu powr\u00f3ci\u0142a 15 maja 1945 r. do Warszawy. Uko\u0144czy\u0142a Wydzia\u0142 Rze\u017aby w Akademii Sztuk Pi\u0119knych w Warszawie w czerwcu 1954 r. W \u017cyciu kierowa\u0142a si\u0119 przykazaniem \u201eAby\u015bcie si\u0119 wzajemnie mi\u0142owali\u201d \u2013 wierzy\u0142a, \u017ce takie przes\u0142anie uchroni przed wojn\u0105, zniewoleniem, poni\u017caniem.<\/p>\n<p>Odchodz\u0105 dzielne, szlachetne Kobiety, kt\u00f3re dla warto\u015bci, kt\u00f3rymi si\u0119 kierowa\u0142y \u201eB\u00f3g-Honor-Ojczyzna po\u015bwi\u0119ca\u0142y swoj\u0105 wolno\u015b\u0107, a nawet \u017cycie.<\/p>\n<p>Zapewniamy, \u017ce \u201eIch g\u0142osy nigdy nie zamilkn\u0105\u201d- pami\u0119\u0107 b\u0119dzie przekazywana z pokolenia na pokolenie i b\u0119dzie trwa\u0142a.<\/p>\n<p>W opieku\u0144czych ramionach c\u00f3rek przekroczy\u0142a pr\u00f3g \u017cycia aby stan\u0105\u0107 u bram wieczno\u015bci.<\/p>\n<p>***<br \/>\nNiech Jej Anio\u0142y ceramiczne<br \/>\ni te co skrzyd\u0142a maj\u0105 ze \u015bwiat\u0142a<br \/>\nukoj\u0105 dusz\u0119 zbuntowan\u0105<br \/>\nprzeciw z\u0142u, kt\u00f3re J\u0105 trzyma jak w<br \/>\npotrzasku<br \/>\nniech te Anio\u0142y te \u015bwietliste<br \/>\nogarn\u0105 smutek<br \/>\nomamienie<br \/>\nNiech na swych skrzyd\u0142ach nios\u0105 d\u0142ugo<br \/>\nwtedy odejdzie Jej cierpienie<br \/>\npod powiekami niech zobaczy<br \/>\nwzg\u00f3rza o \u015bwicie poczuje wiatr<br \/>\nniech na kr\u00f3tk\u0105 chwil\u0119<br \/>\nu\u015bmiechnie si\u0119 do Niej ca\u0142y \u015bwiat<br \/>\nAleksandra Kann-Bogomilska,<br \/>\nc\u00f3rka Zofii Poci\u0142owskiej-Kann<\/p>\n<p>\u017begnamy wspania\u0142ego cz\u0142owieka. Rodzinie Zmar\u0142ej sk\u0142adamy najszczersze kondolencje.<\/p>\n<p>Z wyrazami \u017calu i szczerego wsp\u00f3\u0142czucia.<\/p>\n<p>W imieniu Stowarzyszenia \u201eRodzina Wi\u0119\u017aniarek Niemieckiego Obozu Koncentracyjnego Ravensbr\u00fcck\u201d<\/p>\n<p>El\u017cbieta Kuta<\/p>\n","protected":false},"excerpt":{"rendered":"<p>\u017begnamy Pani\u0105 Zofi\u0119 Poci\u0142owsk\u0105-Kann, by\u0142\u0105 wi\u0119\u017aniark\u0119 niemieckiego obozu koncentracyjnego Ravensbr\u00fcck, wielk\u0105 rze\u017abiark\u0119 Z wielkim smutkiem i \u017calem przyj\u0119li\u015bmy wiadomo\u015b\u0107 o \u015bmierci Pani Zofii Poci\u0142owskiej-Kann, kt\u00f3ra zmar\u0142a 8 maja 2019 roku w Warszawie prze\u017cywszy 99 lat.<\/p>\n","protected":false},"author":1,"featured_media":1726,"comment_status":"closed","ping_status":"open","sticky":false,"template":"","format":"standard","meta":{"ngg_post_thumbnail":0,"footnotes":""},"categories":[67],"tags":[],"class_list":["post-1725","post","type-post","status-publish","format-standard","has-post-thumbnail","hentry","category-pamietamy"],"_links":{"self":[{"href":"https:\/\/www.rodzinaravensbruck.pl\/index.php\/wp-json\/wp\/v2\/posts\/1725","targetHints":{"allow":["GET"]}}],"collection":[{"href":"https:\/\/www.rodzinaravensbruck.pl\/index.php\/wp-json\/wp\/v2\/posts"}],"about":[{"href":"https:\/\/www.rodzinaravensbruck.pl\/index.php\/wp-json\/wp\/v2\/types\/post"}],"author":[{"embeddable":true,"href":"https:\/\/www.rodzinaravensbruck.pl\/index.php\/wp-json\/wp\/v2\/users\/1"}],"replies":[{"embeddable":true,"href":"https:\/\/www.rodzinaravensbruck.pl\/index.php\/wp-json\/wp\/v2\/comments?post=1725"}],"version-history":[{"count":1,"href":"https:\/\/www.rodzinaravensbruck.pl\/index.php\/wp-json\/wp\/v2\/posts\/1725\/revisions"}],"predecessor-version":[{"id":1727,"href":"https:\/\/www.rodzinaravensbruck.pl\/index.php\/wp-json\/wp\/v2\/posts\/1725\/revisions\/1727"}],"wp:featuredmedia":[{"embeddable":true,"href":"https:\/\/www.rodzinaravensbruck.pl\/index.php\/wp-json\/wp\/v2\/media\/1726"}],"wp:attachment":[{"href":"https:\/\/www.rodzinaravensbruck.pl\/index.php\/wp-json\/wp\/v2\/media?parent=1725"}],"wp:term":[{"taxonomy":"category","embeddable":true,"href":"https:\/\/www.rodzinaravensbruck.pl\/index.php\/wp-json\/wp\/v2\/categories?post=1725"},{"taxonomy":"post_tag","embeddable":true,"href":"https:\/\/www.rodzinaravensbruck.pl\/index.php\/wp-json\/wp\/v2\/tags?post=1725"}],"curies":[{"name":"wp","href":"https:\/\/api.w.org\/{rel}","templated":true}]}}