{"id":1950,"date":"2020-01-22T19:32:34","date_gmt":"2020-01-22T18:32:34","guid":{"rendered":"http:\/\/www.rodzinaravensbruck.pl\/?p=1950"},"modified":"2020-01-22T19:32:34","modified_gmt":"2020-01-22T18:32:34","slug":"arkadiusz-szlachetko-czlowiek-roku-krono-2019-za-uhonorowanie-pamieci-kobiet-z-ravensbruck","status":"publish","type":"post","link":"https:\/\/www.rodzinaravensbruck.pl\/index.php\/2020\/01\/22\/arkadiusz-szlachetko-czlowiek-roku-krono-2019-za-uhonorowanie-pamieci-kobiet-z-ravensbruck\/","title":{"rendered":"Arkadiusz Szlachetko &#8211; Cz\u0142owiek Roku Krono 2019 za \u201eUhonorowanie pami\u0119ci kobiet z Ravensbr\u00fcck\u201d"},"content":{"rendered":"<p>17stycznia 2020 roku, podczas gali noworocznej firmy Swiss Krono w \u017barach, Arkadiusz Szlachetko, cz\u0142onek naszego Stowarzyszenia, zosta\u0142 wyr\u00f3\u017cniony przez Kapitu\u0142\u0119 w Plebiscycie Cz\u0142owiek Roku Krono 2019 za dzia\u0142alno\u015b\u0107 upami\u0119tniaj\u0105c\u0105 Ofiary II Wojny \u015awiatowej oraz Bohater\u00f3w Narodowych &#8211; <strong>za \u201eUhonorowanie pami\u0119ci kobiet z Ravensbr\u00fcck\u201d. <\/strong><!--more--><\/p>\n<p><em>\u201eTen rodzaj patriotyzmu, jaki przejawia w swoich dzia\u0142aniach Arkadiusz Szlachetko, tak wielka troska o nasz\u0105, polsk\u0105 pami\u0119\u0107 zbiorow\u0105, zas\u0142uguje na wyr\u00f3\u017cnienie ze wszech miar &#8211; uzna\u0142a kapitu\u0142a\u2019<br \/>\n<\/em>W swojej wypowiedzi na gali Arkadiusz Szlachetko wspomnia\u0142 swoj\u0105 prababci\u0119, Mari\u0119 Ratajczak, kt\u00f3rej mogi\u0142y poszukiwania rozpocz\u0105\u0142 w 2017 roku, aby doprowadzi\u0107 do ustalenia nazwisk ponad 100 wi\u0119\u017aniarek, w tym 45 Polek pochowanych w do niedawna bezimiennej mogile w Neubrandenburgu (fili by\u0142ego KL Ravensbr\u00fcck), do upami\u0119tnienia tablic\u0105 z nazwiskami wszystkich wi\u0119\u017aniarek tam pochowanych, r\u00f3\u017cnych narodowo\u015bci, oraz tablic\u0105 po\u015bwi\u0119con\u0105 pami\u0119ci polskich wi\u0119\u017aniarek. \u201e<em>Nie spodziewa\u0142em si\u0119, \u017ce otrzymam tak znakomite wyr\u00f3\u017cnienie. Na pewno jest ono uhonorowaniem mojej prababci, ale r\u00f3wnie\u017c wszystkich kobiet, kt\u00f3re zgin\u0119\u0142y w obozie Ravensbr\u00fcck i spoczywaj\u0105 w tej mogile i przez wiele lat by\u0142y zapomniane &#8211; podkre\u015bli\u0142 po wr\u0119czeniu wyr\u00f3\u017cnienia Arkadiusz Szlachetko. &#8211; Dzi\u0119ki ods\u0142oni\u0119ciu tablicy na zbiorowej mogile w Neubrandenburgu zwr\u00f3cili\u015bmy te nazwiska<\/em>\u201d<em>.<br \/>\n<\/em>Spo\u015br\u00f3d 330 nominowanych os\u00f3b wyr\u00f3\u017cniaj\u0105cych si\u0119 w wielu dziedzinach spo\u0142ecznych, naukowych, kulturowych, Arkadiusz Szlachetko znalaz\u0142 si\u0119 w gronie trzech laureat\u00f3w.<br \/>\nSerdecznie gratulujemy, cieszymy si\u0119, wierzymy, \u017ce pami\u0119\u0107 o naszych matkach, babciach, prababciach, krewnych, nauczycielkach, dzielnych Kobietach z <em>Ravensbr\u00fcck <\/em>nie b\u0119dzie zapomniana \u2013 \u017ce echo ich g\u0142os\u00f3w nie zamilknie przy tak wspania\u0142ych postawach!<a href=\"https:\/\/gazetalubuska.pl\/zary-czlowiek-roku-krono-2019-wybrany-kto-zwyciezyl-i-kto-zostal-wyrozniony-w-najwazniejszym-konkursie-gazety-lubuskiej-i-swiss\/ar\/c1-14722898\">https:\/\/gazetalubuska.pl\/zary-czlowiek-roku-krono-2019-wybrany-kto-zwyciezyl-i-kto-zostal-wyrozniony-w-najwazniejszym-konkursie-gazety-lubuskiej-i-swiss\/ar\/c1-14722898<\/a><\/p>\n<p>Historia bezimiennej zbiorowej mogi\u0142y i odkrycia nazwisk pochowanych tam Wi\u0119\u017aniarek KL Ravensbr\u00fcck, podobozu w Neubrndenburgu zosta\u0142a opisana na stronach Stowarzyszenia:<br \/>\n<a href=\"https:\/\/www.rodzinaravensbruck.pl\/index.php\/2017\/08\/18\/miejsce-pochowku-prochow-43-kobiet-w-neubrandenburgu-czeka-na-upamietnienie\/\">https:\/\/www.rodzinaravensbruck.pl\/index.php\/2017\/08\/18\/miejsce-pochowku-prochow-43-kobiet-w-neubrandenburgu-czeka-na-upamietnienie\/<\/a><\/p>\n<p><a href=\"https:\/\/www.rodzinaravensbruck.pl\/index.php\/2017\/09\/22\/corka-i-prawnuk-marii-ratajczak-wiezniarki-kl-ravensbruck-na-cmentarzu-w-neubrandenburgu\/\">https:\/\/www.rodzinaravensbruck.pl\/index.php\/2017\/09\/22\/corka-i-prawnuk-marii-ratajczak-wiezniarki-kl-ravensbruck-na-cmentarzu-w-neubrandenburgu\/<\/a><\/p>\n<p><a href=\"https:\/\/www.rodzinaravensbruck.pl\/index.php\/2017\/10\/19\/pole-rozowych-tulipanow\/\">https:\/\/www.rodzinaravensbruck.pl\/index.php\/2017\/10\/19\/pole-rozowych-tulipanow\/<\/a><\/p>\n<p>a tak\u017ce:<\/p>\n<p><a href=\"https:\/\/www.zachod.pl\/96592\/odslonieto-tablice-upamietniajaca-polki-wiezniarki-filii-kl-ravensbruck\/\">https:\/\/www.zachod.pl\/96592\/odslonieto-tablice-upamietniajaca-polki-wiezniarki-filii-kl-ravensbruck\/<\/a><\/p>\n<p><a href=\"https:\/\/ipn.gov.pl\/pl\/upamietnianie\/biezaca-dzialalnosc-biu\/69109,Uroczystosc-odsloniecia-tablicy-upamietniajacej-Polki-45-wiezniarek-filii-KL-Rav.html\">https:\/\/ipn.gov.pl\/pl\/upamietnianie\/biezaca-dzialalnosc-biu\/69109,Uroczystosc-odsloniecia-tablicy-upamietniajacej-Polki-45-wiezniarek-filii-KL-Rav.html<\/a><\/p>\n<p>El\u017cbieta Kuta<\/p>\n<p><span style=\"font-size: 8pt;\"><em>fotografia : https:\/\/gazetalubuska.pl\/zary-czlowiek-roku-krono-2019-wybrany-kto-zwyciezyl-i-kto-zostal-wyrozniony-w-najwazniejszym-konkursie-gazety-lubuskiej-i-swiss\/ga\/c1-14722898\/zd\/41384382<\/em><\/span><\/p>\n","protected":false},"excerpt":{"rendered":"<p>17stycznia 2020 roku, podczas gali noworocznej firmy Swiss Krono w \u017barach, Arkadiusz Szlachetko, cz\u0142onek naszego Stowarzyszenia, zosta\u0142 wyr\u00f3\u017cniony przez Kapitu\u0142\u0119 w Plebiscycie Cz\u0142owiek Roku Krono 2019 za dzia\u0142alno\u015b\u0107 upami\u0119tniaj\u0105c\u0105 Ofiary II Wojny \u015awiatowej oraz Bohater\u00f3w Narodowych &#8211; za \u201eUhonorowanie pami\u0119ci kobiet z Ravensbr\u00fcck\u201d.<\/p>\n","protected":false},"author":1,"featured_media":1951,"comment_status":"closed","ping_status":"open","sticky":false,"template":"","format":"standard","meta":{"ngg_post_thumbnail":0,"footnotes":""},"categories":[4],"tags":[],"class_list":["post-1950","post","type-post","status-publish","format-standard","has-post-thumbnail","hentry","category-aktualnosci"],"_links":{"self":[{"href":"https:\/\/www.rodzinaravensbruck.pl\/index.php\/wp-json\/wp\/v2\/posts\/1950","targetHints":{"allow":["GET"]}}],"collection":[{"href":"https:\/\/www.rodzinaravensbruck.pl\/index.php\/wp-json\/wp\/v2\/posts"}],"about":[{"href":"https:\/\/www.rodzinaravensbruck.pl\/index.php\/wp-json\/wp\/v2\/types\/post"}],"author":[{"embeddable":true,"href":"https:\/\/www.rodzinaravensbruck.pl\/index.php\/wp-json\/wp\/v2\/users\/1"}],"replies":[{"embeddable":true,"href":"https:\/\/www.rodzinaravensbruck.pl\/index.php\/wp-json\/wp\/v2\/comments?post=1950"}],"version-history":[{"count":1,"href":"https:\/\/www.rodzinaravensbruck.pl\/index.php\/wp-json\/wp\/v2\/posts\/1950\/revisions"}],"predecessor-version":[{"id":1952,"href":"https:\/\/www.rodzinaravensbruck.pl\/index.php\/wp-json\/wp\/v2\/posts\/1950\/revisions\/1952"}],"wp:featuredmedia":[{"embeddable":true,"href":"https:\/\/www.rodzinaravensbruck.pl\/index.php\/wp-json\/wp\/v2\/media\/1951"}],"wp:attachment":[{"href":"https:\/\/www.rodzinaravensbruck.pl\/index.php\/wp-json\/wp\/v2\/media?parent=1950"}],"wp:term":[{"taxonomy":"category","embeddable":true,"href":"https:\/\/www.rodzinaravensbruck.pl\/index.php\/wp-json\/wp\/v2\/categories?post=1950"},{"taxonomy":"post_tag","embeddable":true,"href":"https:\/\/www.rodzinaravensbruck.pl\/index.php\/wp-json\/wp\/v2\/tags?post=1950"}],"curies":[{"name":"wp","href":"https:\/\/api.w.org\/{rel}","templated":true}]}}