{"id":1954,"date":"2020-01-25T22:56:06","date_gmt":"2020-01-25T21:56:06","guid":{"rendered":"http:\/\/www.rodzinaravensbruck.pl\/?p=1954"},"modified":"2020-01-25T22:56:06","modified_gmt":"2020-01-25T21:56:06","slug":"dama-orla-bialego-zofia-stefania-posmysz-piasecka","status":"publish","type":"post","link":"https:\/\/www.rodzinaravensbruck.pl\/index.php\/2020\/01\/25\/dama-orla-bialego-zofia-stefania-posmysz-piasecka\/","title":{"rendered":"Dama Or\u0142a Bia\u0142ego &#8211; Zofia Stefania POSMYSZ-PIASECKA"},"content":{"rendered":"<p><a href=\"https:\/\/www.niedziela.pl\/artykul\/131186\/nd\/Zawsze-mozna-czynic-dobro\">https:\/\/www.niedziela.pl\/artykul\/131186\/nd\/Zawsze-mozna-czynic-dobro<\/a><\/p>\n<p>24 styczna 2020 roku, Prezydent RP Andrzej Duda, nada\u0142 to najwy\u017csze odznaczenie pa\u0144stwowe RP, <strong>Zofii Stefanii Posmysz-Piaseckiej <\/strong>\u201ew uznaniu znamienitych zas\u0142ug w upowszechnianiu wiedzy o Holokau\u015bcie i martyrologii Polak\u00f3w, wi\u0119\u017ani\u00f3w niemieckich oboz\u00f3w koncentracyjnych w czasach II wojny\u00a0 \u015bwiatowej\u201d.<!--more--><\/p>\n<p>By\u0142a wi\u0119\u017aniark\u0105 niemieckich oboz\u00f3w koncentracyjnych Auschwitz, Ravensbr\u00fcck i Neustadt-Glewe (od 1942 r. do wyzwolenia).<br \/>\nPrze\u017cy\u0142a eksperymenty pseudomedyczne i marsz \u015bmierci.<br \/>\nJest pisark\u0105, dziennikark\u0105, scenarzystk\u0105.<br \/>\nZa swoj\u0105 misj\u0119 przyj\u0119\u0142a \u015bwiadczenie prawdy o obozach.<\/p>\n<p>Wielce Szanownej Pani Zofii <strong>Posmysz-Piaseckiej sk\u0142adamy serdeczne gratulacje, dzi\u0119kujemy za \u015bwiadectwa dawane w wywiadach, ksi\u0105\u017ckach, wyk\u0142adach spotkaniach. Ca\u0142e swoje powojenne \u017cycie po\u015bwi\u0119ci\u0142a Pani aby, jako \u015awiadek, przekazywa\u0107 prawd\u0119 o niemieckich obozach koncentracyjnych \u017ceby wsp\u00f3\u0142czesny \u015bwiat nie zapomnia\u0142 o tym co si\u0119 wydarzy\u0142o i aby to by\u0142o przestrog\u0105 dla nast\u0119pnych pokole\u0144 \u2013 nigdy wi\u0119cej wojny!<\/strong><\/p>\n<p><a href=\"https:\/\/www.prezydent.pl\/aktualnosci\/ordery-i-odznaczenia\/art,520,order-orla-bialego-dla-zofii-posmysz-piaseckiej.html?fbclid=IwAR1j3LNyIEIO4mzc__KOJqoC5vVeQgfvHPxyZwaGy-miXLy0l4M2YYcKFpM\">https:\/\/www.prezydent.pl\/\u2026\/art,520,order-orla-bialego-dla-z\u2026<\/a><\/p>\n<p><a href=\"https:\/\/www.radiomaryja.pl\/informacje\/prezydent-a-duda-odznaczyl-orderem-orla-bialego-z-posmysz-piasecka\/\">https:\/\/www.radiomaryja.pl\/informacje\/prezydent-a-duda-odznaczyl-orderem-orla-bialego-z-posmysz-piasecka\/<\/a><\/p>\n<p><a href=\"https:\/\/www.tvp.info\/46341973\/byla-wiezniarka-auschwitz-zofia-posmyszpiasecka-odznaczona-orderem-orla-bialego\">https:\/\/www.tvp.info\/46341973\/byla-wiezniarka-auschwitz-zofia-posmyszpiasecka-odznaczona-orderem-orla-bialego<\/a><\/p>\n<p>El\u017cbieta Kuta<\/p>\n","protected":false},"excerpt":{"rendered":"<p>https:\/\/www.niedziela.pl\/artykul\/131186\/nd\/Zawsze-mozna-czynic-dobro 24 styczna 2020 roku, Prezydent RP Andrzej Duda, nada\u0142 to najwy\u017csze odznaczenie pa\u0144stwowe RP, Zofii Stefanii Posmysz-Piaseckiej \u201ew uznaniu znamienitych zas\u0142ug w upowszechnianiu wiedzy o Holokau\u015bcie i martyrologii Polak\u00f3w, wi\u0119\u017ani\u00f3w niemieckich oboz\u00f3w koncentracyjnych w czasach II wojny\u00a0 \u015bwiatowej\u201d.<\/p>\n","protected":false},"author":1,"featured_media":1955,"comment_status":"closed","ping_status":"open","sticky":false,"template":"","format":"standard","meta":{"ngg_post_thumbnail":0,"footnotes":""},"categories":[4],"tags":[],"class_list":["post-1954","post","type-post","status-publish","format-standard","has-post-thumbnail","hentry","category-aktualnosci"],"_links":{"self":[{"href":"https:\/\/www.rodzinaravensbruck.pl\/index.php\/wp-json\/wp\/v2\/posts\/1954","targetHints":{"allow":["GET"]}}],"collection":[{"href":"https:\/\/www.rodzinaravensbruck.pl\/index.php\/wp-json\/wp\/v2\/posts"}],"about":[{"href":"https:\/\/www.rodzinaravensbruck.pl\/index.php\/wp-json\/wp\/v2\/types\/post"}],"author":[{"embeddable":true,"href":"https:\/\/www.rodzinaravensbruck.pl\/index.php\/wp-json\/wp\/v2\/users\/1"}],"replies":[{"embeddable":true,"href":"https:\/\/www.rodzinaravensbruck.pl\/index.php\/wp-json\/wp\/v2\/comments?post=1954"}],"version-history":[{"count":1,"href":"https:\/\/www.rodzinaravensbruck.pl\/index.php\/wp-json\/wp\/v2\/posts\/1954\/revisions"}],"predecessor-version":[{"id":1956,"href":"https:\/\/www.rodzinaravensbruck.pl\/index.php\/wp-json\/wp\/v2\/posts\/1954\/revisions\/1956"}],"wp:featuredmedia":[{"embeddable":true,"href":"https:\/\/www.rodzinaravensbruck.pl\/index.php\/wp-json\/wp\/v2\/media\/1955"}],"wp:attachment":[{"href":"https:\/\/www.rodzinaravensbruck.pl\/index.php\/wp-json\/wp\/v2\/media?parent=1954"}],"wp:term":[{"taxonomy":"category","embeddable":true,"href":"https:\/\/www.rodzinaravensbruck.pl\/index.php\/wp-json\/wp\/v2\/categories?post=1954"},{"taxonomy":"post_tag","embeddable":true,"href":"https:\/\/www.rodzinaravensbruck.pl\/index.php\/wp-json\/wp\/v2\/tags?post=1954"}],"curies":[{"name":"wp","href":"https:\/\/api.w.org\/{rel}","templated":true}]}}