{"id":1978,"date":"2020-02-23T14:46:22","date_gmt":"2020-02-23T13:46:22","guid":{"rendered":"http:\/\/www.rodzinaravensbruck.pl\/?p=1978"},"modified":"2020-02-23T17:06:48","modified_gmt":"2020-02-23T16:06:48","slug":"idac-po-ich-sladach","status":"publish","type":"post","link":"https:\/\/www.rodzinaravensbruck.pl\/index.php\/2020\/02\/23\/idac-po-ich-sladach\/","title":{"rendered":"Id\u0105c po Ich \u015bladach\u2026"},"content":{"rendered":"<p>Moje wspomnienia o pielgrzymowaniu na Jasn\u0105 G\u00f3r\u0119 kobiet, kt\u00f3re prze\u017cy\u0142y FKL Ravensbr\u00fcck.<br \/>\nW 2013 r. p. Maria z d. Czapla Markiewicz przy okazji odwiedzin z okazji Jej setnych urodzin, powierzy\u0142a mi bardzo wa\u017cne dokumenty zebrane w Ksi\u0119dze zmar\u0142ych Ravensbr\u00fcczanek ze \u015al\u0105ska i Zag\u0142\u0119bia prowadzon\u0105 przez p. Mari\u0119\u00a0 od 1946 r. <!--more-->Ksi\u0119ga ta sk\u0142ada si\u0119 z 3 tom\u00f3w archiwalnych dokument\u00f3w: wspomnie\u0144 rodzin, wsp\u00f3\u0142wi\u0119\u017aniarek, cz\u0119sto osobi\u015bcie pisanych \u017cyciorys\u00f3w, wycink\u00f3w z gazet, fotografii, nie opublikowanych wierszy itp. Pani Maria wyznaczy\u0142a mi zadanie doko\u0144czenia Ksi\u0119gi. W 2016 roku zmar\u0142a moja mama Katarzyna Mateja, w 2017 roku 103-letnia Maria Markiewicz, w 2020 Maria Kozie\u0142. Zgromadzi\u0142am ju\u017c dokumentacj\u0119 o Nich.<\/p>\n<p>W I tomie Ksi\u0119gi pod nr 41 znajduj\u0105 si\u0119 informacje o wybitnej i bardzo wa\u017cnej postaci dla wszystkich Ravensbr\u00fcczanek z woj. \u015bl\u0105skiego oraz ca\u0142ej Polski, mianowicie o dru\u017cynowej konspiracyjnej dru\u017cyny \u201eMury\u201d \u015bp. hm J\u00f3zefie \u201eZiucie\u201d Kantor, w obozie znanej r\u00f3wnie\u017c jako \u201eProboszcz\u201d. J\u00f3zefa Kantor prowadzi\u0142a w wielkiej konspiracji nabo\u017ce\u0144stwa, a nawet udziela\u0142a w \u015awi\u0119ta Bo\u017cego Narodzenia Komunii \u015bwi\u0119tej. Komunikanty by\u0142y konsekrowane przez ksi\u0119dza, a przemyci\u0142a je na teren obozu siostra zakonna, wi\u0119\u017aniarka (opis tego zdarzenia znajduje si\u0119 w ksi\u0105\u017cce \u201eZwyci\u0119\u017cy\u0142y warto\u015bci\u201d, znam je r\u00f3wnie\u017c z relacji mamy). J\u00f3zefa Kantor w styczniu 1945 r. um\u00f3wi\u0142a si\u0119 ze swoimi harcerkami na spotkanie u Matki Przenaj\u015bwi\u0119tszej w Cz\u0119stochowie na dzie\u0144 3 maja 1946 roku.<\/p>\n<p>Oczywi\u015bcie zaproszenie dotyczy\u0142o wszystkich, wi\u0119\u017aniarki informowa\u0142y si\u0119 wzajemnie, chcia\u0142y wierzy\u0107, \u017ce prze\u017cyj\u0105 i tam na wotywnej pielgrzymce si\u0119 spotkaj\u0105. Przyrzeczenia dotrzyma\u0142y. W za\u0142\u0105czeniu zdj\u0119cie z 3 maja 1946 r. dokumentuj\u0105ce to wydarzenie. J\u00f3zefa Kantor przez wszystkie lata, dop\u00f3ty zdrowie Jej pozwoli\u0142o, prowadzi\u0142a Ravensbr\u00fcczanki na Jasn\u0105 G\u00f3r\u0119, wyznacza\u0142a zadania swoim harcerkom ale i innym pielgrzymuj\u0105cym (modlitwa wiernych, podzi\u0119kowania, scenariusz konferencji w Auli Jana Paw\u0142a II).<\/p>\n<p>Oto fragment wspomnie\u0144 o \u015bp. \u201eZiucie\u201d (05.03.1896 r. &#8211; 25.09.1990 r.) cyt. \u201e<em>(\u2026) J\u00f3zefa Kantor przez kole\u017canki zwana Ziut\u0105 swoje pi\u0119kne \u017cycie wype\u0142ni\u0142a przykazaniem mi\u0142o\u015bci. By\u0142a worow\u0105 wychowawczyni\u0105 i nauczycielk\u0105 zaanga\u017cowan\u0105 w sprawy spo\u0142eczne i patriotyczne. W obozie Ravensbr\u00fcck zorganizowa\u0142a tajn\u0105 dru\u017cyn\u0119 harcersk\u0105 \u201eMury\u201d. By\u0142a wielkim autorytetem moralnym, drogowskazem do wolno\u015bci i przewodniczk\u0105 \u017cycia duchowego. Po wojnie <strong>by\u0142a organizatork\u0105 pielgrzymek Jasnog\u00f3rskich, wyjazd\u00f3w do miejsc kultu Naj\u015bwi\u0119tszej Marii Panny w kraju i za granic\u0105, corocznych kwietniowych wyjazd\u00f3w do Ravensbr\u00fcck, inicjatork\u0105 \u201eDni Skupienia\u201d w Panewnikach\u201d<\/strong><\/em><strong> (za\u0142. foto).<\/strong><\/p>\n<p>By\u0142am w Cz\u0119stochowie 13 lutego br. aby om\u00f3wi\u0107 sprawy organizacyjne naszej pielgrzymki (rodzin, przyjaci\u00f3\u0142, harcerzy itp.) w 75. rocznic\u0119 wyzwolenia. Wykorzysta\u0142am czas i podj\u0119\u0142am poszukiwania \u015blad\u00f3w Ich pielgrzymowania. Pozna\u0142am Ojca Rakoczego, starszego ju\u017c wiekiem Paulina, kt\u00f3ry doskonale pami\u0119ta\u0142 t\u0142umne pielgrzymowanie z XX wieku wi\u0119\u017aniarek z Ravensbru\u00fcck. Wiedzia\u0142am o wotum ofiarowanym w 50-lecie wyzwolenia w 1995 roku, (o tym za chwil\u0119) ale Ojciec Rakoczy przekaza\u0142 mi, \u017ce jeden jedyny raz na Jasnej G\u00f3rze w Kaplicy Cudownego Obrazu osobi\u015bcie \u015bp. ks. Prymas Kardyna\u0142 Stefan Wyszy\u0144ski w 30. rocznic\u0119 wyzwolenia 3 maja 1975 roku, przyj\u0105\u0142 z r\u0105k Ravensbr\u00fcczanki (czy kto\u015b poznaje t\u0119 kobiet\u0119 na zdj\u0119ciu? Bardzo prosz\u0119 o informacje) wotum \u2013 szkatu\u0142k\u0119 z prochami pomordowanych w Ravensbr\u00fcck. Oczywi\u015bcie pielgrzymk\u0119 prowadzi\u0142a J\u00f3zefa Kantor. W za\u0142\u0105czeniu zdj\u0119cie, pisemna informacja oraz fragment homilii ks. Prymasa Tysi\u0105clecia wyg\u0142oszonego wtedy, 3 maja\u00a0 1975 roku. Msz\u0119 \u015bwi\u0119t\u0105 koncelebrowa\u0142 p\u00f3\u017aniejszy ks. prymas J\u00f3zef Glemp. Szkatu\u0142ka znajduje si\u0119 w Kaplicy z Urnami z r\u00f3\u017cnych historycznych miejsc przesi\u0105kni\u0119tych polsk\u0105 krwi\u0105, kt\u00f3ra znajduje si\u0119 w pobli\u017cu Skarbca. 25 wrze\u015bnia 2020 roku up\u0142ynie 30 lat od \u015bmierci J\u00f3zefy Kantor. Spoczywa na cmentarzu w Katowicach\u2013Szopienicach. W 1992 r. by\u0142e wi\u0119\u017aniarki z\u0142o\u017cy\u0142y na r\u0119ce ks. biskupa Damiana Zimonia pismo w sprawie beatyfikacji \u015bp. J\u00f3zefy Kantor. Ks. Stanis\u0142aw Micha\u0142owski (o kt\u00f3rym w dalszej cz\u0119\u015bci mojego wspominania), opublikowa\u0142 w 2010 roku \u201eWspomnienia o ksi\u0119dzu Czes\u0142awie Podleskim\u201d(1934\u20132009) wieloletnim ksi\u0119dzu dyrektorze Apostolstwa Chorych, opiekunie duchowym pielgrzymuj\u0105cych Ravensbr\u00fcczanek. Ksi\u0105dz Stanis\u0142aw Micha\u0142owski przez wszystkie te lata wsp\u00f3\u0142pracowa\u0142 w Apostolstwie Chorych z ks. dr Czes\u0142awem Podleskim.<\/p>\n<p>W ksi\u0105\u017cce znajduj\u0105 si\u0119 wspomnienia Ravensbr\u00fcczanek o pielgrzymowaniu na Jasn\u0105 G\u00f3r\u0119, a tak\u017ce o \u015bp. przewodniczce hm J\u00f3zefie Kantor. Wspomina Katarzyna nr ob. 10662: <em>\u201eZmar\u0142a w opinii \u015bwi\u0119to\u015bci w 1990 roku. Ta skromna w \u017cyciu, dobra i m\u0105dra nauczycielka nie wyobra\u017ca\u0142a sobie dnia bez Komunii \u015bwi\u0119tej, tote\u017c w ka\u017cdym naszym wsp\u00f3lnym wyje\u017adzie by\u0142\u00a0 z nami ksi\u0105dz &#8211; opiekun. Ks. pra\u0142at Czes\u0142aw Podleski przekonany by\u0142 o \u015bwi\u0119to\u015bci Ziutki, pomaga\u0142 wi\u0119c \u201ekomitetowi\u201d w napisaniu i udokumentowaniu petycji do Jego Ekscelencji ks. abp. Damiana Zimonia metropolity katowickiego. Na to pismo otrzymali\u015bmy odpowied\u017a 25 lutego 1992 roku, nr VH41\/12992 nast\u0119puj\u0105cej tre\u015bci: Nie mo\u017cna wykluczy\u0107, \u017ce w przysz\u0142o\u015bci \u015bp. J\u00f3zefa Kantor b\u0119dzie r\u00f3wnie\u017c kandydatk\u0105 na o\u0142tarze\u201d.<\/em> W Ksi\u0119dze zmar\u0142ych powierzonej mi przez \u015bp. Mari\u0119 Markiewicz odnalaz\u0142am kopi\u0119 tego pisma (za\u0142. foto). My\u015bl\u0119 \u017ce nadszed\u0142 czas, aby podj\u0105\u0107 dzia\u0142ania zwi\u0105zane ze wznowieniem procesu beatyfikacyjnego J\u00f3zefy Kantor i do tego si\u0119 zobowi\u0105zuj\u0119.<\/p>\n<p>Do 1995 roku pielgrzymki trwa\u0142y 2 dni. We wszystkich uczestniczy\u0142 Sztandar \u201eMur\u00f3w\u201d, kt\u00f3ry w XXI w. przez W\u0142adys\u0142aw\u0119 Sikorow\u0105 (1917 \u2013 2010), Katarzyn\u0119 Matejow\u0105 (1920 \u2013 2016) Kamil\u0119 Syczow\u0105 (1920 \u2013 2019) oraz Zofi\u0119 Poci\u0142owsk\u0105-Kann (1920 \u2013 2019) zosta\u0142 przekazany Muzeum Harcerstwa Polskiego (za\u0142. foto z tego zdarzenia).<\/p>\n<p>We wspomnieniach o ks. pra\u0142acie Stanis\u0142awie Podleskim wyczyta\u0142am, \u017ce na 40. pielgrzymowanie Ravensbr\u00fcczanki ofiarowa\u0142y swojej Jasnog\u00f3rskiej Kr\u00f3lowej listy. By\u0142y to odr\u0119cznie pisane wspomnienia, bardzo osobiste, kt\u00f3re \u015bp. ksi\u0105dz pra\u0142at Czes\u0142aw Podleski przepisywa\u0142 na maszynie. Zebrane w ca\u0142o\u015b\u0107 ofiarowa\u0142a \u201eZiuta\u201d Jasnog\u00f3rskiej Pani. 10 lat p\u00f3\u017aniej, w 1995 roku by\u0142o tak: <em>\u201eJubileuszowa pielgrzymka (18 maja 1995 r.) przebiega\u0142a pod has\u0142em: Kr\u00f3lowej swej wierno\u015b\u0107 przysi\u0119ga\u0142am .By\u0142y proporce, sztandary. By\u0142o wielu ojc\u00f3w paulin\u00f3w z kapitanem o. Golonk\u0105 na czele. Byli zaprzyja\u017anieni z nami kap\u0142ani, m.in. ksi\u0119\u017ca: Henryk Panek, Zenon Raczy\u0144ski, Leopold Chojnacki \u2013 wszyscy jako celebranci z ks. pra\u0142atem Czes\u0142awem Podleskim na czele. Towarzyszyli Biskupowi w liturgii mszalnej. Na srebrnej tablicy wotywnej wyryte by\u0142y s\u0142owa: \u201eW podzi\u0119ce Kr\u00f3lowej Polski za wolno\u015b\u0107 Ojczyzny i ocalenie z oboz\u00f3w koncentracyjnych \u2013 50. pielgrzymka by\u0142ych wi\u0119\u017aniarek <\/em>\u2013<em> 1995\u201d. Z\u0142o\u017cono t\u0119 tablic\u0119 na o\u0142tarzu wraz z du\u017cym bukietem<\/em> <em>bia\u0142o-czerwonych r\u00f3\u017c. Dla ksi\u0119\u017cy biskup\u00f3w Antoniego D\u0142ugosza i Stanis\u0142awa Nowaka nasze pielgrzymki s\u0105 fenomenem. (\u2026)\u201d<\/em><\/p>\n<p>Z tej samej ksi\u0105\u017cki cyt. <em>\u201eW maju 2008 roku, na 63. ju\u017c pielgrzymce, oficjalnie zako\u0144czy\u0142y\u015bmy pielgrzymowanie. By\u0142o nas tylko 18. Ksi\u0105dz dyrektor Apostolstwa Chorych Stanis\u0142aw Micha\u0142owski przyrzek\u0142 nam, i\u017c p\u00f3ki b\u0119dzie m\u00f3g\u0142, w drug\u0105 \u015brod\u0119 lub czwartek maja ka\u017cdego roku ofiaruje w naszej intencji Msz\u0119 \u015bwi\u0119t\u0105 na Jasnej G\u00f3rze w Kaplicy Kr\u00f3lowej Polski, kt\u00f3ra b\u0119dzie mia\u0142a si\u0142y, przyjedzie.\u201d<\/em><\/p>\n<p>Uchwa\u0142\u0105 Senatu RP z 30 marca 2011 roku miesi\u0105c kwiecie\u0144 zosta\u0142 og\u0142oszony Miesi\u0105cem Pami\u0119ci Narodowej o wi\u0119\u017aniarkach niemieckiego FKL Ravensbr\u00fcck.<\/p>\n<p>11 listopada 2011 roku po polowej Mszy \u015bw. za Ojczyzn\u0119 na Prze\u0142\u0119czy Rydza \u015amig\u0142ego, dr Wanda P\u00f3\u0142tawska zwr\u00f3ci\u0142a si\u0119 do mnie z propozycj\u0105 wznowienia pielgrzymowania rodzin, przyjaci\u00f3\u0142, s\u0142owem kolejnych pokole\u0144, kt\u00f3rym bliskie s\u0105 Warto\u015bci , kt\u00f3rymi \u017cy\u0142y (a nawet dla nich umiera\u0142y) wi\u0119\u017aniarki polityczne FKL Ravensbr\u00fcck, Warto\u015bci, kt\u00f3re przyprowadza\u0142y je przez kilkadziesi\u0105t lat do Matki nas Wszystkich \u2013 Jasnog\u00f3rskiej Kr\u00f3lowej. Od kwietnia 2012 roku pielgrzymujemy. S\u0105 w\u015br\u00f3d nas nieliczne ju\u017c wi\u0119\u017aniarki. Prawie zawsze przybywa dr Wanda P\u00f3\u0142tawska. W kwietniu 2020 roku w 75. rocznic\u0119 wyzwolenia b\u0119dzie to ju\u017c 8. pielgrzymka organizowana przez Rodziny i Przyjaci\u00f3\u0142. We wszystkich uczestniczy\u0142 ks. prob. Stanis\u0142aw Micha\u0142owski, za co z ca\u0142ego serca dzi\u0119kuj\u0119. Dwukrotnie by\u0142 z nami ks. dr Robert Ogrodnik.<\/p>\n<p>Mam nadziej\u0119 \u017ce spotkamy si\u0119 w du\u017cej Rodzinie tych, kt\u00f3rym bliska jest pami\u0119\u0107 o pokoleniu wojennych dziewczyn, tych kt\u00f3re pielgrzymowa\u0142y kilkadziesi\u0105t razy dzi\u0119kuj\u0105c za \u017cycie, wolno\u015b\u0107, Ojczyzn\u0119 i nas \u2013Ich dzieci i wnuki.<\/p>\n<p>Mszy \u015bwi\u0119tej 04 kwietnia o godz. 11.00 w Kaplicy Cudownego Obrazu przewodniczy\u0142 b\u0119dzie ks. biskup archidiecezji cz\u0119stochowskiej Andrzej Przybylski. Mam nadziej\u0119, \u017ce b\u0119d\u0105 z nami ks. dr Robert Ogrodnik oraz ks. prob. Stanis\u0142aw Micha\u0142owski, a tak\u017ce ks. dyr. Edycji \u015bw. Paw\u0142a Daniel \u0141uka.<\/p>\n<p>Tego dnia wr\u0119czymy nasz dar, wotum od nast\u0119pnych pokole\u0144: dzieci, wnuk\u00f3w, prawnuk\u00f3w, przyjaci\u00f3\u0142.<\/p>\n<p>Maria Lorens, wiceprezes Stowarzyszenia.<\/p>\n<p><span style=\"font-size: 10pt;\"><em>Zdj\u0119cia pochodz\u0105 ze zbior\u00f3w Mari Lorens.<\/em><\/span><\/p>\n<div  id=\"jtg-2020\" class=\"modula modula-gallery modula-creative-gallery\" data-config=\"{&quot;height&quot;:1200,&quot;tabletHeight&quot;:1200,&quot;mobileHeight&quot;:1200,&quot;desktopHeight&quot;:1200,&quot;enableTwitter&quot;:true,&quot;enableWhatsapp&quot;:true,&quot;enableFacebook&quot;:true,&quot;enablePinterest&quot;:true,&quot;enableLinkedin&quot;:true,&quot;enableEmail&quot;:false,&quot;randomFactor&quot;:0.5,&quot;type&quot;:&quot;creative-gallery&quot;,&quot;columns&quot;:12,&quot;gutter&quot;:10,&quot;mobileGutter&quot;:10,&quot;tabletGutter&quot;:10,&quot;desktopGutter&quot;:10,&quot;enableResponsive&quot;:&quot;1&quot;,&quot;tabletColumns&quot;:&quot;2&quot;,&quot;mobileColumns&quot;:&quot;1&quot;,&quot;lazyLoad&quot;:0,&quot;lightboxOpts&quot;:{&quot;animated&quot;:true,&quot;Thumbs&quot;:{&quot;type&quot;:&quot;modern&quot;,&quot;showOnStart&quot;:false},&quot;Toolbar&quot;:{&quot;display&quot;:{&quot;right&quot;:[&quot;close&quot;]},&quot;enabled&quot;:true},&quot;Carousel&quot;:{&quot;Panzoom&quot;:{&quot;touch&quot;:true},&quot;infinite&quot;:false},&quot;keyboard&quot;:{&quot;Escape&quot;:&quot;close&quot;,&quot;Delete&quot;:&quot;close&quot;,&quot;Backspace&quot;:&quot;close&quot;,&quot;PageUp&quot;:false,&quot;PageDown&quot;:false,&quot;ArrowUp&quot;:false,&quot;ArrowDown&quot;:false,&quot;ArrowRight&quot;:false,&quot;ArrowLeft&quot;:false},&quot;touch&quot;:false,&quot;backdropClick&quot;:false,&quot;l10n&quot;:{&quot;CLOSE&quot;:&quot;Zamknij&quot;,&quot;NEXT&quot;:&quot;Nast\\u0119pny&quot;,&quot;PREV&quot;:&quot;Poprzedni&quot;,&quot;Error&quot;:&quot;Nie mo\\u017cna wczyta\\u0107 \\u017c\\u0105danej tre\\u015bci. Spr\\u00f3buj ponownie p\\u00f3\\u017aniej.&quot;,&quot;PLAY_START&quot;:&quot;Rozpocznij pokaz slajd\\u00f3w&quot;,&quot;PLAY_STOP&quot;:&quot;Zatrzymaj pokaz slajd\\u00f3w&quot;,&quot;FULL_SCREEN&quot;:&quot;Pe\\u0142ny ekran&quot;,&quot;THUMBS&quot;:&quot;Miniaturki&quot;,&quot;DOWNLOAD&quot;:&quot;Pobieranie&quot;,&quot;SHARE&quot;:&quot;Udost\\u0119pnij&quot;,&quot;ZOOM&quot;:&quot;Powi\\u0119kszenie&quot;,&quot;EMAIL&quot;:&quot;Here is the link to the image : %%image_link%% and this is the link to the gallery : %%gallery_link%%&quot;,&quot;MODAL&quot;:&quot;Mo\\u017cesz zamkn\\u0105\\u0107 t\\u0119 zawarto\\u015b\\u0107 okna modalnego za pomoc\\u0105 klawisza ESC&quot;,&quot;ERROR&quot;:&quot;Co\\u015b posz\\u0142o nie tak. Spr\\u00f3buj ponownie p\\u00f3\\u017aniej&quot;,&quot;IMAGE_ERROR&quot;:&quot;Nie znaleziono obrazka&quot;,&quot;ELEMENT_NOT_FOUND&quot;:&quot;Nie znaleziono elementu HTML&quot;,&quot;AJAX_NOT_FOUND&quot;:&quot;B\\u0142\\u0105d wczytywania AJAX: Nie znaleziono&quot;,&quot;AJAX_FORBIDDEN&quot;:&quot;B\\u0142\\u0105d wczytywania AJAX: Zabronione&quot;,&quot;IFRAME_ERROR&quot;:&quot;B\\u0142\\u0105d wczytywania strony&quot;,&quot;TOGGLE_ZOOM&quot;:&quot;Prze\\u0142\\u0105cz poziom powi\\u0119kszenia&quot;,&quot;TOGGLE_THUMBS&quot;:&quot;Prze\\u0142\\u0105cz miniaturki&quot;,&quot;TOGGLE_SLIDESHOW&quot;:&quot;Prze\\u0142\\u0105cz pokaz slajd\\u00f3w&quot;,&quot;TOGGLE_FULLSCREEN&quot;:&quot;Prze\\u0142\\u0105cz tryb pe\\u0142noekranowy&quot;},&quot;Images&quot;:{&quot;Panzoom&quot;:{&quot;maxScale&quot;:2}},&quot;mainClass&quot;:&quot;modula-fancybox-container modula-lightbox-jtg-2020&quot;,&quot;Html&quot;:{&quot;videoAutoplay&quot;:0,&quot;videoTpl&quot;:&quot;&lt;video class=\\&quot;fancybox__html5video\\&quot; controls muted playsinline controlsList controlsList=\\&quot;nodownload\\&quot; poster=\\&quot;{{poster}}\\&quot; src=\\&quot;{{src}}\\&quot; type=\\&quot;{{format}}\\&quot; &gt;  Sorry, your browser doesn&#039;t support embedded videos, &lt;a href=\\&quot;{{src}}\\&quot;&gt; download &lt;\\\/a&gt; and watch with your favorite video player! &lt;\\\/video&gt;&quot;}},&quot;inView&quot;:false,&quot;email_subject&quot;:&quot;Sprawd\\u017a ten niesamowity obrazek!&quot;,&quot;email_message&quot;:&quot;Oto odno\\u015bnik do obrazka: %%image_link%%, a oto odno\\u015bnik do galerii: %%gallery_link%% &quot;,&quot;lightbox&quot;:&quot;fancybox&quot;}\">\n\n\t\n\t<div  class=\"modula-items\">\n\t\t<div class=\"modula-item effect-pufrobo\" >\n\t<div class=\"modula-item-overlay\"><\/div>\n\n\t<div class=\"modula-item-content\">\n\n\t\t<a data-image-id=\"1994\" role=\"button\" tabindex=\"0\" rel=\"jtg-2020\" data-caption=\"\" aria-label=\"Otw\u00f3rz obrazek w lightboxie\" class=\"tile-inner modula-item-link\"><\/a><img loading=\"lazy\" decoding=\"async\" class=\"pic wp-image-1994\"  data-valign=\"middle\" data-halign=\"center\" alt=\"strona tytu\u0142owa pisma o beatyfikacj\u0119 \u015bp. j\u00f3zefy Kantor ( 1992 r.)\" data-full=\"https:\/\/www.rodzinaravensbruck.pl\/wp-content\/uploads\/2020\/02\/strona-tytu\u0142owa-pisma-o-beatyfikacj\u0119-\u015bp.-j\u00f3zefy-Kantor-1992-r..jpg\" title=\"strona tytu\u0142owa pisma o beatyfikacj\u0119 \u015bp. j\u00f3zefy Kantor ( 1992 r.)\" crop=\"\" width=\"225\" height=\"300\" src=\"https:\/\/www.rodzinaravensbruck.pl\/wp-content\/uploads\/2020\/02\/strona-tytu\u0142owa-pisma-o-beatyfikacj\u0119-\u015bp.-j\u00f3zefy-Kantor-1992-r.-225x300.jpg\" data-src=\"https:\/\/www.rodzinaravensbruck.pl\/wp-content\/uploads\/2020\/02\/strona-tytu\u0142owa-pisma-o-beatyfikacj\u0119-\u015bp.-j\u00f3zefy-Kantor-1992-r.-225x300.jpg\" data-caption=\"\" srcset=\"https:\/\/www.rodzinaravensbruck.pl\/wp-content\/uploads\/2020\/02\/strona-tytu\u0142owa-pisma-o-beatyfikacj\u0119-\u015bp.-j\u00f3zefy-Kantor-1992-r.-scaled.jpg 1920w, https:\/\/www.rodzinaravensbruck.pl\/wp-content\/uploads\/2020\/02\/strona-tytu\u0142owa-pisma-o-beatyfikacj\u0119-\u015bp.-j\u00f3zefy-Kantor-1992-r.-scaled-225x300.jpg 225w, https:\/\/www.rodzinaravensbruck.pl\/wp-content\/uploads\/2020\/02\/strona-tytu\u0142owa-pisma-o-beatyfikacj\u0119-\u015bp.-j\u00f3zefy-Kantor-1992-r.-768x1024.jpg 768w, https:\/\/www.rodzinaravensbruck.pl\/wp-content\/uploads\/2020\/02\/strona-tytu\u0142owa-pisma-o-beatyfikacj\u0119-\u015bp.-j\u00f3zefy-Kantor-1992-r.-1152x1536.jpg 1152w, https:\/\/www.rodzinaravensbruck.pl\/wp-content\/uploads\/2020\/02\/strona-tytu\u0142owa-pisma-o-beatyfikacj\u0119-\u015bp.-j\u00f3zefy-Kantor-1992-r.-1536x2048.jpg 1536w\" sizes=\"auto, (max-width: 225px) 100vw, 225px\" \/>\t<div class=\"jtg-social-expandable \">\n\t\t<a class=\"modula-icon-share\" aria-label=\"Kliknij, aby udost\u0119pni\u0107\" href=\"#\"><svg xmlns=\"http:\/\/www.w3.org\/2000\/svg\" viewBox=\"0 0 24 24\" tabindex=\"-1\" width=\"24\" height=\"24\"><path d=\"M2.55 19c1.4-8.4 9.1-9.8 11.9-9.8V5l7 7-7 6.3v-3.5c-2.8 0-10.5 2.1-11.9 4.2z\"><\/path><\/svg><\/a>\n\t<\/div>\n\t<div class=\"jtg-social-expandable-icons \">\n\t\t\t\t\t\t\t<a class=\"modula-icon-twitter\" aria-label=\"Udost\u0119pnij na X\"  data-modula-gallery-id=\"2020\" data-modula-item-id=\"1994\" data-modula-image-src=\"https:\/\/www.rodzinaravensbruck.pl\/wp-content\/uploads\/2020\/02\/strona-tytu\u0142owa-pisma-o-beatyfikacj\u0119-\u015bp.-j\u00f3zefy-Kantor-1992-r..jpg\" href=\"#\"><svg\n\t\t\t\t\twidth=\"20px\"\n\t\t\t\t\theight=\"20px\"\n\t\t\t\t\tviewBox=\"0 0 20 20\"\n\t\t\t\t\taria-hidden=\"true\">\n\t\t\t\t\t\t<path d=\"M2.9 0C1.3 0 0 1.3 0 2.9v14.3C0 18.7 1.3 20 2.9 20h14.3c1.6 0 2.9-1.3 2.9-2.9V2.9C20 1.3 18.7 0 17.1 0H2.9zm13.2 3.8L11.5 9l5.5 7.2h-4.3l-3.3-4.4-3.8 4.4H3.4l5-5.7-5.3-6.7h4.4l3 4 3.5-4h2.1zM14.4 15 6.8 5H5.6l7.7 10h1.1z\"\/>\n\t\t\t\t\t<\/svg><\/a>\n\t\t\t\t\t\t\t\t\t\t<a class=\"modula-icon-facebook\" aria-label=\"Udost\u0119pnij na Facebooku\"  data-modula-gallery-id=\"2020\" data-modula-item-id=\"1994\" data-modula-image-src=\"https:\/\/www.rodzinaravensbruck.pl\/wp-content\/uploads\/2020\/02\/strona-tytu\u0142owa-pisma-o-beatyfikacj\u0119-\u015bp.-j\u00f3zefy-Kantor-1992-r..jpg\"\t\t\t\thref=\"#\"><svg\n\t\t\t\t\twidth=\"20px\"\n\t\t\t\t\theight=\"20px\"\n\t\t\t\t\tviewBox=\"0 0 20 20\"\n\t\t\t\t\taria-hidden=\"true\">\n\t\t\t\t\t\t<path d=\"M20,10.1c0-5.5-4.5-10-10-10S0,4.5,0,10.1c0,5,3.7,9.1,8.4,9.9v-7H5.9v-2.9h2.5V7.9C8.4,5.4,9.9,4,12.2,4c1.1,0,2.2,0.2,2.2,0.2v2.5h-1.3c-1.2,0-1.6,0.8-1.6,1.6v1.9h2.8L13.9,13h-2.3v7C16.3,19.2,20,15.1,20,10.1z\"\/>\n\t\t\t\t\t<\/svg><\/a>\n\t\t\t\t\t\t\t\t\t\t<a class=\"modula-icon-whatsapp\" aria-label=\"Udost\u0119pnij na Whatsapp\"  data-modula-gallery-id=\"2020\" data-modula-item-id=\"1994\" data-modula-image-src=\"https:\/\/www.rodzinaravensbruck.pl\/wp-content\/uploads\/2020\/02\/strona-tytu\u0142owa-pisma-o-beatyfikacj\u0119-\u015bp.-j\u00f3zefy-Kantor-1992-r..jpg\"\t\t\t\thref=\"#\"><svg\n\t\t\t\t\twidth=\"20px\"\n\t\t\t\t\theight=\"20px\"\n\t\t\t\t\tviewBox=\"0 0 20 20\"\n\t\t\t\t\taria-hidden=\"true\">\n\t\t\t\t\t\t<path d=\"M10,0C4.5,0,0,4.5,0,10c0,1.9,0.5,3.6,1.4,5.1L0.1,20l5-1.3C6.5,19.5,8.2,20,10,20c5.5,0,10-4.5,10-10S15.5,0,10,0zM6.6,5.3c0.2,0,0.3,0,0.5,0c0.2,0,0.4,0,0.6,0.4c0.2,0.5,0.7,1.7,0.8,1.8c0.1,0.1,0.1,0.3,0,0.4C8.3,8.2,8.3,8.3,8.1,8.5C8,8.6,7.9,8.8,7.8,8.9C7.7,9,7.5,9.1,7.7,9.4c0.1,0.2,0.6,1.1,1.4,1.7c0.9,0.8,1.7,1.1,2,1.2c0.2,0.1,0.4,0.1,0.5-0.1c0.1-0.2,0.6-0.7,0.8-1c0.2-0.2,0.3-0.2,0.6-0.1c0.2,0.1,1.4,0.7,1.7,0.8s0.4,0.2,0.5,0.3c0.1,0.1,0.1,0.6-0.1,1.2c-0.2,0.6-1.2,1.1-1.7,1.2c-0.5,0-0.9,0.2-3-0.6c-2.5-1-4.1-3.6-4.2-3.7c-0.1-0.2-1-1.3-1-2.6c0-1.2,0.6-1.8,0.9-2.1C6.1,5.4,6.4,5.3,6.6,5.3z\"\/>\n\t\t\t\t\t<\/svg><\/a>\n\t\t\t\t\t\t\t\t\t\t<a class=\"modula-icon-pinterest\" aria-label=\"Udost\u0119pnij w Pinterest\"  data-modula-gallery-id=\"2020\" data-modula-item-id=\"1994\" data-modula-image-src=\"https:\/\/www.rodzinaravensbruck.pl\/wp-content\/uploads\/2020\/02\/strona-tytu\u0142owa-pisma-o-beatyfikacj\u0119-\u015bp.-j\u00f3zefy-Kantor-1992-r..jpg\"\t\t\t\thref=\"#\"><svg\n\t\t\t\t\twidth=\"20px\"\n\t\t\t\t\theight=\"20px\"\n\t\t\t\t\tviewBox=\"0 0 20 20\"\n\t\t\t\t\taria-hidden=\"true\">\n\t\t\t\t\t\t<path d=\"M10,0C4.5,0,0,4.5,0,10c0,4.1,2.5,7.6,6,9.2c0-0.7,0-1.5,0.2-2.3c0.2-0.8,1.3-5.4,1.3-5.4s-0.3-0.6-0.3-1.6c0-1.5,0.9-2.6,1.9-2.6c0.9,0,1.3,0.7,1.3,1.5c0,0.9-0.6,2.3-0.9,3.5c-0.3,1.1,0.5,1.9,1.6,1.9c1.9,0,3.2-2.4,3.2-5.3c0-2.2-1.5-3.8-4.2-3.8c-3,0-4.9,2.3-4.9,4.8c0,0.9,0.3,1.5,0.7,2C6,12,6.1,12.1,6,12.4c0,0.2-0.2,0.6-0.2,0.8c-0.1,0.3-0.3,0.3-0.5,0.3c-1.4-0.6-2-2.1-2-3.8c0-2.8,2.4-6.2,7.1-6.2c3.8,0,6.3,2.8,6.3,5.7c0,3.9-2.2,6.9-5.4,6.9c-1.1,0-2.1-0.6-2.4-1.2c0,0-0.6,2.3-0.7,2.7c-0.2,0.8-0.6,1.5-1,2.1C8.1,19.9,9,20,10,20c5.5,0,10-4.5,10-10C20,4.5,15.5,0,10,0z\"\/>\n\t\t\t\t\t<\/svg><\/a>\n\t\t\t\t\t\t\t\t\t\t<a class=\"modula-icon-linkedin\" aria-label=\"Udost\u0119pnij na LinkedIn\"  data-modula-gallery-id=\"2020\" data-modula-item-id=\"1994\" data-modula-image-src=\"https:\/\/www.rodzinaravensbruck.pl\/wp-content\/uploads\/2020\/02\/strona-tytu\u0142owa-pisma-o-beatyfikacj\u0119-\u015bp.-j\u00f3zefy-Kantor-1992-r..jpg\"\t\t\t\thref=\"#\"><svg\n\t\t\t\t\twidth=\"20px\"\n\t\t\t\t\theight=\"20px\"\n\t\t\t\t\tviewBox=\"0 0 20 20\"\n\t\t\t\t\taria-hidden=\"true\">\n\t\t\t\t\t\t<path d=\"M18.6,0H1.4C0.6,0,0,0.6,0,1.4v17.1C0,19.4,0.6,20,1.4,20h17.1c0.8,0,1.4-0.6,1.4-1.4V1.4C20,0.6,19.4,0,18.6,0z M6,17.1h-3V7.6h3L6,17.1L6,17.1zM4.6,6.3c-1,0-1.7-0.8-1.7-1.7s0.8-1.7,1.7-1.7c0.9,0,1.7,0.8,1.7,1.7C6.3,5.5,5.5,6.3,4.6,6.3z M17.2,17.1h-3v-4.6c0-1.1,0-2.5-1.5-2.5c-1.5,0-1.8,1.2-1.8,2.5v4.7h-3V7.6h2.8v1.3h0c0.4-0.8,1.4-1.5,2.8-1.5c3,0,3.6,2,3.6,4.5V17.1z\"\/>\n\t\t\t\t\t<\/svg><\/a>\n\t\t\t\t\t\t\t\t\t\t\t<\/div>\n\t\n\t\t<div class=\"figc no-description\">\n\t\t\t<div class=\"figc-inner\">\n\t\t\t\t\t\t\t\t\t\t\t\t\t\t\t<\/div>\n\t\t<\/div>\n\n\t<\/div>\n\n<\/div><div class=\"modula-item effect-pufrobo\" >\n\t<div class=\"modula-item-overlay\"><\/div>\n\n\t<div class=\"modula-item-content\">\n\n\t\t<a data-image-id=\"1992\" role=\"button\" tabindex=\"0\" rel=\"jtg-2020\" data-caption=\"\" aria-label=\"Otw\u00f3rz obrazek w lightboxie\" class=\"tile-inner modula-item-link\"><\/a><img loading=\"lazy\" decoding=\"async\" class=\"pic wp-image-1992\"  data-valign=\"middle\" data-halign=\"center\" alt=\"Mury 1966 70 urodziny J\u00f3zefy Kantor\" data-full=\"https:\/\/www.rodzinaravensbruck.pl\/wp-content\/uploads\/2020\/02\/Mury-1966-70-urodziny-J\u00f3zefy-Kantor.jpg\" title=\"Mury 1966 70 urodziny J\u00f3zefy Kantor\" crop=\"\" width=\"300\" height=\"198\" src=\"https:\/\/www.rodzinaravensbruck.pl\/wp-content\/uploads\/2020\/02\/Mury-1966-70-urodziny-J\u00f3zefy-Kantor-300x198.jpg\" data-src=\"https:\/\/www.rodzinaravensbruck.pl\/wp-content\/uploads\/2020\/02\/Mury-1966-70-urodziny-J\u00f3zefy-Kantor-300x198.jpg\" data-caption=\"\" srcset=\"https:\/\/www.rodzinaravensbruck.pl\/wp-content\/uploads\/2020\/02\/Mury-1966-70-urodziny-J\u00f3zefy-Kantor.jpg 593w, https:\/\/www.rodzinaravensbruck.pl\/wp-content\/uploads\/2020\/02\/Mury-1966-70-urodziny-J\u00f3zefy-Kantor-300x198.jpg 300w\" sizes=\"auto, (max-width: 300px) 100vw, 300px\" \/>\t<div class=\"jtg-social-expandable \">\n\t\t<a class=\"modula-icon-share\" aria-label=\"Kliknij, aby udost\u0119pni\u0107\" href=\"#\"><svg xmlns=\"http:\/\/www.w3.org\/2000\/svg\" viewBox=\"0 0 24 24\" tabindex=\"-1\" width=\"24\" height=\"24\"><path d=\"M2.55 19c1.4-8.4 9.1-9.8 11.9-9.8V5l7 7-7 6.3v-3.5c-2.8 0-10.5 2.1-11.9 4.2z\"><\/path><\/svg><\/a>\n\t<\/div>\n\t<div class=\"jtg-social-expandable-icons \">\n\t\t\t\t\t\t\t<a class=\"modula-icon-twitter\" aria-label=\"Udost\u0119pnij na X\"  data-modula-gallery-id=\"2020\" data-modula-item-id=\"1992\" data-modula-image-src=\"https:\/\/www.rodzinaravensbruck.pl\/wp-content\/uploads\/2020\/02\/Mury-1966-70-urodziny-J\u00f3zefy-Kantor.jpg\" href=\"#\"><svg\n\t\t\t\t\twidth=\"20px\"\n\t\t\t\t\theight=\"20px\"\n\t\t\t\t\tviewBox=\"0 0 20 20\"\n\t\t\t\t\taria-hidden=\"true\">\n\t\t\t\t\t\t<path d=\"M2.9 0C1.3 0 0 1.3 0 2.9v14.3C0 18.7 1.3 20 2.9 20h14.3c1.6 0 2.9-1.3 2.9-2.9V2.9C20 1.3 18.7 0 17.1 0H2.9zm13.2 3.8L11.5 9l5.5 7.2h-4.3l-3.3-4.4-3.8 4.4H3.4l5-5.7-5.3-6.7h4.4l3 4 3.5-4h2.1zM14.4 15 6.8 5H5.6l7.7 10h1.1z\"\/>\n\t\t\t\t\t<\/svg><\/a>\n\t\t\t\t\t\t\t\t\t\t<a class=\"modula-icon-facebook\" aria-label=\"Udost\u0119pnij na Facebooku\"  data-modula-gallery-id=\"2020\" data-modula-item-id=\"1992\" data-modula-image-src=\"https:\/\/www.rodzinaravensbruck.pl\/wp-content\/uploads\/2020\/02\/Mury-1966-70-urodziny-J\u00f3zefy-Kantor.jpg\"\t\t\t\thref=\"#\"><svg\n\t\t\t\t\twidth=\"20px\"\n\t\t\t\t\theight=\"20px\"\n\t\t\t\t\tviewBox=\"0 0 20 20\"\n\t\t\t\t\taria-hidden=\"true\">\n\t\t\t\t\t\t<path d=\"M20,10.1c0-5.5-4.5-10-10-10S0,4.5,0,10.1c0,5,3.7,9.1,8.4,9.9v-7H5.9v-2.9h2.5V7.9C8.4,5.4,9.9,4,12.2,4c1.1,0,2.2,0.2,2.2,0.2v2.5h-1.3c-1.2,0-1.6,0.8-1.6,1.6v1.9h2.8L13.9,13h-2.3v7C16.3,19.2,20,15.1,20,10.1z\"\/>\n\t\t\t\t\t<\/svg><\/a>\n\t\t\t\t\t\t\t\t\t\t<a class=\"modula-icon-whatsapp\" aria-label=\"Udost\u0119pnij na Whatsapp\"  data-modula-gallery-id=\"2020\" data-modula-item-id=\"1992\" data-modula-image-src=\"https:\/\/www.rodzinaravensbruck.pl\/wp-content\/uploads\/2020\/02\/Mury-1966-70-urodziny-J\u00f3zefy-Kantor.jpg\"\t\t\t\thref=\"#\"><svg\n\t\t\t\t\twidth=\"20px\"\n\t\t\t\t\theight=\"20px\"\n\t\t\t\t\tviewBox=\"0 0 20 20\"\n\t\t\t\t\taria-hidden=\"true\">\n\t\t\t\t\t\t<path d=\"M10,0C4.5,0,0,4.5,0,10c0,1.9,0.5,3.6,1.4,5.1L0.1,20l5-1.3C6.5,19.5,8.2,20,10,20c5.5,0,10-4.5,10-10S15.5,0,10,0zM6.6,5.3c0.2,0,0.3,0,0.5,0c0.2,0,0.4,0,0.6,0.4c0.2,0.5,0.7,1.7,0.8,1.8c0.1,0.1,0.1,0.3,0,0.4C8.3,8.2,8.3,8.3,8.1,8.5C8,8.6,7.9,8.8,7.8,8.9C7.7,9,7.5,9.1,7.7,9.4c0.1,0.2,0.6,1.1,1.4,1.7c0.9,0.8,1.7,1.1,2,1.2c0.2,0.1,0.4,0.1,0.5-0.1c0.1-0.2,0.6-0.7,0.8-1c0.2-0.2,0.3-0.2,0.6-0.1c0.2,0.1,1.4,0.7,1.7,0.8s0.4,0.2,0.5,0.3c0.1,0.1,0.1,0.6-0.1,1.2c-0.2,0.6-1.2,1.1-1.7,1.2c-0.5,0-0.9,0.2-3-0.6c-2.5-1-4.1-3.6-4.2-3.7c-0.1-0.2-1-1.3-1-2.6c0-1.2,0.6-1.8,0.9-2.1C6.1,5.4,6.4,5.3,6.6,5.3z\"\/>\n\t\t\t\t\t<\/svg><\/a>\n\t\t\t\t\t\t\t\t\t\t<a class=\"modula-icon-pinterest\" aria-label=\"Udost\u0119pnij w Pinterest\"  data-modula-gallery-id=\"2020\" data-modula-item-id=\"1992\" data-modula-image-src=\"https:\/\/www.rodzinaravensbruck.pl\/wp-content\/uploads\/2020\/02\/Mury-1966-70-urodziny-J\u00f3zefy-Kantor.jpg\"\t\t\t\thref=\"#\"><svg\n\t\t\t\t\twidth=\"20px\"\n\t\t\t\t\theight=\"20px\"\n\t\t\t\t\tviewBox=\"0 0 20 20\"\n\t\t\t\t\taria-hidden=\"true\">\n\t\t\t\t\t\t<path d=\"M10,0C4.5,0,0,4.5,0,10c0,4.1,2.5,7.6,6,9.2c0-0.7,0-1.5,0.2-2.3c0.2-0.8,1.3-5.4,1.3-5.4s-0.3-0.6-0.3-1.6c0-1.5,0.9-2.6,1.9-2.6c0.9,0,1.3,0.7,1.3,1.5c0,0.9-0.6,2.3-0.9,3.5c-0.3,1.1,0.5,1.9,1.6,1.9c1.9,0,3.2-2.4,3.2-5.3c0-2.2-1.5-3.8-4.2-3.8c-3,0-4.9,2.3-4.9,4.8c0,0.9,0.3,1.5,0.7,2C6,12,6.1,12.1,6,12.4c0,0.2-0.2,0.6-0.2,0.8c-0.1,0.3-0.3,0.3-0.5,0.3c-1.4-0.6-2-2.1-2-3.8c0-2.8,2.4-6.2,7.1-6.2c3.8,0,6.3,2.8,6.3,5.7c0,3.9-2.2,6.9-5.4,6.9c-1.1,0-2.1-0.6-2.4-1.2c0,0-0.6,2.3-0.7,2.7c-0.2,0.8-0.6,1.5-1,2.1C8.1,19.9,9,20,10,20c5.5,0,10-4.5,10-10C20,4.5,15.5,0,10,0z\"\/>\n\t\t\t\t\t<\/svg><\/a>\n\t\t\t\t\t\t\t\t\t\t<a class=\"modula-icon-linkedin\" aria-label=\"Udost\u0119pnij na LinkedIn\"  data-modula-gallery-id=\"2020\" data-modula-item-id=\"1992\" data-modula-image-src=\"https:\/\/www.rodzinaravensbruck.pl\/wp-content\/uploads\/2020\/02\/Mury-1966-70-urodziny-J\u00f3zefy-Kantor.jpg\"\t\t\t\thref=\"#\"><svg\n\t\t\t\t\twidth=\"20px\"\n\t\t\t\t\theight=\"20px\"\n\t\t\t\t\tviewBox=\"0 0 20 20\"\n\t\t\t\t\taria-hidden=\"true\">\n\t\t\t\t\t\t<path d=\"M18.6,0H1.4C0.6,0,0,0.6,0,1.4v17.1C0,19.4,0.6,20,1.4,20h17.1c0.8,0,1.4-0.6,1.4-1.4V1.4C20,0.6,19.4,0,18.6,0z M6,17.1h-3V7.6h3L6,17.1L6,17.1zM4.6,6.3c-1,0-1.7-0.8-1.7-1.7s0.8-1.7,1.7-1.7c0.9,0,1.7,0.8,1.7,1.7C6.3,5.5,5.5,6.3,4.6,6.3z M17.2,17.1h-3v-4.6c0-1.1,0-2.5-1.5-2.5c-1.5,0-1.8,1.2-1.8,2.5v4.7h-3V7.6h2.8v1.3h0c0.4-0.8,1.4-1.5,2.8-1.5c3,0,3.6,2,3.6,4.5V17.1z\"\/>\n\t\t\t\t\t<\/svg><\/a>\n\t\t\t\t\t\t\t\t\t\t\t<\/div>\n\t\n\t\t<div class=\"figc no-description\">\n\t\t\t<div class=\"figc-inner\">\n\t\t\t\t\t\t\t\t\t\t\t\t\t\t\t<\/div>\n\t\t<\/div>\n\n\t<\/div>\n\n<\/div><div class=\"modula-item effect-pufrobo\" >\n\t<div class=\"modula-item-overlay\"><\/div>\n\n\t<div class=\"modula-item-content\">\n\n\t\t<a data-image-id=\"1990\" role=\"button\" tabindex=\"0\" rel=\"jtg-2020\" data-caption=\"\" aria-label=\"Otw\u00f3rz obrazek w lightboxie\" class=\"tile-inner modula-item-link\"><\/a><img loading=\"lazy\" decoding=\"async\" class=\"pic wp-image-1990\"  data-valign=\"middle\" data-halign=\"center\" alt=\"\" data-full=\"https:\/\/www.rodzinaravensbruck.pl\/wp-content\/uploads\/2020\/02\/J\u00f3zefa-Kantor-z-Ksi\u0119gi-zmar\u0142ych.jpg\" title=\"J\u00f3zefa Kantor - z Ksi\u0119gi zmar\u0142ych\" crop=\"\" width=\"225\" height=\"300\" src=\"https:\/\/www.rodzinaravensbruck.pl\/wp-content\/uploads\/2020\/02\/J\u00f3zefa-Kantor-z-Ksi\u0119gi-zmar\u0142ych-225x300.jpg\" data-src=\"https:\/\/www.rodzinaravensbruck.pl\/wp-content\/uploads\/2020\/02\/J\u00f3zefa-Kantor-z-Ksi\u0119gi-zmar\u0142ych-225x300.jpg\" data-caption=\"\" srcset=\"https:\/\/www.rodzinaravensbruck.pl\/wp-content\/uploads\/2020\/02\/J\u00f3zefa-Kantor-z-Ksi\u0119gi-zmar\u0142ych-scaled.jpg 1920w, https:\/\/www.rodzinaravensbruck.pl\/wp-content\/uploads\/2020\/02\/J\u00f3zefa-Kantor-z-Ksi\u0119gi-zmar\u0142ych-scaled-225x300.jpg 225w, https:\/\/www.rodzinaravensbruck.pl\/wp-content\/uploads\/2020\/02\/J\u00f3zefa-Kantor-z-Ksi\u0119gi-zmar\u0142ych-768x1024.jpg 768w, https:\/\/www.rodzinaravensbruck.pl\/wp-content\/uploads\/2020\/02\/J\u00f3zefa-Kantor-z-Ksi\u0119gi-zmar\u0142ych-1152x1536.jpg 1152w, https:\/\/www.rodzinaravensbruck.pl\/wp-content\/uploads\/2020\/02\/J\u00f3zefa-Kantor-z-Ksi\u0119gi-zmar\u0142ych-1536x2048.jpg 1536w\" sizes=\"auto, (max-width: 225px) 100vw, 225px\" \/>\t<div class=\"jtg-social-expandable \">\n\t\t<a class=\"modula-icon-share\" aria-label=\"Kliknij, aby udost\u0119pni\u0107\" href=\"#\"><svg xmlns=\"http:\/\/www.w3.org\/2000\/svg\" viewBox=\"0 0 24 24\" tabindex=\"-1\" width=\"24\" height=\"24\"><path d=\"M2.55 19c1.4-8.4 9.1-9.8 11.9-9.8V5l7 7-7 6.3v-3.5c-2.8 0-10.5 2.1-11.9 4.2z\"><\/path><\/svg><\/a>\n\t<\/div>\n\t<div class=\"jtg-social-expandable-icons \">\n\t\t\t\t\t\t\t<a class=\"modula-icon-twitter\" aria-label=\"Udost\u0119pnij na X\"  data-modula-gallery-id=\"2020\" data-modula-item-id=\"1990\" data-modula-image-src=\"https:\/\/www.rodzinaravensbruck.pl\/wp-content\/uploads\/2020\/02\/J\u00f3zefa-Kantor-z-Ksi\u0119gi-zmar\u0142ych.jpg\" href=\"#\"><svg\n\t\t\t\t\twidth=\"20px\"\n\t\t\t\t\theight=\"20px\"\n\t\t\t\t\tviewBox=\"0 0 20 20\"\n\t\t\t\t\taria-hidden=\"true\">\n\t\t\t\t\t\t<path d=\"M2.9 0C1.3 0 0 1.3 0 2.9v14.3C0 18.7 1.3 20 2.9 20h14.3c1.6 0 2.9-1.3 2.9-2.9V2.9C20 1.3 18.7 0 17.1 0H2.9zm13.2 3.8L11.5 9l5.5 7.2h-4.3l-3.3-4.4-3.8 4.4H3.4l5-5.7-5.3-6.7h4.4l3 4 3.5-4h2.1zM14.4 15 6.8 5H5.6l7.7 10h1.1z\"\/>\n\t\t\t\t\t<\/svg><\/a>\n\t\t\t\t\t\t\t\t\t\t<a class=\"modula-icon-facebook\" aria-label=\"Udost\u0119pnij na Facebooku\"  data-modula-gallery-id=\"2020\" data-modula-item-id=\"1990\" data-modula-image-src=\"https:\/\/www.rodzinaravensbruck.pl\/wp-content\/uploads\/2020\/02\/J\u00f3zefa-Kantor-z-Ksi\u0119gi-zmar\u0142ych.jpg\"\t\t\t\thref=\"#\"><svg\n\t\t\t\t\twidth=\"20px\"\n\t\t\t\t\theight=\"20px\"\n\t\t\t\t\tviewBox=\"0 0 20 20\"\n\t\t\t\t\taria-hidden=\"true\">\n\t\t\t\t\t\t<path d=\"M20,10.1c0-5.5-4.5-10-10-10S0,4.5,0,10.1c0,5,3.7,9.1,8.4,9.9v-7H5.9v-2.9h2.5V7.9C8.4,5.4,9.9,4,12.2,4c1.1,0,2.2,0.2,2.2,0.2v2.5h-1.3c-1.2,0-1.6,0.8-1.6,1.6v1.9h2.8L13.9,13h-2.3v7C16.3,19.2,20,15.1,20,10.1z\"\/>\n\t\t\t\t\t<\/svg><\/a>\n\t\t\t\t\t\t\t\t\t\t<a class=\"modula-icon-whatsapp\" aria-label=\"Udost\u0119pnij na Whatsapp\"  data-modula-gallery-id=\"2020\" data-modula-item-id=\"1990\" data-modula-image-src=\"https:\/\/www.rodzinaravensbruck.pl\/wp-content\/uploads\/2020\/02\/J\u00f3zefa-Kantor-z-Ksi\u0119gi-zmar\u0142ych.jpg\"\t\t\t\thref=\"#\"><svg\n\t\t\t\t\twidth=\"20px\"\n\t\t\t\t\theight=\"20px\"\n\t\t\t\t\tviewBox=\"0 0 20 20\"\n\t\t\t\t\taria-hidden=\"true\">\n\t\t\t\t\t\t<path d=\"M10,0C4.5,0,0,4.5,0,10c0,1.9,0.5,3.6,1.4,5.1L0.1,20l5-1.3C6.5,19.5,8.2,20,10,20c5.5,0,10-4.5,10-10S15.5,0,10,0zM6.6,5.3c0.2,0,0.3,0,0.5,0c0.2,0,0.4,0,0.6,0.4c0.2,0.5,0.7,1.7,0.8,1.8c0.1,0.1,0.1,0.3,0,0.4C8.3,8.2,8.3,8.3,8.1,8.5C8,8.6,7.9,8.8,7.8,8.9C7.7,9,7.5,9.1,7.7,9.4c0.1,0.2,0.6,1.1,1.4,1.7c0.9,0.8,1.7,1.1,2,1.2c0.2,0.1,0.4,0.1,0.5-0.1c0.1-0.2,0.6-0.7,0.8-1c0.2-0.2,0.3-0.2,0.6-0.1c0.2,0.1,1.4,0.7,1.7,0.8s0.4,0.2,0.5,0.3c0.1,0.1,0.1,0.6-0.1,1.2c-0.2,0.6-1.2,1.1-1.7,1.2c-0.5,0-0.9,0.2-3-0.6c-2.5-1-4.1-3.6-4.2-3.7c-0.1-0.2-1-1.3-1-2.6c0-1.2,0.6-1.8,0.9-2.1C6.1,5.4,6.4,5.3,6.6,5.3z\"\/>\n\t\t\t\t\t<\/svg><\/a>\n\t\t\t\t\t\t\t\t\t\t<a class=\"modula-icon-pinterest\" aria-label=\"Udost\u0119pnij w Pinterest\"  data-modula-gallery-id=\"2020\" data-modula-item-id=\"1990\" data-modula-image-src=\"https:\/\/www.rodzinaravensbruck.pl\/wp-content\/uploads\/2020\/02\/J\u00f3zefa-Kantor-z-Ksi\u0119gi-zmar\u0142ych.jpg\"\t\t\t\thref=\"#\"><svg\n\t\t\t\t\twidth=\"20px\"\n\t\t\t\t\theight=\"20px\"\n\t\t\t\t\tviewBox=\"0 0 20 20\"\n\t\t\t\t\taria-hidden=\"true\">\n\t\t\t\t\t\t<path d=\"M10,0C4.5,0,0,4.5,0,10c0,4.1,2.5,7.6,6,9.2c0-0.7,0-1.5,0.2-2.3c0.2-0.8,1.3-5.4,1.3-5.4s-0.3-0.6-0.3-1.6c0-1.5,0.9-2.6,1.9-2.6c0.9,0,1.3,0.7,1.3,1.5c0,0.9-0.6,2.3-0.9,3.5c-0.3,1.1,0.5,1.9,1.6,1.9c1.9,0,3.2-2.4,3.2-5.3c0-2.2-1.5-3.8-4.2-3.8c-3,0-4.9,2.3-4.9,4.8c0,0.9,0.3,1.5,0.7,2C6,12,6.1,12.1,6,12.4c0,0.2-0.2,0.6-0.2,0.8c-0.1,0.3-0.3,0.3-0.5,0.3c-1.4-0.6-2-2.1-2-3.8c0-2.8,2.4-6.2,7.1-6.2c3.8,0,6.3,2.8,6.3,5.7c0,3.9-2.2,6.9-5.4,6.9c-1.1,0-2.1-0.6-2.4-1.2c0,0-0.6,2.3-0.7,2.7c-0.2,0.8-0.6,1.5-1,2.1C8.1,19.9,9,20,10,20c5.5,0,10-4.5,10-10C20,4.5,15.5,0,10,0z\"\/>\n\t\t\t\t\t<\/svg><\/a>\n\t\t\t\t\t\t\t\t\t\t<a class=\"modula-icon-linkedin\" aria-label=\"Udost\u0119pnij na LinkedIn\"  data-modula-gallery-id=\"2020\" data-modula-item-id=\"1990\" data-modula-image-src=\"https:\/\/www.rodzinaravensbruck.pl\/wp-content\/uploads\/2020\/02\/J\u00f3zefa-Kantor-z-Ksi\u0119gi-zmar\u0142ych.jpg\"\t\t\t\thref=\"#\"><svg\n\t\t\t\t\twidth=\"20px\"\n\t\t\t\t\theight=\"20px\"\n\t\t\t\t\tviewBox=\"0 0 20 20\"\n\t\t\t\t\taria-hidden=\"true\">\n\t\t\t\t\t\t<path d=\"M18.6,0H1.4C0.6,0,0,0.6,0,1.4v17.1C0,19.4,0.6,20,1.4,20h17.1c0.8,0,1.4-0.6,1.4-1.4V1.4C20,0.6,19.4,0,18.6,0z M6,17.1h-3V7.6h3L6,17.1L6,17.1zM4.6,6.3c-1,0-1.7-0.8-1.7-1.7s0.8-1.7,1.7-1.7c0.9,0,1.7,0.8,1.7,1.7C6.3,5.5,5.5,6.3,4.6,6.3z M17.2,17.1h-3v-4.6c0-1.1,0-2.5-1.5-2.5c-1.5,0-1.8,1.2-1.8,2.5v4.7h-3V7.6h2.8v1.3h0c0.4-0.8,1.4-1.5,2.8-1.5c3,0,3.6,2,3.6,4.5V17.1z\"\/>\n\t\t\t\t\t<\/svg><\/a>\n\t\t\t\t\t\t\t\t\t\t\t<\/div>\n\t\n\t\t<div class=\"figc no-description\">\n\t\t\t<div class=\"figc-inner\">\n\t\t\t\t\t\t\t\t\t\t\t\t\t\t\t<\/div>\n\t\t<\/div>\n\n\t<\/div>\n\n<\/div><div class=\"modula-item effect-pufrobo\" >\n\t<div class=\"modula-item-overlay\"><\/div>\n\n\t<div class=\"modula-item-content\">\n\n\t\t<a data-image-id=\"1989\" role=\"button\" tabindex=\"0\" rel=\"jtg-2020\" data-caption=\"\" aria-label=\"Otw\u00f3rz obrazek w lightboxie\" class=\"tile-inner modula-item-link\"><\/a><img loading=\"lazy\" decoding=\"async\" class=\"pic wp-image-1989\"  data-valign=\"middle\" data-halign=\"center\" alt=\"Harcerki z dru\u017cyny Mur\u00f3w w \u015brodku J\u00f3zefa Kantor ( lata 80 - te XX w.)\" data-full=\"https:\/\/www.rodzinaravensbruck.pl\/wp-content\/uploads\/2020\/02\/Harcerki-z-dru\u017cyny-Mur\u00f3w-w-\u015brodku-J\u00f3zefa-Kantor-lata-80-te-XX-w..jpg\" title=\"Harcerki z dru\u017cyny Mur\u00f3w w \u015brodku J\u00f3zefa Kantor ( lata 80 - te XX w.)\" crop=\"\" width=\"225\" height=\"300\" src=\"https:\/\/www.rodzinaravensbruck.pl\/wp-content\/uploads\/2020\/02\/Harcerki-z-dru\u017cyny-Mur\u00f3w-w-\u015brodku-J\u00f3zefa-Kantor-lata-80-te-XX-w.-225x300.jpg\" data-src=\"https:\/\/www.rodzinaravensbruck.pl\/wp-content\/uploads\/2020\/02\/Harcerki-z-dru\u017cyny-Mur\u00f3w-w-\u015brodku-J\u00f3zefa-Kantor-lata-80-te-XX-w.-225x300.jpg\" data-caption=\"\" srcset=\"https:\/\/www.rodzinaravensbruck.pl\/wp-content\/uploads\/2020\/02\/Harcerki-z-dru\u017cyny-Mur\u00f3w-w-\u015brodku-J\u00f3zefa-Kantor-lata-80-te-XX-w.-scaled.jpg 1920w, https:\/\/www.rodzinaravensbruck.pl\/wp-content\/uploads\/2020\/02\/Harcerki-z-dru\u017cyny-Mur\u00f3w-w-\u015brodku-J\u00f3zefa-Kantor-lata-80-te-XX-w.-scaled-225x300.jpg 225w, https:\/\/www.rodzinaravensbruck.pl\/wp-content\/uploads\/2020\/02\/Harcerki-z-dru\u017cyny-Mur\u00f3w-w-\u015brodku-J\u00f3zefa-Kantor-lata-80-te-XX-w.-768x1024.jpg 768w, https:\/\/www.rodzinaravensbruck.pl\/wp-content\/uploads\/2020\/02\/Harcerki-z-dru\u017cyny-Mur\u00f3w-w-\u015brodku-J\u00f3zefa-Kantor-lata-80-te-XX-w.-1152x1536.jpg 1152w, https:\/\/www.rodzinaravensbruck.pl\/wp-content\/uploads\/2020\/02\/Harcerki-z-dru\u017cyny-Mur\u00f3w-w-\u015brodku-J\u00f3zefa-Kantor-lata-80-te-XX-w.-1536x2048.jpg 1536w\" sizes=\"auto, (max-width: 225px) 100vw, 225px\" \/>\t<div class=\"jtg-social-expandable \">\n\t\t<a class=\"modula-icon-share\" aria-label=\"Kliknij, aby udost\u0119pni\u0107\" href=\"#\"><svg xmlns=\"http:\/\/www.w3.org\/2000\/svg\" viewBox=\"0 0 24 24\" tabindex=\"-1\" width=\"24\" height=\"24\"><path d=\"M2.55 19c1.4-8.4 9.1-9.8 11.9-9.8V5l7 7-7 6.3v-3.5c-2.8 0-10.5 2.1-11.9 4.2z\"><\/path><\/svg><\/a>\n\t<\/div>\n\t<div class=\"jtg-social-expandable-icons \">\n\t\t\t\t\t\t\t<a class=\"modula-icon-twitter\" aria-label=\"Udost\u0119pnij na X\"  data-modula-gallery-id=\"2020\" data-modula-item-id=\"1989\" data-modula-image-src=\"https:\/\/www.rodzinaravensbruck.pl\/wp-content\/uploads\/2020\/02\/Harcerki-z-dru\u017cyny-Mur\u00f3w-w-\u015brodku-J\u00f3zefa-Kantor-lata-80-te-XX-w..jpg\" href=\"#\"><svg\n\t\t\t\t\twidth=\"20px\"\n\t\t\t\t\theight=\"20px\"\n\t\t\t\t\tviewBox=\"0 0 20 20\"\n\t\t\t\t\taria-hidden=\"true\">\n\t\t\t\t\t\t<path d=\"M2.9 0C1.3 0 0 1.3 0 2.9v14.3C0 18.7 1.3 20 2.9 20h14.3c1.6 0 2.9-1.3 2.9-2.9V2.9C20 1.3 18.7 0 17.1 0H2.9zm13.2 3.8L11.5 9l5.5 7.2h-4.3l-3.3-4.4-3.8 4.4H3.4l5-5.7-5.3-6.7h4.4l3 4 3.5-4h2.1zM14.4 15 6.8 5H5.6l7.7 10h1.1z\"\/>\n\t\t\t\t\t<\/svg><\/a>\n\t\t\t\t\t\t\t\t\t\t<a class=\"modula-icon-facebook\" aria-label=\"Udost\u0119pnij na Facebooku\"  data-modula-gallery-id=\"2020\" data-modula-item-id=\"1989\" data-modula-image-src=\"https:\/\/www.rodzinaravensbruck.pl\/wp-content\/uploads\/2020\/02\/Harcerki-z-dru\u017cyny-Mur\u00f3w-w-\u015brodku-J\u00f3zefa-Kantor-lata-80-te-XX-w..jpg\"\t\t\t\thref=\"#\"><svg\n\t\t\t\t\twidth=\"20px\"\n\t\t\t\t\theight=\"20px\"\n\t\t\t\t\tviewBox=\"0 0 20 20\"\n\t\t\t\t\taria-hidden=\"true\">\n\t\t\t\t\t\t<path d=\"M20,10.1c0-5.5-4.5-10-10-10S0,4.5,0,10.1c0,5,3.7,9.1,8.4,9.9v-7H5.9v-2.9h2.5V7.9C8.4,5.4,9.9,4,12.2,4c1.1,0,2.2,0.2,2.2,0.2v2.5h-1.3c-1.2,0-1.6,0.8-1.6,1.6v1.9h2.8L13.9,13h-2.3v7C16.3,19.2,20,15.1,20,10.1z\"\/>\n\t\t\t\t\t<\/svg><\/a>\n\t\t\t\t\t\t\t\t\t\t<a class=\"modula-icon-whatsapp\" aria-label=\"Udost\u0119pnij na Whatsapp\"  data-modula-gallery-id=\"2020\" data-modula-item-id=\"1989\" data-modula-image-src=\"https:\/\/www.rodzinaravensbruck.pl\/wp-content\/uploads\/2020\/02\/Harcerki-z-dru\u017cyny-Mur\u00f3w-w-\u015brodku-J\u00f3zefa-Kantor-lata-80-te-XX-w..jpg\"\t\t\t\thref=\"#\"><svg\n\t\t\t\t\twidth=\"20px\"\n\t\t\t\t\theight=\"20px\"\n\t\t\t\t\tviewBox=\"0 0 20 20\"\n\t\t\t\t\taria-hidden=\"true\">\n\t\t\t\t\t\t<path d=\"M10,0C4.5,0,0,4.5,0,10c0,1.9,0.5,3.6,1.4,5.1L0.1,20l5-1.3C6.5,19.5,8.2,20,10,20c5.5,0,10-4.5,10-10S15.5,0,10,0zM6.6,5.3c0.2,0,0.3,0,0.5,0c0.2,0,0.4,0,0.6,0.4c0.2,0.5,0.7,1.7,0.8,1.8c0.1,0.1,0.1,0.3,0,0.4C8.3,8.2,8.3,8.3,8.1,8.5C8,8.6,7.9,8.8,7.8,8.9C7.7,9,7.5,9.1,7.7,9.4c0.1,0.2,0.6,1.1,1.4,1.7c0.9,0.8,1.7,1.1,2,1.2c0.2,0.1,0.4,0.1,0.5-0.1c0.1-0.2,0.6-0.7,0.8-1c0.2-0.2,0.3-0.2,0.6-0.1c0.2,0.1,1.4,0.7,1.7,0.8s0.4,0.2,0.5,0.3c0.1,0.1,0.1,0.6-0.1,1.2c-0.2,0.6-1.2,1.1-1.7,1.2c-0.5,0-0.9,0.2-3-0.6c-2.5-1-4.1-3.6-4.2-3.7c-0.1-0.2-1-1.3-1-2.6c0-1.2,0.6-1.8,0.9-2.1C6.1,5.4,6.4,5.3,6.6,5.3z\"\/>\n\t\t\t\t\t<\/svg><\/a>\n\t\t\t\t\t\t\t\t\t\t<a class=\"modula-icon-pinterest\" aria-label=\"Udost\u0119pnij w Pinterest\"  data-modula-gallery-id=\"2020\" data-modula-item-id=\"1989\" data-modula-image-src=\"https:\/\/www.rodzinaravensbruck.pl\/wp-content\/uploads\/2020\/02\/Harcerki-z-dru\u017cyny-Mur\u00f3w-w-\u015brodku-J\u00f3zefa-Kantor-lata-80-te-XX-w..jpg\"\t\t\t\thref=\"#\"><svg\n\t\t\t\t\twidth=\"20px\"\n\t\t\t\t\theight=\"20px\"\n\t\t\t\t\tviewBox=\"0 0 20 20\"\n\t\t\t\t\taria-hidden=\"true\">\n\t\t\t\t\t\t<path d=\"M10,0C4.5,0,0,4.5,0,10c0,4.1,2.5,7.6,6,9.2c0-0.7,0-1.5,0.2-2.3c0.2-0.8,1.3-5.4,1.3-5.4s-0.3-0.6-0.3-1.6c0-1.5,0.9-2.6,1.9-2.6c0.9,0,1.3,0.7,1.3,1.5c0,0.9-0.6,2.3-0.9,3.5c-0.3,1.1,0.5,1.9,1.6,1.9c1.9,0,3.2-2.4,3.2-5.3c0-2.2-1.5-3.8-4.2-3.8c-3,0-4.9,2.3-4.9,4.8c0,0.9,0.3,1.5,0.7,2C6,12,6.1,12.1,6,12.4c0,0.2-0.2,0.6-0.2,0.8c-0.1,0.3-0.3,0.3-0.5,0.3c-1.4-0.6-2-2.1-2-3.8c0-2.8,2.4-6.2,7.1-6.2c3.8,0,6.3,2.8,6.3,5.7c0,3.9-2.2,6.9-5.4,6.9c-1.1,0-2.1-0.6-2.4-1.2c0,0-0.6,2.3-0.7,2.7c-0.2,0.8-0.6,1.5-1,2.1C8.1,19.9,9,20,10,20c5.5,0,10-4.5,10-10C20,4.5,15.5,0,10,0z\"\/>\n\t\t\t\t\t<\/svg><\/a>\n\t\t\t\t\t\t\t\t\t\t<a class=\"modula-icon-linkedin\" aria-label=\"Udost\u0119pnij na LinkedIn\"  data-modula-gallery-id=\"2020\" data-modula-item-id=\"1989\" data-modula-image-src=\"https:\/\/www.rodzinaravensbruck.pl\/wp-content\/uploads\/2020\/02\/Harcerki-z-dru\u017cyny-Mur\u00f3w-w-\u015brodku-J\u00f3zefa-Kantor-lata-80-te-XX-w..jpg\"\t\t\t\thref=\"#\"><svg\n\t\t\t\t\twidth=\"20px\"\n\t\t\t\t\theight=\"20px\"\n\t\t\t\t\tviewBox=\"0 0 20 20\"\n\t\t\t\t\taria-hidden=\"true\">\n\t\t\t\t\t\t<path d=\"M18.6,0H1.4C0.6,0,0,0.6,0,1.4v17.1C0,19.4,0.6,20,1.4,20h17.1c0.8,0,1.4-0.6,1.4-1.4V1.4C20,0.6,19.4,0,18.6,0z M6,17.1h-3V7.6h3L6,17.1L6,17.1zM4.6,6.3c-1,0-1.7-0.8-1.7-1.7s0.8-1.7,1.7-1.7c0.9,0,1.7,0.8,1.7,1.7C6.3,5.5,5.5,6.3,4.6,6.3z M17.2,17.1h-3v-4.6c0-1.1,0-2.5-1.5-2.5c-1.5,0-1.8,1.2-1.8,2.5v4.7h-3V7.6h2.8v1.3h0c0.4-0.8,1.4-1.5,2.8-1.5c3,0,3.6,2,3.6,4.5V17.1z\"\/>\n\t\t\t\t\t<\/svg><\/a>\n\t\t\t\t\t\t\t\t\t\t\t<\/div>\n\t\n\t\t<div class=\"figc no-description\">\n\t\t\t<div class=\"figc-inner\">\n\t\t\t\t\t\t\t\t\t\t\t\t\t\t\t<\/div>\n\t\t<\/div>\n\n\t<\/div>\n\n<\/div><div class=\"modula-item effect-pufrobo\" >\n\t<div class=\"modula-item-overlay\"><\/div>\n\n\t<div class=\"modula-item-content\">\n\n\t\t<a data-image-id=\"1988\" role=\"button\" tabindex=\"0\" rel=\"jtg-2020\" data-caption=\"\" aria-label=\"Otw\u00f3rz obrazek w lightboxie\" class=\"tile-inner modula-item-link\"><\/a><img loading=\"lazy\" decoding=\"async\" class=\"pic wp-image-1988\"  data-valign=\"middle\" data-halign=\"center\" alt=\"\" data-full=\"https:\/\/www.rodzinaravensbruck.pl\/wp-content\/uploads\/2020\/02\/Droga-krzy\u017cowa-pielgrzymki-Ravensbruck-Cz\u0119stochowa-maj-1995.jpg\" title=\"Droga krzy\u017cowa pielgrzymki Ravensbruck Cz\u0119stochowa maj 1995\" crop=\"\" width=\"201\" height=\"300\" src=\"https:\/\/www.rodzinaravensbruck.pl\/wp-content\/uploads\/2020\/02\/Droga-krzy\u017cowa-pielgrzymki-Ravensbruck-Cz\u0119stochowa-maj-1995-201x300.jpg\" data-src=\"https:\/\/www.rodzinaravensbruck.pl\/wp-content\/uploads\/2020\/02\/Droga-krzy\u017cowa-pielgrzymki-Ravensbruck-Cz\u0119stochowa-maj-1995-201x300.jpg\" data-caption=\"\" srcset=\"https:\/\/www.rodzinaravensbruck.pl\/wp-content\/uploads\/2020\/02\/Droga-krzy\u017cowa-pielgrzymki-Ravensbruck-Cz\u0119stochowa-maj-1995.jpg 522w, https:\/\/www.rodzinaravensbruck.pl\/wp-content\/uploads\/2020\/02\/Droga-krzy\u017cowa-pielgrzymki-Ravensbruck-Cz\u0119stochowa-maj-1995-201x300.jpg 201w\" sizes=\"auto, (max-width: 201px) 100vw, 201px\" \/>\t<div class=\"jtg-social-expandable \">\n\t\t<a class=\"modula-icon-share\" aria-label=\"Kliknij, aby udost\u0119pni\u0107\" href=\"#\"><svg xmlns=\"http:\/\/www.w3.org\/2000\/svg\" viewBox=\"0 0 24 24\" tabindex=\"-1\" width=\"24\" height=\"24\"><path d=\"M2.55 19c1.4-8.4 9.1-9.8 11.9-9.8V5l7 7-7 6.3v-3.5c-2.8 0-10.5 2.1-11.9 4.2z\"><\/path><\/svg><\/a>\n\t<\/div>\n\t<div class=\"jtg-social-expandable-icons \">\n\t\t\t\t\t\t\t<a class=\"modula-icon-twitter\" aria-label=\"Udost\u0119pnij na X\"  data-modula-gallery-id=\"2020\" data-modula-item-id=\"1988\" data-modula-image-src=\"https:\/\/www.rodzinaravensbruck.pl\/wp-content\/uploads\/2020\/02\/Droga-krzy\u017cowa-pielgrzymki-Ravensbruck-Cz\u0119stochowa-maj-1995.jpg\" href=\"#\"><svg\n\t\t\t\t\twidth=\"20px\"\n\t\t\t\t\theight=\"20px\"\n\t\t\t\t\tviewBox=\"0 0 20 20\"\n\t\t\t\t\taria-hidden=\"true\">\n\t\t\t\t\t\t<path d=\"M2.9 0C1.3 0 0 1.3 0 2.9v14.3C0 18.7 1.3 20 2.9 20h14.3c1.6 0 2.9-1.3 2.9-2.9V2.9C20 1.3 18.7 0 17.1 0H2.9zm13.2 3.8L11.5 9l5.5 7.2h-4.3l-3.3-4.4-3.8 4.4H3.4l5-5.7-5.3-6.7h4.4l3 4 3.5-4h2.1zM14.4 15 6.8 5H5.6l7.7 10h1.1z\"\/>\n\t\t\t\t\t<\/svg><\/a>\n\t\t\t\t\t\t\t\t\t\t<a class=\"modula-icon-facebook\" aria-label=\"Udost\u0119pnij na Facebooku\"  data-modula-gallery-id=\"2020\" data-modula-item-id=\"1988\" data-modula-image-src=\"https:\/\/www.rodzinaravensbruck.pl\/wp-content\/uploads\/2020\/02\/Droga-krzy\u017cowa-pielgrzymki-Ravensbruck-Cz\u0119stochowa-maj-1995.jpg\"\t\t\t\thref=\"#\"><svg\n\t\t\t\t\twidth=\"20px\"\n\t\t\t\t\theight=\"20px\"\n\t\t\t\t\tviewBox=\"0 0 20 20\"\n\t\t\t\t\taria-hidden=\"true\">\n\t\t\t\t\t\t<path d=\"M20,10.1c0-5.5-4.5-10-10-10S0,4.5,0,10.1c0,5,3.7,9.1,8.4,9.9v-7H5.9v-2.9h2.5V7.9C8.4,5.4,9.9,4,12.2,4c1.1,0,2.2,0.2,2.2,0.2v2.5h-1.3c-1.2,0-1.6,0.8-1.6,1.6v1.9h2.8L13.9,13h-2.3v7C16.3,19.2,20,15.1,20,10.1z\"\/>\n\t\t\t\t\t<\/svg><\/a>\n\t\t\t\t\t\t\t\t\t\t<a class=\"modula-icon-whatsapp\" aria-label=\"Udost\u0119pnij na Whatsapp\"  data-modula-gallery-id=\"2020\" data-modula-item-id=\"1988\" data-modula-image-src=\"https:\/\/www.rodzinaravensbruck.pl\/wp-content\/uploads\/2020\/02\/Droga-krzy\u017cowa-pielgrzymki-Ravensbruck-Cz\u0119stochowa-maj-1995.jpg\"\t\t\t\thref=\"#\"><svg\n\t\t\t\t\twidth=\"20px\"\n\t\t\t\t\theight=\"20px\"\n\t\t\t\t\tviewBox=\"0 0 20 20\"\n\t\t\t\t\taria-hidden=\"true\">\n\t\t\t\t\t\t<path d=\"M10,0C4.5,0,0,4.5,0,10c0,1.9,0.5,3.6,1.4,5.1L0.1,20l5-1.3C6.5,19.5,8.2,20,10,20c5.5,0,10-4.5,10-10S15.5,0,10,0zM6.6,5.3c0.2,0,0.3,0,0.5,0c0.2,0,0.4,0,0.6,0.4c0.2,0.5,0.7,1.7,0.8,1.8c0.1,0.1,0.1,0.3,0,0.4C8.3,8.2,8.3,8.3,8.1,8.5C8,8.6,7.9,8.8,7.8,8.9C7.7,9,7.5,9.1,7.7,9.4c0.1,0.2,0.6,1.1,1.4,1.7c0.9,0.8,1.7,1.1,2,1.2c0.2,0.1,0.4,0.1,0.5-0.1c0.1-0.2,0.6-0.7,0.8-1c0.2-0.2,0.3-0.2,0.6-0.1c0.2,0.1,1.4,0.7,1.7,0.8s0.4,0.2,0.5,0.3c0.1,0.1,0.1,0.6-0.1,1.2c-0.2,0.6-1.2,1.1-1.7,1.2c-0.5,0-0.9,0.2-3-0.6c-2.5-1-4.1-3.6-4.2-3.7c-0.1-0.2-1-1.3-1-2.6c0-1.2,0.6-1.8,0.9-2.1C6.1,5.4,6.4,5.3,6.6,5.3z\"\/>\n\t\t\t\t\t<\/svg><\/a>\n\t\t\t\t\t\t\t\t\t\t<a class=\"modula-icon-pinterest\" aria-label=\"Udost\u0119pnij w Pinterest\"  data-modula-gallery-id=\"2020\" data-modula-item-id=\"1988\" data-modula-image-src=\"https:\/\/www.rodzinaravensbruck.pl\/wp-content\/uploads\/2020\/02\/Droga-krzy\u017cowa-pielgrzymki-Ravensbruck-Cz\u0119stochowa-maj-1995.jpg\"\t\t\t\thref=\"#\"><svg\n\t\t\t\t\twidth=\"20px\"\n\t\t\t\t\theight=\"20px\"\n\t\t\t\t\tviewBox=\"0 0 20 20\"\n\t\t\t\t\taria-hidden=\"true\">\n\t\t\t\t\t\t<path d=\"M10,0C4.5,0,0,4.5,0,10c0,4.1,2.5,7.6,6,9.2c0-0.7,0-1.5,0.2-2.3c0.2-0.8,1.3-5.4,1.3-5.4s-0.3-0.6-0.3-1.6c0-1.5,0.9-2.6,1.9-2.6c0.9,0,1.3,0.7,1.3,1.5c0,0.9-0.6,2.3-0.9,3.5c-0.3,1.1,0.5,1.9,1.6,1.9c1.9,0,3.2-2.4,3.2-5.3c0-2.2-1.5-3.8-4.2-3.8c-3,0-4.9,2.3-4.9,4.8c0,0.9,0.3,1.5,0.7,2C6,12,6.1,12.1,6,12.4c0,0.2-0.2,0.6-0.2,0.8c-0.1,0.3-0.3,0.3-0.5,0.3c-1.4-0.6-2-2.1-2-3.8c0-2.8,2.4-6.2,7.1-6.2c3.8,0,6.3,2.8,6.3,5.7c0,3.9-2.2,6.9-5.4,6.9c-1.1,0-2.1-0.6-2.4-1.2c0,0-0.6,2.3-0.7,2.7c-0.2,0.8-0.6,1.5-1,2.1C8.1,19.9,9,20,10,20c5.5,0,10-4.5,10-10C20,4.5,15.5,0,10,0z\"\/>\n\t\t\t\t\t<\/svg><\/a>\n\t\t\t\t\t\t\t\t\t\t<a class=\"modula-icon-linkedin\" aria-label=\"Udost\u0119pnij na LinkedIn\"  data-modula-gallery-id=\"2020\" data-modula-item-id=\"1988\" data-modula-image-src=\"https:\/\/www.rodzinaravensbruck.pl\/wp-content\/uploads\/2020\/02\/Droga-krzy\u017cowa-pielgrzymki-Ravensbruck-Cz\u0119stochowa-maj-1995.jpg\"\t\t\t\thref=\"#\"><svg\n\t\t\t\t\twidth=\"20px\"\n\t\t\t\t\theight=\"20px\"\n\t\t\t\t\tviewBox=\"0 0 20 20\"\n\t\t\t\t\taria-hidden=\"true\">\n\t\t\t\t\t\t<path d=\"M18.6,0H1.4C0.6,0,0,0.6,0,1.4v17.1C0,19.4,0.6,20,1.4,20h17.1c0.8,0,1.4-0.6,1.4-1.4V1.4C20,0.6,19.4,0,18.6,0z M6,17.1h-3V7.6h3L6,17.1L6,17.1zM4.6,6.3c-1,0-1.7-0.8-1.7-1.7s0.8-1.7,1.7-1.7c0.9,0,1.7,0.8,1.7,1.7C6.3,5.5,5.5,6.3,4.6,6.3z M17.2,17.1h-3v-4.6c0-1.1,0-2.5-1.5-2.5c-1.5,0-1.8,1.2-1.8,2.5v4.7h-3V7.6h2.8v1.3h0c0.4-0.8,1.4-1.5,2.8-1.5c3,0,3.6,2,3.6,4.5V17.1z\"\/>\n\t\t\t\t\t<\/svg><\/a>\n\t\t\t\t\t\t\t\t\t\t\t<\/div>\n\t\n\t\t<div class=\"figc no-description\">\n\t\t\t<div class=\"figc-inner\">\n\t\t\t\t\t\t\t\t\t\t\t\t\t\t\t<\/div>\n\t\t<\/div>\n\n\t<\/div>\n\n<\/div><div class=\"modula-item effect-pufrobo\" >\n\t<div class=\"modula-item-overlay\"><\/div>\n\n\t<div class=\"modula-item-content\">\n\n\t\t<a data-image-id=\"1987\" role=\"button\" tabindex=\"0\" rel=\"jtg-2020\" data-caption=\"\" aria-label=\"Otw\u00f3rz obrazek w lightboxie\" class=\"tile-inner modula-item-link\"><\/a><img loading=\"lazy\" decoding=\"async\" class=\"pic wp-image-1987\"  data-valign=\"middle\" data-halign=\"center\" alt=\"\" data-full=\"https:\/\/www.rodzinaravensbruck.pl\/wp-content\/uploads\/2020\/02\/2008-r.-z-ostatniej-wotywnej-pielgrzymki-na-Jasn\u0105-G\u00f3r\u0119.jpg\" title=\"2008 r. z ostatniej wotywnej pielgrzymki na Jasn\u0105 G\u00f3r\u0119\" crop=\"\" width=\"225\" height=\"300\" src=\"https:\/\/www.rodzinaravensbruck.pl\/wp-content\/uploads\/2020\/02\/2008-r.-z-ostatniej-wotywnej-pielgrzymki-na-Jasn\u0105-G\u00f3r\u0119-225x300.jpg\" data-src=\"https:\/\/www.rodzinaravensbruck.pl\/wp-content\/uploads\/2020\/02\/2008-r.-z-ostatniej-wotywnej-pielgrzymki-na-Jasn\u0105-G\u00f3r\u0119-225x300.jpg\" data-caption=\"\" srcset=\"https:\/\/www.rodzinaravensbruck.pl\/wp-content\/uploads\/2020\/02\/2008-r.-z-ostatniej-wotywnej-pielgrzymki-na-Jasn\u0105-G\u00f3r\u0119-scaled.jpg 1920w, https:\/\/www.rodzinaravensbruck.pl\/wp-content\/uploads\/2020\/02\/2008-r.-z-ostatniej-wotywnej-pielgrzymki-na-Jasn\u0105-G\u00f3r\u0119-scaled-225x300.jpg 225w, https:\/\/www.rodzinaravensbruck.pl\/wp-content\/uploads\/2020\/02\/2008-r.-z-ostatniej-wotywnej-pielgrzymki-na-Jasn\u0105-G\u00f3r\u0119-768x1024.jpg 768w, https:\/\/www.rodzinaravensbruck.pl\/wp-content\/uploads\/2020\/02\/2008-r.-z-ostatniej-wotywnej-pielgrzymki-na-Jasn\u0105-G\u00f3r\u0119-1152x1536.jpg 1152w, https:\/\/www.rodzinaravensbruck.pl\/wp-content\/uploads\/2020\/02\/2008-r.-z-ostatniej-wotywnej-pielgrzymki-na-Jasn\u0105-G\u00f3r\u0119-1536x2048.jpg 1536w\" sizes=\"auto, (max-width: 225px) 100vw, 225px\" \/>\t<div class=\"jtg-social-expandable \">\n\t\t<a class=\"modula-icon-share\" aria-label=\"Kliknij, aby udost\u0119pni\u0107\" href=\"#\"><svg xmlns=\"http:\/\/www.w3.org\/2000\/svg\" viewBox=\"0 0 24 24\" tabindex=\"-1\" width=\"24\" height=\"24\"><path d=\"M2.55 19c1.4-8.4 9.1-9.8 11.9-9.8V5l7 7-7 6.3v-3.5c-2.8 0-10.5 2.1-11.9 4.2z\"><\/path><\/svg><\/a>\n\t<\/div>\n\t<div class=\"jtg-social-expandable-icons \">\n\t\t\t\t\t\t\t<a class=\"modula-icon-twitter\" aria-label=\"Udost\u0119pnij na X\"  data-modula-gallery-id=\"2020\" data-modula-item-id=\"1987\" data-modula-image-src=\"https:\/\/www.rodzinaravensbruck.pl\/wp-content\/uploads\/2020\/02\/2008-r.-z-ostatniej-wotywnej-pielgrzymki-na-Jasn\u0105-G\u00f3r\u0119.jpg\" href=\"#\"><svg\n\t\t\t\t\twidth=\"20px\"\n\t\t\t\t\theight=\"20px\"\n\t\t\t\t\tviewBox=\"0 0 20 20\"\n\t\t\t\t\taria-hidden=\"true\">\n\t\t\t\t\t\t<path d=\"M2.9 0C1.3 0 0 1.3 0 2.9v14.3C0 18.7 1.3 20 2.9 20h14.3c1.6 0 2.9-1.3 2.9-2.9V2.9C20 1.3 18.7 0 17.1 0H2.9zm13.2 3.8L11.5 9l5.5 7.2h-4.3l-3.3-4.4-3.8 4.4H3.4l5-5.7-5.3-6.7h4.4l3 4 3.5-4h2.1zM14.4 15 6.8 5H5.6l7.7 10h1.1z\"\/>\n\t\t\t\t\t<\/svg><\/a>\n\t\t\t\t\t\t\t\t\t\t<a class=\"modula-icon-facebook\" aria-label=\"Udost\u0119pnij na Facebooku\"  data-modula-gallery-id=\"2020\" data-modula-item-id=\"1987\" data-modula-image-src=\"https:\/\/www.rodzinaravensbruck.pl\/wp-content\/uploads\/2020\/02\/2008-r.-z-ostatniej-wotywnej-pielgrzymki-na-Jasn\u0105-G\u00f3r\u0119.jpg\"\t\t\t\thref=\"#\"><svg\n\t\t\t\t\twidth=\"20px\"\n\t\t\t\t\theight=\"20px\"\n\t\t\t\t\tviewBox=\"0 0 20 20\"\n\t\t\t\t\taria-hidden=\"true\">\n\t\t\t\t\t\t<path d=\"M20,10.1c0-5.5-4.5-10-10-10S0,4.5,0,10.1c0,5,3.7,9.1,8.4,9.9v-7H5.9v-2.9h2.5V7.9C8.4,5.4,9.9,4,12.2,4c1.1,0,2.2,0.2,2.2,0.2v2.5h-1.3c-1.2,0-1.6,0.8-1.6,1.6v1.9h2.8L13.9,13h-2.3v7C16.3,19.2,20,15.1,20,10.1z\"\/>\n\t\t\t\t\t<\/svg><\/a>\n\t\t\t\t\t\t\t\t\t\t<a class=\"modula-icon-whatsapp\" aria-label=\"Udost\u0119pnij na Whatsapp\"  data-modula-gallery-id=\"2020\" data-modula-item-id=\"1987\" data-modula-image-src=\"https:\/\/www.rodzinaravensbruck.pl\/wp-content\/uploads\/2020\/02\/2008-r.-z-ostatniej-wotywnej-pielgrzymki-na-Jasn\u0105-G\u00f3r\u0119.jpg\"\t\t\t\thref=\"#\"><svg\n\t\t\t\t\twidth=\"20px\"\n\t\t\t\t\theight=\"20px\"\n\t\t\t\t\tviewBox=\"0 0 20 20\"\n\t\t\t\t\taria-hidden=\"true\">\n\t\t\t\t\t\t<path d=\"M10,0C4.5,0,0,4.5,0,10c0,1.9,0.5,3.6,1.4,5.1L0.1,20l5-1.3C6.5,19.5,8.2,20,10,20c5.5,0,10-4.5,10-10S15.5,0,10,0zM6.6,5.3c0.2,0,0.3,0,0.5,0c0.2,0,0.4,0,0.6,0.4c0.2,0.5,0.7,1.7,0.8,1.8c0.1,0.1,0.1,0.3,0,0.4C8.3,8.2,8.3,8.3,8.1,8.5C8,8.6,7.9,8.8,7.8,8.9C7.7,9,7.5,9.1,7.7,9.4c0.1,0.2,0.6,1.1,1.4,1.7c0.9,0.8,1.7,1.1,2,1.2c0.2,0.1,0.4,0.1,0.5-0.1c0.1-0.2,0.6-0.7,0.8-1c0.2-0.2,0.3-0.2,0.6-0.1c0.2,0.1,1.4,0.7,1.7,0.8s0.4,0.2,0.5,0.3c0.1,0.1,0.1,0.6-0.1,1.2c-0.2,0.6-1.2,1.1-1.7,1.2c-0.5,0-0.9,0.2-3-0.6c-2.5-1-4.1-3.6-4.2-3.7c-0.1-0.2-1-1.3-1-2.6c0-1.2,0.6-1.8,0.9-2.1C6.1,5.4,6.4,5.3,6.6,5.3z\"\/>\n\t\t\t\t\t<\/svg><\/a>\n\t\t\t\t\t\t\t\t\t\t<a class=\"modula-icon-pinterest\" aria-label=\"Udost\u0119pnij w Pinterest\"  data-modula-gallery-id=\"2020\" data-modula-item-id=\"1987\" data-modula-image-src=\"https:\/\/www.rodzinaravensbruck.pl\/wp-content\/uploads\/2020\/02\/2008-r.-z-ostatniej-wotywnej-pielgrzymki-na-Jasn\u0105-G\u00f3r\u0119.jpg\"\t\t\t\thref=\"#\"><svg\n\t\t\t\t\twidth=\"20px\"\n\t\t\t\t\theight=\"20px\"\n\t\t\t\t\tviewBox=\"0 0 20 20\"\n\t\t\t\t\taria-hidden=\"true\">\n\t\t\t\t\t\t<path d=\"M10,0C4.5,0,0,4.5,0,10c0,4.1,2.5,7.6,6,9.2c0-0.7,0-1.5,0.2-2.3c0.2-0.8,1.3-5.4,1.3-5.4s-0.3-0.6-0.3-1.6c0-1.5,0.9-2.6,1.9-2.6c0.9,0,1.3,0.7,1.3,1.5c0,0.9-0.6,2.3-0.9,3.5c-0.3,1.1,0.5,1.9,1.6,1.9c1.9,0,3.2-2.4,3.2-5.3c0-2.2-1.5-3.8-4.2-3.8c-3,0-4.9,2.3-4.9,4.8c0,0.9,0.3,1.5,0.7,2C6,12,6.1,12.1,6,12.4c0,0.2-0.2,0.6-0.2,0.8c-0.1,0.3-0.3,0.3-0.5,0.3c-1.4-0.6-2-2.1-2-3.8c0-2.8,2.4-6.2,7.1-6.2c3.8,0,6.3,2.8,6.3,5.7c0,3.9-2.2,6.9-5.4,6.9c-1.1,0-2.1-0.6-2.4-1.2c0,0-0.6,2.3-0.7,2.7c-0.2,0.8-0.6,1.5-1,2.1C8.1,19.9,9,20,10,20c5.5,0,10-4.5,10-10C20,4.5,15.5,0,10,0z\"\/>\n\t\t\t\t\t<\/svg><\/a>\n\t\t\t\t\t\t\t\t\t\t<a class=\"modula-icon-linkedin\" aria-label=\"Udost\u0119pnij na LinkedIn\"  data-modula-gallery-id=\"2020\" data-modula-item-id=\"1987\" data-modula-image-src=\"https:\/\/www.rodzinaravensbruck.pl\/wp-content\/uploads\/2020\/02\/2008-r.-z-ostatniej-wotywnej-pielgrzymki-na-Jasn\u0105-G\u00f3r\u0119.jpg\"\t\t\t\thref=\"#\"><svg\n\t\t\t\t\twidth=\"20px\"\n\t\t\t\t\theight=\"20px\"\n\t\t\t\t\tviewBox=\"0 0 20 20\"\n\t\t\t\t\taria-hidden=\"true\">\n\t\t\t\t\t\t<path d=\"M18.6,0H1.4C0.6,0,0,0.6,0,1.4v17.1C0,19.4,0.6,20,1.4,20h17.1c0.8,0,1.4-0.6,1.4-1.4V1.4C20,0.6,19.4,0,18.6,0z M6,17.1h-3V7.6h3L6,17.1L6,17.1zM4.6,6.3c-1,0-1.7-0.8-1.7-1.7s0.8-1.7,1.7-1.7c0.9,0,1.7,0.8,1.7,1.7C6.3,5.5,5.5,6.3,4.6,6.3z M17.2,17.1h-3v-4.6c0-1.1,0-2.5-1.5-2.5c-1.5,0-1.8,1.2-1.8,2.5v4.7h-3V7.6h2.8v1.3h0c0.4-0.8,1.4-1.5,2.8-1.5c3,0,3.6,2,3.6,4.5V17.1z\"\/>\n\t\t\t\t\t<\/svg><\/a>\n\t\t\t\t\t\t\t\t\t\t\t<\/div>\n\t\n\t\t<div class=\"figc no-description\">\n\t\t\t<div class=\"figc-inner\">\n\t\t\t\t\t\t\t\t\t\t\t\t\t\t\t<\/div>\n\t\t<\/div>\n\n\t<\/div>\n\n<\/div><div class=\"modula-item effect-pufrobo\" >\n\t<div class=\"modula-item-overlay\"><\/div>\n\n\t<div class=\"modula-item-content\">\n\n\t\t<a data-image-id=\"1986\" role=\"button\" tabindex=\"0\" rel=\"jtg-2020\" data-caption=\"\" aria-label=\"Otw\u00f3rz obrazek w lightboxie\" class=\"tile-inner modula-item-link\"><\/a><img loading=\"lazy\" decoding=\"async\" class=\"pic wp-image-1986\"  data-valign=\"middle\" data-halign=\"center\" alt=\"\" data-full=\"https:\/\/www.rodzinaravensbruck.pl\/wp-content\/uploads\/2020\/02\/1995-rok.-Droga-Krzy\u017cowa-na-Wa\u0142ach-Jasnog\u00f3rskich-w-50.-rocznic\u0119-wyzwolenia.jpg\" title=\"1995 rok. Droga Krzy\u017cowa na Wa\u0142ach Jasnog\u00f3rskich - w 50. rocznic\u0119 wyzwolenia\" crop=\"\" width=\"225\" height=\"300\" src=\"https:\/\/www.rodzinaravensbruck.pl\/wp-content\/uploads\/2020\/02\/1995-rok.-Droga-Krzy\u017cowa-na-Wa\u0142ach-Jasnog\u00f3rskich-w-50.-rocznic\u0119-wyzwolenia-225x300.jpg\" data-src=\"https:\/\/www.rodzinaravensbruck.pl\/wp-content\/uploads\/2020\/02\/1995-rok.-Droga-Krzy\u017cowa-na-Wa\u0142ach-Jasnog\u00f3rskich-w-50.-rocznic\u0119-wyzwolenia-225x300.jpg\" data-caption=\"\" srcset=\"https:\/\/www.rodzinaravensbruck.pl\/wp-content\/uploads\/2020\/02\/1995-rok.-Droga-Krzy\u017cowa-na-Wa\u0142ach-Jasnog\u00f3rskich-w-50.-rocznic\u0119-wyzwolenia-scaled.jpg 1920w, https:\/\/www.rodzinaravensbruck.pl\/wp-content\/uploads\/2020\/02\/1995-rok.-Droga-Krzy\u017cowa-na-Wa\u0142ach-Jasnog\u00f3rskich-w-50.-rocznic\u0119-wyzwolenia-scaled-225x300.jpg 225w, https:\/\/www.rodzinaravensbruck.pl\/wp-content\/uploads\/2020\/02\/1995-rok.-Droga-Krzy\u017cowa-na-Wa\u0142ach-Jasnog\u00f3rskich-w-50.-rocznic\u0119-wyzwolenia-768x1024.jpg 768w, https:\/\/www.rodzinaravensbruck.pl\/wp-content\/uploads\/2020\/02\/1995-rok.-Droga-Krzy\u017cowa-na-Wa\u0142ach-Jasnog\u00f3rskich-w-50.-rocznic\u0119-wyzwolenia-1152x1536.jpg 1152w, https:\/\/www.rodzinaravensbruck.pl\/wp-content\/uploads\/2020\/02\/1995-rok.-Droga-Krzy\u017cowa-na-Wa\u0142ach-Jasnog\u00f3rskich-w-50.-rocznic\u0119-wyzwolenia-1536x2048.jpg 1536w\" sizes=\"auto, (max-width: 225px) 100vw, 225px\" \/>\t<div class=\"jtg-social-expandable \">\n\t\t<a class=\"modula-icon-share\" aria-label=\"Kliknij, aby udost\u0119pni\u0107\" href=\"#\"><svg xmlns=\"http:\/\/www.w3.org\/2000\/svg\" viewBox=\"0 0 24 24\" tabindex=\"-1\" width=\"24\" height=\"24\"><path d=\"M2.55 19c1.4-8.4 9.1-9.8 11.9-9.8V5l7 7-7 6.3v-3.5c-2.8 0-10.5 2.1-11.9 4.2z\"><\/path><\/svg><\/a>\n\t<\/div>\n\t<div class=\"jtg-social-expandable-icons \">\n\t\t\t\t\t\t\t<a class=\"modula-icon-twitter\" aria-label=\"Udost\u0119pnij na X\"  data-modula-gallery-id=\"2020\" data-modula-item-id=\"1986\" data-modula-image-src=\"https:\/\/www.rodzinaravensbruck.pl\/wp-content\/uploads\/2020\/02\/1995-rok.-Droga-Krzy\u017cowa-na-Wa\u0142ach-Jasnog\u00f3rskich-w-50.-rocznic\u0119-wyzwolenia.jpg\" href=\"#\"><svg\n\t\t\t\t\twidth=\"20px\"\n\t\t\t\t\theight=\"20px\"\n\t\t\t\t\tviewBox=\"0 0 20 20\"\n\t\t\t\t\taria-hidden=\"true\">\n\t\t\t\t\t\t<path d=\"M2.9 0C1.3 0 0 1.3 0 2.9v14.3C0 18.7 1.3 20 2.9 20h14.3c1.6 0 2.9-1.3 2.9-2.9V2.9C20 1.3 18.7 0 17.1 0H2.9zm13.2 3.8L11.5 9l5.5 7.2h-4.3l-3.3-4.4-3.8 4.4H3.4l5-5.7-5.3-6.7h4.4l3 4 3.5-4h2.1zM14.4 15 6.8 5H5.6l7.7 10h1.1z\"\/>\n\t\t\t\t\t<\/svg><\/a>\n\t\t\t\t\t\t\t\t\t\t<a class=\"modula-icon-facebook\" aria-label=\"Udost\u0119pnij na Facebooku\"  data-modula-gallery-id=\"2020\" data-modula-item-id=\"1986\" data-modula-image-src=\"https:\/\/www.rodzinaravensbruck.pl\/wp-content\/uploads\/2020\/02\/1995-rok.-Droga-Krzy\u017cowa-na-Wa\u0142ach-Jasnog\u00f3rskich-w-50.-rocznic\u0119-wyzwolenia.jpg\"\t\t\t\thref=\"#\"><svg\n\t\t\t\t\twidth=\"20px\"\n\t\t\t\t\theight=\"20px\"\n\t\t\t\t\tviewBox=\"0 0 20 20\"\n\t\t\t\t\taria-hidden=\"true\">\n\t\t\t\t\t\t<path d=\"M20,10.1c0-5.5-4.5-10-10-10S0,4.5,0,10.1c0,5,3.7,9.1,8.4,9.9v-7H5.9v-2.9h2.5V7.9C8.4,5.4,9.9,4,12.2,4c1.1,0,2.2,0.2,2.2,0.2v2.5h-1.3c-1.2,0-1.6,0.8-1.6,1.6v1.9h2.8L13.9,13h-2.3v7C16.3,19.2,20,15.1,20,10.1z\"\/>\n\t\t\t\t\t<\/svg><\/a>\n\t\t\t\t\t\t\t\t\t\t<a class=\"modula-icon-whatsapp\" aria-label=\"Udost\u0119pnij na Whatsapp\"  data-modula-gallery-id=\"2020\" data-modula-item-id=\"1986\" data-modula-image-src=\"https:\/\/www.rodzinaravensbruck.pl\/wp-content\/uploads\/2020\/02\/1995-rok.-Droga-Krzy\u017cowa-na-Wa\u0142ach-Jasnog\u00f3rskich-w-50.-rocznic\u0119-wyzwolenia.jpg\"\t\t\t\thref=\"#\"><svg\n\t\t\t\t\twidth=\"20px\"\n\t\t\t\t\theight=\"20px\"\n\t\t\t\t\tviewBox=\"0 0 20 20\"\n\t\t\t\t\taria-hidden=\"true\">\n\t\t\t\t\t\t<path d=\"M10,0C4.5,0,0,4.5,0,10c0,1.9,0.5,3.6,1.4,5.1L0.1,20l5-1.3C6.5,19.5,8.2,20,10,20c5.5,0,10-4.5,10-10S15.5,0,10,0zM6.6,5.3c0.2,0,0.3,0,0.5,0c0.2,0,0.4,0,0.6,0.4c0.2,0.5,0.7,1.7,0.8,1.8c0.1,0.1,0.1,0.3,0,0.4C8.3,8.2,8.3,8.3,8.1,8.5C8,8.6,7.9,8.8,7.8,8.9C7.7,9,7.5,9.1,7.7,9.4c0.1,0.2,0.6,1.1,1.4,1.7c0.9,0.8,1.7,1.1,2,1.2c0.2,0.1,0.4,0.1,0.5-0.1c0.1-0.2,0.6-0.7,0.8-1c0.2-0.2,0.3-0.2,0.6-0.1c0.2,0.1,1.4,0.7,1.7,0.8s0.4,0.2,0.5,0.3c0.1,0.1,0.1,0.6-0.1,1.2c-0.2,0.6-1.2,1.1-1.7,1.2c-0.5,0-0.9,0.2-3-0.6c-2.5-1-4.1-3.6-4.2-3.7c-0.1-0.2-1-1.3-1-2.6c0-1.2,0.6-1.8,0.9-2.1C6.1,5.4,6.4,5.3,6.6,5.3z\"\/>\n\t\t\t\t\t<\/svg><\/a>\n\t\t\t\t\t\t\t\t\t\t<a class=\"modula-icon-pinterest\" aria-label=\"Udost\u0119pnij w Pinterest\"  data-modula-gallery-id=\"2020\" data-modula-item-id=\"1986\" data-modula-image-src=\"https:\/\/www.rodzinaravensbruck.pl\/wp-content\/uploads\/2020\/02\/1995-rok.-Droga-Krzy\u017cowa-na-Wa\u0142ach-Jasnog\u00f3rskich-w-50.-rocznic\u0119-wyzwolenia.jpg\"\t\t\t\thref=\"#\"><svg\n\t\t\t\t\twidth=\"20px\"\n\t\t\t\t\theight=\"20px\"\n\t\t\t\t\tviewBox=\"0 0 20 20\"\n\t\t\t\t\taria-hidden=\"true\">\n\t\t\t\t\t\t<path d=\"M10,0C4.5,0,0,4.5,0,10c0,4.1,2.5,7.6,6,9.2c0-0.7,0-1.5,0.2-2.3c0.2-0.8,1.3-5.4,1.3-5.4s-0.3-0.6-0.3-1.6c0-1.5,0.9-2.6,1.9-2.6c0.9,0,1.3,0.7,1.3,1.5c0,0.9-0.6,2.3-0.9,3.5c-0.3,1.1,0.5,1.9,1.6,1.9c1.9,0,3.2-2.4,3.2-5.3c0-2.2-1.5-3.8-4.2-3.8c-3,0-4.9,2.3-4.9,4.8c0,0.9,0.3,1.5,0.7,2C6,12,6.1,12.1,6,12.4c0,0.2-0.2,0.6-0.2,0.8c-0.1,0.3-0.3,0.3-0.5,0.3c-1.4-0.6-2-2.1-2-3.8c0-2.8,2.4-6.2,7.1-6.2c3.8,0,6.3,2.8,6.3,5.7c0,3.9-2.2,6.9-5.4,6.9c-1.1,0-2.1-0.6-2.4-1.2c0,0-0.6,2.3-0.7,2.7c-0.2,0.8-0.6,1.5-1,2.1C8.1,19.9,9,20,10,20c5.5,0,10-4.5,10-10C20,4.5,15.5,0,10,0z\"\/>\n\t\t\t\t\t<\/svg><\/a>\n\t\t\t\t\t\t\t\t\t\t<a class=\"modula-icon-linkedin\" aria-label=\"Udost\u0119pnij na LinkedIn\"  data-modula-gallery-id=\"2020\" data-modula-item-id=\"1986\" data-modula-image-src=\"https:\/\/www.rodzinaravensbruck.pl\/wp-content\/uploads\/2020\/02\/1995-rok.-Droga-Krzy\u017cowa-na-Wa\u0142ach-Jasnog\u00f3rskich-w-50.-rocznic\u0119-wyzwolenia.jpg\"\t\t\t\thref=\"#\"><svg\n\t\t\t\t\twidth=\"20px\"\n\t\t\t\t\theight=\"20px\"\n\t\t\t\t\tviewBox=\"0 0 20 20\"\n\t\t\t\t\taria-hidden=\"true\">\n\t\t\t\t\t\t<path d=\"M18.6,0H1.4C0.6,0,0,0.6,0,1.4v17.1C0,19.4,0.6,20,1.4,20h17.1c0.8,0,1.4-0.6,1.4-1.4V1.4C20,0.6,19.4,0,18.6,0z M6,17.1h-3V7.6h3L6,17.1L6,17.1zM4.6,6.3c-1,0-1.7-0.8-1.7-1.7s0.8-1.7,1.7-1.7c0.9,0,1.7,0.8,1.7,1.7C6.3,5.5,5.5,6.3,4.6,6.3z M17.2,17.1h-3v-4.6c0-1.1,0-2.5-1.5-2.5c-1.5,0-1.8,1.2-1.8,2.5v4.7h-3V7.6h2.8v1.3h0c0.4-0.8,1.4-1.5,2.8-1.5c3,0,3.6,2,3.6,4.5V17.1z\"\/>\n\t\t\t\t\t<\/svg><\/a>\n\t\t\t\t\t\t\t\t\t\t\t<\/div>\n\t\n\t\t<div class=\"figc no-description\">\n\t\t\t<div class=\"figc-inner\">\n\t\t\t\t\t\t\t\t\t\t\t\t\t\t\t<\/div>\n\t\t<\/div>\n\n\t<\/div>\n\n<\/div><div class=\"modula-item effect-pufrobo\" >\n\t<div class=\"modula-item-overlay\"><\/div>\n\n\t<div class=\"modula-item-content\">\n\n\t\t<a data-image-id=\"1985\" role=\"button\" tabindex=\"0\" rel=\"jtg-2020\" data-caption=\"\" aria-label=\"Otw\u00f3rz obrazek w lightboxie\" class=\"tile-inner modula-item-link\"><\/a><img loading=\"lazy\" decoding=\"async\" class=\"pic wp-image-1985\"  data-valign=\"middle\" data-halign=\"center\" alt=\"\" data-full=\"https:\/\/www.rodzinaravensbruck.pl\/wp-content\/uploads\/2020\/02\/4-V-1975-urna-Ravensbruck-005.xnbak_.jpg\" title=\"4 V 1975 - urna - Ravensbruck 005.xnbak\" crop=\"\" width=\"218\" height=\"300\" src=\"https:\/\/www.rodzinaravensbruck.pl\/wp-content\/uploads\/2020\/02\/4-V-1975-urna-Ravensbruck-005.xnbak_-218x300.jpg\" data-src=\"https:\/\/www.rodzinaravensbruck.pl\/wp-content\/uploads\/2020\/02\/4-V-1975-urna-Ravensbruck-005.xnbak_-218x300.jpg\" data-caption=\"\" srcset=\"https:\/\/www.rodzinaravensbruck.pl\/wp-content\/uploads\/2020\/02\/4-V-1975-urna-Ravensbruck-005.xnbak_-scaled.jpg 1862w, https:\/\/www.rodzinaravensbruck.pl\/wp-content\/uploads\/2020\/02\/4-V-1975-urna-Ravensbruck-005.xnbak_-scaled-218x300.jpg 218w, https:\/\/www.rodzinaravensbruck.pl\/wp-content\/uploads\/2020\/02\/4-V-1975-urna-Ravensbruck-005.xnbak_-745x1024.jpg 745w, https:\/\/www.rodzinaravensbruck.pl\/wp-content\/uploads\/2020\/02\/4-V-1975-urna-Ravensbruck-005.xnbak_-768x1056.jpg 768w, https:\/\/www.rodzinaravensbruck.pl\/wp-content\/uploads\/2020\/02\/4-V-1975-urna-Ravensbruck-005.xnbak_-1117x1536.jpg 1117w, https:\/\/www.rodzinaravensbruck.pl\/wp-content\/uploads\/2020\/02\/4-V-1975-urna-Ravensbruck-005.xnbak_-1490x2048.jpg 1490w\" sizes=\"auto, (max-width: 218px) 100vw, 218px\" \/>\t<div class=\"jtg-social-expandable \">\n\t\t<a class=\"modula-icon-share\" aria-label=\"Kliknij, aby udost\u0119pni\u0107\" href=\"#\"><svg xmlns=\"http:\/\/www.w3.org\/2000\/svg\" viewBox=\"0 0 24 24\" tabindex=\"-1\" width=\"24\" height=\"24\"><path d=\"M2.55 19c1.4-8.4 9.1-9.8 11.9-9.8V5l7 7-7 6.3v-3.5c-2.8 0-10.5 2.1-11.9 4.2z\"><\/path><\/svg><\/a>\n\t<\/div>\n\t<div class=\"jtg-social-expandable-icons \">\n\t\t\t\t\t\t\t<a class=\"modula-icon-twitter\" aria-label=\"Udost\u0119pnij na X\"  data-modula-gallery-id=\"2020\" data-modula-item-id=\"1985\" data-modula-image-src=\"https:\/\/www.rodzinaravensbruck.pl\/wp-content\/uploads\/2020\/02\/4-V-1975-urna-Ravensbruck-005.xnbak_.jpg\" href=\"#\"><svg\n\t\t\t\t\twidth=\"20px\"\n\t\t\t\t\theight=\"20px\"\n\t\t\t\t\tviewBox=\"0 0 20 20\"\n\t\t\t\t\taria-hidden=\"true\">\n\t\t\t\t\t\t<path d=\"M2.9 0C1.3 0 0 1.3 0 2.9v14.3C0 18.7 1.3 20 2.9 20h14.3c1.6 0 2.9-1.3 2.9-2.9V2.9C20 1.3 18.7 0 17.1 0H2.9zm13.2 3.8L11.5 9l5.5 7.2h-4.3l-3.3-4.4-3.8 4.4H3.4l5-5.7-5.3-6.7h4.4l3 4 3.5-4h2.1zM14.4 15 6.8 5H5.6l7.7 10h1.1z\"\/>\n\t\t\t\t\t<\/svg><\/a>\n\t\t\t\t\t\t\t\t\t\t<a class=\"modula-icon-facebook\" aria-label=\"Udost\u0119pnij na Facebooku\"  data-modula-gallery-id=\"2020\" data-modula-item-id=\"1985\" data-modula-image-src=\"https:\/\/www.rodzinaravensbruck.pl\/wp-content\/uploads\/2020\/02\/4-V-1975-urna-Ravensbruck-005.xnbak_.jpg\"\t\t\t\thref=\"#\"><svg\n\t\t\t\t\twidth=\"20px\"\n\t\t\t\t\theight=\"20px\"\n\t\t\t\t\tviewBox=\"0 0 20 20\"\n\t\t\t\t\taria-hidden=\"true\">\n\t\t\t\t\t\t<path d=\"M20,10.1c0-5.5-4.5-10-10-10S0,4.5,0,10.1c0,5,3.7,9.1,8.4,9.9v-7H5.9v-2.9h2.5V7.9C8.4,5.4,9.9,4,12.2,4c1.1,0,2.2,0.2,2.2,0.2v2.5h-1.3c-1.2,0-1.6,0.8-1.6,1.6v1.9h2.8L13.9,13h-2.3v7C16.3,19.2,20,15.1,20,10.1z\"\/>\n\t\t\t\t\t<\/svg><\/a>\n\t\t\t\t\t\t\t\t\t\t<a class=\"modula-icon-whatsapp\" aria-label=\"Udost\u0119pnij na Whatsapp\"  data-modula-gallery-id=\"2020\" data-modula-item-id=\"1985\" data-modula-image-src=\"https:\/\/www.rodzinaravensbruck.pl\/wp-content\/uploads\/2020\/02\/4-V-1975-urna-Ravensbruck-005.xnbak_.jpg\"\t\t\t\thref=\"#\"><svg\n\t\t\t\t\twidth=\"20px\"\n\t\t\t\t\theight=\"20px\"\n\t\t\t\t\tviewBox=\"0 0 20 20\"\n\t\t\t\t\taria-hidden=\"true\">\n\t\t\t\t\t\t<path d=\"M10,0C4.5,0,0,4.5,0,10c0,1.9,0.5,3.6,1.4,5.1L0.1,20l5-1.3C6.5,19.5,8.2,20,10,20c5.5,0,10-4.5,10-10S15.5,0,10,0zM6.6,5.3c0.2,0,0.3,0,0.5,0c0.2,0,0.4,0,0.6,0.4c0.2,0.5,0.7,1.7,0.8,1.8c0.1,0.1,0.1,0.3,0,0.4C8.3,8.2,8.3,8.3,8.1,8.5C8,8.6,7.9,8.8,7.8,8.9C7.7,9,7.5,9.1,7.7,9.4c0.1,0.2,0.6,1.1,1.4,1.7c0.9,0.8,1.7,1.1,2,1.2c0.2,0.1,0.4,0.1,0.5-0.1c0.1-0.2,0.6-0.7,0.8-1c0.2-0.2,0.3-0.2,0.6-0.1c0.2,0.1,1.4,0.7,1.7,0.8s0.4,0.2,0.5,0.3c0.1,0.1,0.1,0.6-0.1,1.2c-0.2,0.6-1.2,1.1-1.7,1.2c-0.5,0-0.9,0.2-3-0.6c-2.5-1-4.1-3.6-4.2-3.7c-0.1-0.2-1-1.3-1-2.6c0-1.2,0.6-1.8,0.9-2.1C6.1,5.4,6.4,5.3,6.6,5.3z\"\/>\n\t\t\t\t\t<\/svg><\/a>\n\t\t\t\t\t\t\t\t\t\t<a class=\"modula-icon-pinterest\" aria-label=\"Udost\u0119pnij w Pinterest\"  data-modula-gallery-id=\"2020\" data-modula-item-id=\"1985\" data-modula-image-src=\"https:\/\/www.rodzinaravensbruck.pl\/wp-content\/uploads\/2020\/02\/4-V-1975-urna-Ravensbruck-005.xnbak_.jpg\"\t\t\t\thref=\"#\"><svg\n\t\t\t\t\twidth=\"20px\"\n\t\t\t\t\theight=\"20px\"\n\t\t\t\t\tviewBox=\"0 0 20 20\"\n\t\t\t\t\taria-hidden=\"true\">\n\t\t\t\t\t\t<path d=\"M10,0C4.5,0,0,4.5,0,10c0,4.1,2.5,7.6,6,9.2c0-0.7,0-1.5,0.2-2.3c0.2-0.8,1.3-5.4,1.3-5.4s-0.3-0.6-0.3-1.6c0-1.5,0.9-2.6,1.9-2.6c0.9,0,1.3,0.7,1.3,1.5c0,0.9-0.6,2.3-0.9,3.5c-0.3,1.1,0.5,1.9,1.6,1.9c1.9,0,3.2-2.4,3.2-5.3c0-2.2-1.5-3.8-4.2-3.8c-3,0-4.9,2.3-4.9,4.8c0,0.9,0.3,1.5,0.7,2C6,12,6.1,12.1,6,12.4c0,0.2-0.2,0.6-0.2,0.8c-0.1,0.3-0.3,0.3-0.5,0.3c-1.4-0.6-2-2.1-2-3.8c0-2.8,2.4-6.2,7.1-6.2c3.8,0,6.3,2.8,6.3,5.7c0,3.9-2.2,6.9-5.4,6.9c-1.1,0-2.1-0.6-2.4-1.2c0,0-0.6,2.3-0.7,2.7c-0.2,0.8-0.6,1.5-1,2.1C8.1,19.9,9,20,10,20c5.5,0,10-4.5,10-10C20,4.5,15.5,0,10,0z\"\/>\n\t\t\t\t\t<\/svg><\/a>\n\t\t\t\t\t\t\t\t\t\t<a class=\"modula-icon-linkedin\" aria-label=\"Udost\u0119pnij na LinkedIn\"  data-modula-gallery-id=\"2020\" data-modula-item-id=\"1985\" data-modula-image-src=\"https:\/\/www.rodzinaravensbruck.pl\/wp-content\/uploads\/2020\/02\/4-V-1975-urna-Ravensbruck-005.xnbak_.jpg\"\t\t\t\thref=\"#\"><svg\n\t\t\t\t\twidth=\"20px\"\n\t\t\t\t\theight=\"20px\"\n\t\t\t\t\tviewBox=\"0 0 20 20\"\n\t\t\t\t\taria-hidden=\"true\">\n\t\t\t\t\t\t<path d=\"M18.6,0H1.4C0.6,0,0,0.6,0,1.4v17.1C0,19.4,0.6,20,1.4,20h17.1c0.8,0,1.4-0.6,1.4-1.4V1.4C20,0.6,19.4,0,18.6,0z M6,17.1h-3V7.6h3L6,17.1L6,17.1zM4.6,6.3c-1,0-1.7-0.8-1.7-1.7s0.8-1.7,1.7-1.7c0.9,0,1.7,0.8,1.7,1.7C6.3,5.5,5.5,6.3,4.6,6.3z M17.2,17.1h-3v-4.6c0-1.1,0-2.5-1.5-2.5c-1.5,0-1.8,1.2-1.8,2.5v4.7h-3V7.6h2.8v1.3h0c0.4-0.8,1.4-1.5,2.8-1.5c3,0,3.6,2,3.6,4.5V17.1z\"\/>\n\t\t\t\t\t<\/svg><\/a>\n\t\t\t\t\t\t\t\t\t\t\t<\/div>\n\t\n\t\t<div class=\"figc no-description\">\n\t\t\t<div class=\"figc-inner\">\n\t\t\t\t\t\t\t\t\t\t\t\t\t\t\t<\/div>\n\t\t<\/div>\n\n\t<\/div>\n\n<\/div><div class=\"modula-item effect-pufrobo\" >\n\t<div class=\"modula-item-overlay\"><\/div>\n\n\t<div class=\"modula-item-content\">\n\n\t\t<a data-image-id=\"1984\" role=\"button\" tabindex=\"0\" rel=\"jtg-2020\" data-caption=\"\" aria-label=\"Otw\u00f3rz obrazek w lightboxie\" class=\"tile-inner modula-item-link\"><\/a><img loading=\"lazy\" decoding=\"async\" class=\"pic wp-image-1984\"  data-valign=\"middle\" data-halign=\"center\" alt=\"\" data-full=\"https:\/\/www.rodzinaravensbruck.pl\/wp-content\/uploads\/2020\/02\/Pierwsza-pielgrzymka-wotywna-na-Jasn\u0105-G\u00f3r\u0119-maj-1946-rok-harcerki-z-Mur\u00f3w-wi\u0119\u017aniarki-Rvensbruck-oraz-wi\u0119\u017aniowie-innych-oboz\u00f3w-koncentracyjnych.jpg\" title=\"Pierwsza pielgrzymka wotywna na Jasn\u0105 G\u00f3r\u0119 maj 1946 rok - harcerki z Mur\u00f3w , wi\u0119\u017aniarki Rvensbruck oraz wi\u0119\u017aniowie innych oboz\u00f3w koncentracyjnych\" crop=\"\" width=\"195\" height=\"300\" src=\"https:\/\/www.rodzinaravensbruck.pl\/wp-content\/uploads\/2020\/02\/Pierwsza-pielgrzymka-wotywna-na-Jasn\u0105-G\u00f3r\u0119-maj-1946-rok-harcerki-z-Mur\u00f3w-wi\u0119\u017aniarki-Rvensbruck-oraz-wi\u0119\u017aniowie-innych-oboz\u00f3w-koncentracyjnych-195x300.jpg\" data-src=\"https:\/\/www.rodzinaravensbruck.pl\/wp-content\/uploads\/2020\/02\/Pierwsza-pielgrzymka-wotywna-na-Jasn\u0105-G\u00f3r\u0119-maj-1946-rok-harcerki-z-Mur\u00f3w-wi\u0119\u017aniarki-Rvensbruck-oraz-wi\u0119\u017aniowie-innych-oboz\u00f3w-koncentracyjnych-195x300.jpg\" data-caption=\"\" srcset=\"https:\/\/www.rodzinaravensbruck.pl\/wp-content\/uploads\/2020\/02\/Pierwsza-pielgrzymka-wotywna-na-Jasn\u0105-G\u00f3r\u0119-maj-1946-rok-harcerki-z-Mur\u00f3w-wi\u0119\u017aniarki-Rvensbruck-oraz-wi\u0119\u017aniowie-innych-oboz\u00f3w-koncentracyjnych.jpg 1063w, https:\/\/www.rodzinaravensbruck.pl\/wp-content\/uploads\/2020\/02\/Pierwsza-pielgrzymka-wotywna-na-Jasn\u0105-G\u00f3r\u0119-maj-1946-rok-harcerki-z-Mur\u00f3w-wi\u0119\u017aniarki-Rvensbruck-oraz-wi\u0119\u017aniowie-innych-oboz\u00f3w-koncentracyjnych-195x300.jpg 195w, https:\/\/www.rodzinaravensbruck.pl\/wp-content\/uploads\/2020\/02\/Pierwsza-pielgrzymka-wotywna-na-Jasn\u0105-G\u00f3r\u0119-maj-1946-rok-harcerki-z-Mur\u00f3w-wi\u0119\u017aniarki-Rvensbruck-oraz-wi\u0119\u017aniowie-innych-oboz\u00f3w-koncentracyjnych-666x1024.jpg 666w, https:\/\/www.rodzinaravensbruck.pl\/wp-content\/uploads\/2020\/02\/Pierwsza-pielgrzymka-wotywna-na-Jasn\u0105-G\u00f3r\u0119-maj-1946-rok-harcerki-z-Mur\u00f3w-wi\u0119\u017aniarki-Rvensbruck-oraz-wi\u0119\u017aniowie-innych-oboz\u00f3w-koncentracyjnych-768x1181.jpg 768w, https:\/\/www.rodzinaravensbruck.pl\/wp-content\/uploads\/2020\/02\/Pierwsza-pielgrzymka-wotywna-na-Jasn\u0105-G\u00f3r\u0119-maj-1946-rok-harcerki-z-Mur\u00f3w-wi\u0119\u017aniarki-Rvensbruck-oraz-wi\u0119\u017aniowie-innych-oboz\u00f3w-koncentracyjnych-999x1536.jpg 999w\" sizes=\"auto, (max-width: 195px) 100vw, 195px\" \/>\t<div class=\"jtg-social-expandable \">\n\t\t<a class=\"modula-icon-share\" aria-label=\"Kliknij, aby udost\u0119pni\u0107\" href=\"#\"><svg xmlns=\"http:\/\/www.w3.org\/2000\/svg\" viewBox=\"0 0 24 24\" tabindex=\"-1\" width=\"24\" height=\"24\"><path d=\"M2.55 19c1.4-8.4 9.1-9.8 11.9-9.8V5l7 7-7 6.3v-3.5c-2.8 0-10.5 2.1-11.9 4.2z\"><\/path><\/svg><\/a>\n\t<\/div>\n\t<div class=\"jtg-social-expandable-icons \">\n\t\t\t\t\t\t\t<a class=\"modula-icon-twitter\" aria-label=\"Udost\u0119pnij na X\"  data-modula-gallery-id=\"2020\" data-modula-item-id=\"1984\" data-modula-image-src=\"https:\/\/www.rodzinaravensbruck.pl\/wp-content\/uploads\/2020\/02\/Pierwsza-pielgrzymka-wotywna-na-Jasn\u0105-G\u00f3r\u0119-maj-1946-rok-harcerki-z-Mur\u00f3w-wi\u0119\u017aniarki-Rvensbruck-oraz-wi\u0119\u017aniowie-innych-oboz\u00f3w-koncentracyjnych.jpg\" href=\"#\"><svg\n\t\t\t\t\twidth=\"20px\"\n\t\t\t\t\theight=\"20px\"\n\t\t\t\t\tviewBox=\"0 0 20 20\"\n\t\t\t\t\taria-hidden=\"true\">\n\t\t\t\t\t\t<path d=\"M2.9 0C1.3 0 0 1.3 0 2.9v14.3C0 18.7 1.3 20 2.9 20h14.3c1.6 0 2.9-1.3 2.9-2.9V2.9C20 1.3 18.7 0 17.1 0H2.9zm13.2 3.8L11.5 9l5.5 7.2h-4.3l-3.3-4.4-3.8 4.4H3.4l5-5.7-5.3-6.7h4.4l3 4 3.5-4h2.1zM14.4 15 6.8 5H5.6l7.7 10h1.1z\"\/>\n\t\t\t\t\t<\/svg><\/a>\n\t\t\t\t\t\t\t\t\t\t<a class=\"modula-icon-facebook\" aria-label=\"Udost\u0119pnij na Facebooku\"  data-modula-gallery-id=\"2020\" data-modula-item-id=\"1984\" data-modula-image-src=\"https:\/\/www.rodzinaravensbruck.pl\/wp-content\/uploads\/2020\/02\/Pierwsza-pielgrzymka-wotywna-na-Jasn\u0105-G\u00f3r\u0119-maj-1946-rok-harcerki-z-Mur\u00f3w-wi\u0119\u017aniarki-Rvensbruck-oraz-wi\u0119\u017aniowie-innych-oboz\u00f3w-koncentracyjnych.jpg\"\t\t\t\thref=\"#\"><svg\n\t\t\t\t\twidth=\"20px\"\n\t\t\t\t\theight=\"20px\"\n\t\t\t\t\tviewBox=\"0 0 20 20\"\n\t\t\t\t\taria-hidden=\"true\">\n\t\t\t\t\t\t<path d=\"M20,10.1c0-5.5-4.5-10-10-10S0,4.5,0,10.1c0,5,3.7,9.1,8.4,9.9v-7H5.9v-2.9h2.5V7.9C8.4,5.4,9.9,4,12.2,4c1.1,0,2.2,0.2,2.2,0.2v2.5h-1.3c-1.2,0-1.6,0.8-1.6,1.6v1.9h2.8L13.9,13h-2.3v7C16.3,19.2,20,15.1,20,10.1z\"\/>\n\t\t\t\t\t<\/svg><\/a>\n\t\t\t\t\t\t\t\t\t\t<a class=\"modula-icon-whatsapp\" aria-label=\"Udost\u0119pnij na Whatsapp\"  data-modula-gallery-id=\"2020\" data-modula-item-id=\"1984\" data-modula-image-src=\"https:\/\/www.rodzinaravensbruck.pl\/wp-content\/uploads\/2020\/02\/Pierwsza-pielgrzymka-wotywna-na-Jasn\u0105-G\u00f3r\u0119-maj-1946-rok-harcerki-z-Mur\u00f3w-wi\u0119\u017aniarki-Rvensbruck-oraz-wi\u0119\u017aniowie-innych-oboz\u00f3w-koncentracyjnych.jpg\"\t\t\t\thref=\"#\"><svg\n\t\t\t\t\twidth=\"20px\"\n\t\t\t\t\theight=\"20px\"\n\t\t\t\t\tviewBox=\"0 0 20 20\"\n\t\t\t\t\taria-hidden=\"true\">\n\t\t\t\t\t\t<path d=\"M10,0C4.5,0,0,4.5,0,10c0,1.9,0.5,3.6,1.4,5.1L0.1,20l5-1.3C6.5,19.5,8.2,20,10,20c5.5,0,10-4.5,10-10S15.5,0,10,0zM6.6,5.3c0.2,0,0.3,0,0.5,0c0.2,0,0.4,0,0.6,0.4c0.2,0.5,0.7,1.7,0.8,1.8c0.1,0.1,0.1,0.3,0,0.4C8.3,8.2,8.3,8.3,8.1,8.5C8,8.6,7.9,8.8,7.8,8.9C7.7,9,7.5,9.1,7.7,9.4c0.1,0.2,0.6,1.1,1.4,1.7c0.9,0.8,1.7,1.1,2,1.2c0.2,0.1,0.4,0.1,0.5-0.1c0.1-0.2,0.6-0.7,0.8-1c0.2-0.2,0.3-0.2,0.6-0.1c0.2,0.1,1.4,0.7,1.7,0.8s0.4,0.2,0.5,0.3c0.1,0.1,0.1,0.6-0.1,1.2c-0.2,0.6-1.2,1.1-1.7,1.2c-0.5,0-0.9,0.2-3-0.6c-2.5-1-4.1-3.6-4.2-3.7c-0.1-0.2-1-1.3-1-2.6c0-1.2,0.6-1.8,0.9-2.1C6.1,5.4,6.4,5.3,6.6,5.3z\"\/>\n\t\t\t\t\t<\/svg><\/a>\n\t\t\t\t\t\t\t\t\t\t<a class=\"modula-icon-pinterest\" aria-label=\"Udost\u0119pnij w Pinterest\"  data-modula-gallery-id=\"2020\" data-modula-item-id=\"1984\" data-modula-image-src=\"https:\/\/www.rodzinaravensbruck.pl\/wp-content\/uploads\/2020\/02\/Pierwsza-pielgrzymka-wotywna-na-Jasn\u0105-G\u00f3r\u0119-maj-1946-rok-harcerki-z-Mur\u00f3w-wi\u0119\u017aniarki-Rvensbruck-oraz-wi\u0119\u017aniowie-innych-oboz\u00f3w-koncentracyjnych.jpg\"\t\t\t\thref=\"#\"><svg\n\t\t\t\t\twidth=\"20px\"\n\t\t\t\t\theight=\"20px\"\n\t\t\t\t\tviewBox=\"0 0 20 20\"\n\t\t\t\t\taria-hidden=\"true\">\n\t\t\t\t\t\t<path d=\"M10,0C4.5,0,0,4.5,0,10c0,4.1,2.5,7.6,6,9.2c0-0.7,0-1.5,0.2-2.3c0.2-0.8,1.3-5.4,1.3-5.4s-0.3-0.6-0.3-1.6c0-1.5,0.9-2.6,1.9-2.6c0.9,0,1.3,0.7,1.3,1.5c0,0.9-0.6,2.3-0.9,3.5c-0.3,1.1,0.5,1.9,1.6,1.9c1.9,0,3.2-2.4,3.2-5.3c0-2.2-1.5-3.8-4.2-3.8c-3,0-4.9,2.3-4.9,4.8c0,0.9,0.3,1.5,0.7,2C6,12,6.1,12.1,6,12.4c0,0.2-0.2,0.6-0.2,0.8c-0.1,0.3-0.3,0.3-0.5,0.3c-1.4-0.6-2-2.1-2-3.8c0-2.8,2.4-6.2,7.1-6.2c3.8,0,6.3,2.8,6.3,5.7c0,3.9-2.2,6.9-5.4,6.9c-1.1,0-2.1-0.6-2.4-1.2c0,0-0.6,2.3-0.7,2.7c-0.2,0.8-0.6,1.5-1,2.1C8.1,19.9,9,20,10,20c5.5,0,10-4.5,10-10C20,4.5,15.5,0,10,0z\"\/>\n\t\t\t\t\t<\/svg><\/a>\n\t\t\t\t\t\t\t\t\t\t<a class=\"modula-icon-linkedin\" aria-label=\"Udost\u0119pnij na LinkedIn\"  data-modula-gallery-id=\"2020\" data-modula-item-id=\"1984\" data-modula-image-src=\"https:\/\/www.rodzinaravensbruck.pl\/wp-content\/uploads\/2020\/02\/Pierwsza-pielgrzymka-wotywna-na-Jasn\u0105-G\u00f3r\u0119-maj-1946-rok-harcerki-z-Mur\u00f3w-wi\u0119\u017aniarki-Rvensbruck-oraz-wi\u0119\u017aniowie-innych-oboz\u00f3w-koncentracyjnych.jpg\"\t\t\t\thref=\"#\"><svg\n\t\t\t\t\twidth=\"20px\"\n\t\t\t\t\theight=\"20px\"\n\t\t\t\t\tviewBox=\"0 0 20 20\"\n\t\t\t\t\taria-hidden=\"true\">\n\t\t\t\t\t\t<path d=\"M18.6,0H1.4C0.6,0,0,0.6,0,1.4v17.1C0,19.4,0.6,20,1.4,20h17.1c0.8,0,1.4-0.6,1.4-1.4V1.4C20,0.6,19.4,0,18.6,0z M6,17.1h-3V7.6h3L6,17.1L6,17.1zM4.6,6.3c-1,0-1.7-0.8-1.7-1.7s0.8-1.7,1.7-1.7c0.9,0,1.7,0.8,1.7,1.7C6.3,5.5,5.5,6.3,4.6,6.3z M17.2,17.1h-3v-4.6c0-1.1,0-2.5-1.5-2.5c-1.5,0-1.8,1.2-1.8,2.5v4.7h-3V7.6h2.8v1.3h0c0.4-0.8,1.4-1.5,2.8-1.5c3,0,3.6,2,3.6,4.5V17.1z\"\/>\n\t\t\t\t\t<\/svg><\/a>\n\t\t\t\t\t\t\t\t\t\t\t<\/div>\n\t\n\t\t<div class=\"figc no-description\">\n\t\t\t<div class=\"figc-inner\">\n\t\t\t\t\t\t\t\t\t\t\t\t\t\t\t<\/div>\n\t\t<\/div>\n\n\t<\/div>\n\n<\/div><div class=\"modula-item effect-pufrobo\" >\n\t<div class=\"modula-item-overlay\"><\/div>\n\n\t<div class=\"modula-item-content\">\n\n\t\t<a data-image-id=\"1983\" role=\"button\" tabindex=\"0\" rel=\"jtg-2020\" data-caption=\"\" aria-label=\"Otw\u00f3rz obrazek w lightboxie\" class=\"tile-inner modula-item-link\"><\/a><img loading=\"lazy\" decoding=\"async\" class=\"pic wp-image-1983\"  data-valign=\"middle\" data-halign=\"center\" alt=\"\" data-full=\"https:\/\/www.rodzinaravensbruck.pl\/wp-content\/uploads\/2020\/02\/Od-lewej-\u015bp.-Zofia-Poci\u0142owska-Kann-Kama-Sycz-Katarzyna-Mateja-W\u0142adys\u0142awa-Sikora-przekazanie-Sztandaru-mur\u00f3w-do-Muzeum-Harcerstwa-Polskiego-w-Warszawie.jpg\" title=\"Od lewej \u015bp. Zofia Poci\u0142owska - Kann, Kama Sycz, Katarzyna Mateja, W\u0142adys\u0142awa Sikora - przekazanie Sztandaru mur\u00f3w do Muzeum Harcerstwa Polskiego w Warszawie\" crop=\"\" width=\"225\" height=\"300\" src=\"https:\/\/www.rodzinaravensbruck.pl\/wp-content\/uploads\/2020\/02\/Od-lewej-\u015bp.-Zofia-Poci\u0142owska-Kann-Kama-Sycz-Katarzyna-Mateja-W\u0142adys\u0142awa-Sikora-przekazanie-Sztandaru-mur\u00f3w-do-Muzeum-Harcerstwa-Polskiego-w-Warszawie-225x300.jpg\" data-src=\"https:\/\/www.rodzinaravensbruck.pl\/wp-content\/uploads\/2020\/02\/Od-lewej-\u015bp.-Zofia-Poci\u0142owska-Kann-Kama-Sycz-Katarzyna-Mateja-W\u0142adys\u0142awa-Sikora-przekazanie-Sztandaru-mur\u00f3w-do-Muzeum-Harcerstwa-Polskiego-w-Warszawie-225x300.jpg\" data-caption=\"\" srcset=\"https:\/\/www.rodzinaravensbruck.pl\/wp-content\/uploads\/2020\/02\/Od-lewej-\u015bp.-Zofia-Poci\u0142owska-Kann-Kama-Sycz-Katarzyna-Mateja-W\u0142adys\u0142awa-Sikora-przekazanie-Sztandaru-mur\u00f3w-do-Muzeum-Harcerstwa-Polskiego-w-Warszawie-scaled.jpg 1920w, https:\/\/www.rodzinaravensbruck.pl\/wp-content\/uploads\/2020\/02\/Od-lewej-\u015bp.-Zofia-Poci\u0142owska-Kann-Kama-Sycz-Katarzyna-Mateja-W\u0142adys\u0142awa-Sikora-przekazanie-Sztandaru-mur\u00f3w-do-Muzeum-Harcerstwa-Polskiego-w-Warszawie-scaled-225x300.jpg 225w, https:\/\/www.rodzinaravensbruck.pl\/wp-content\/uploads\/2020\/02\/Od-lewej-\u015bp.-Zofia-Poci\u0142owska-Kann-Kama-Sycz-Katarzyna-Mateja-W\u0142adys\u0142awa-Sikora-przekazanie-Sztandaru-mur\u00f3w-do-Muzeum-Harcerstwa-Polskiego-w-Warszawie-768x1024.jpg 768w, https:\/\/www.rodzinaravensbruck.pl\/wp-content\/uploads\/2020\/02\/Od-lewej-\u015bp.-Zofia-Poci\u0142owska-Kann-Kama-Sycz-Katarzyna-Mateja-W\u0142adys\u0142awa-Sikora-przekazanie-Sztandaru-mur\u00f3w-do-Muzeum-Harcerstwa-Polskiego-w-Warszawie-1152x1536.jpg 1152w, https:\/\/www.rodzinaravensbruck.pl\/wp-content\/uploads\/2020\/02\/Od-lewej-\u015bp.-Zofia-Poci\u0142owska-Kann-Kama-Sycz-Katarzyna-Mateja-W\u0142adys\u0142awa-Sikora-przekazanie-Sztandaru-mur\u00f3w-do-Muzeum-Harcerstwa-Polskiego-w-Warszawie-1536x2048.jpg 1536w\" sizes=\"auto, (max-width: 225px) 100vw, 225px\" \/>\t<div class=\"jtg-social-expandable \">\n\t\t<a class=\"modula-icon-share\" aria-label=\"Kliknij, aby udost\u0119pni\u0107\" href=\"#\"><svg xmlns=\"http:\/\/www.w3.org\/2000\/svg\" viewBox=\"0 0 24 24\" tabindex=\"-1\" width=\"24\" height=\"24\"><path d=\"M2.55 19c1.4-8.4 9.1-9.8 11.9-9.8V5l7 7-7 6.3v-3.5c-2.8 0-10.5 2.1-11.9 4.2z\"><\/path><\/svg><\/a>\n\t<\/div>\n\t<div class=\"jtg-social-expandable-icons \">\n\t\t\t\t\t\t\t<a class=\"modula-icon-twitter\" aria-label=\"Udost\u0119pnij na X\"  data-modula-gallery-id=\"2020\" data-modula-item-id=\"1983\" data-modula-image-src=\"https:\/\/www.rodzinaravensbruck.pl\/wp-content\/uploads\/2020\/02\/Od-lewej-\u015bp.-Zofia-Poci\u0142owska-Kann-Kama-Sycz-Katarzyna-Mateja-W\u0142adys\u0142awa-Sikora-przekazanie-Sztandaru-mur\u00f3w-do-Muzeum-Harcerstwa-Polskiego-w-Warszawie.jpg\" href=\"#\"><svg\n\t\t\t\t\twidth=\"20px\"\n\t\t\t\t\theight=\"20px\"\n\t\t\t\t\tviewBox=\"0 0 20 20\"\n\t\t\t\t\taria-hidden=\"true\">\n\t\t\t\t\t\t<path d=\"M2.9 0C1.3 0 0 1.3 0 2.9v14.3C0 18.7 1.3 20 2.9 20h14.3c1.6 0 2.9-1.3 2.9-2.9V2.9C20 1.3 18.7 0 17.1 0H2.9zm13.2 3.8L11.5 9l5.5 7.2h-4.3l-3.3-4.4-3.8 4.4H3.4l5-5.7-5.3-6.7h4.4l3 4 3.5-4h2.1zM14.4 15 6.8 5H5.6l7.7 10h1.1z\"\/>\n\t\t\t\t\t<\/svg><\/a>\n\t\t\t\t\t\t\t\t\t\t<a class=\"modula-icon-facebook\" aria-label=\"Udost\u0119pnij na Facebooku\"  data-modula-gallery-id=\"2020\" data-modula-item-id=\"1983\" data-modula-image-src=\"https:\/\/www.rodzinaravensbruck.pl\/wp-content\/uploads\/2020\/02\/Od-lewej-\u015bp.-Zofia-Poci\u0142owska-Kann-Kama-Sycz-Katarzyna-Mateja-W\u0142adys\u0142awa-Sikora-przekazanie-Sztandaru-mur\u00f3w-do-Muzeum-Harcerstwa-Polskiego-w-Warszawie.jpg\"\t\t\t\thref=\"#\"><svg\n\t\t\t\t\twidth=\"20px\"\n\t\t\t\t\theight=\"20px\"\n\t\t\t\t\tviewBox=\"0 0 20 20\"\n\t\t\t\t\taria-hidden=\"true\">\n\t\t\t\t\t\t<path d=\"M20,10.1c0-5.5-4.5-10-10-10S0,4.5,0,10.1c0,5,3.7,9.1,8.4,9.9v-7H5.9v-2.9h2.5V7.9C8.4,5.4,9.9,4,12.2,4c1.1,0,2.2,0.2,2.2,0.2v2.5h-1.3c-1.2,0-1.6,0.8-1.6,1.6v1.9h2.8L13.9,13h-2.3v7C16.3,19.2,20,15.1,20,10.1z\"\/>\n\t\t\t\t\t<\/svg><\/a>\n\t\t\t\t\t\t\t\t\t\t<a class=\"modula-icon-whatsapp\" aria-label=\"Udost\u0119pnij na Whatsapp\"  data-modula-gallery-id=\"2020\" data-modula-item-id=\"1983\" data-modula-image-src=\"https:\/\/www.rodzinaravensbruck.pl\/wp-content\/uploads\/2020\/02\/Od-lewej-\u015bp.-Zofia-Poci\u0142owska-Kann-Kama-Sycz-Katarzyna-Mateja-W\u0142adys\u0142awa-Sikora-przekazanie-Sztandaru-mur\u00f3w-do-Muzeum-Harcerstwa-Polskiego-w-Warszawie.jpg\"\t\t\t\thref=\"#\"><svg\n\t\t\t\t\twidth=\"20px\"\n\t\t\t\t\theight=\"20px\"\n\t\t\t\t\tviewBox=\"0 0 20 20\"\n\t\t\t\t\taria-hidden=\"true\">\n\t\t\t\t\t\t<path d=\"M10,0C4.5,0,0,4.5,0,10c0,1.9,0.5,3.6,1.4,5.1L0.1,20l5-1.3C6.5,19.5,8.2,20,10,20c5.5,0,10-4.5,10-10S15.5,0,10,0zM6.6,5.3c0.2,0,0.3,0,0.5,0c0.2,0,0.4,0,0.6,0.4c0.2,0.5,0.7,1.7,0.8,1.8c0.1,0.1,0.1,0.3,0,0.4C8.3,8.2,8.3,8.3,8.1,8.5C8,8.6,7.9,8.8,7.8,8.9C7.7,9,7.5,9.1,7.7,9.4c0.1,0.2,0.6,1.1,1.4,1.7c0.9,0.8,1.7,1.1,2,1.2c0.2,0.1,0.4,0.1,0.5-0.1c0.1-0.2,0.6-0.7,0.8-1c0.2-0.2,0.3-0.2,0.6-0.1c0.2,0.1,1.4,0.7,1.7,0.8s0.4,0.2,0.5,0.3c0.1,0.1,0.1,0.6-0.1,1.2c-0.2,0.6-1.2,1.1-1.7,1.2c-0.5,0-0.9,0.2-3-0.6c-2.5-1-4.1-3.6-4.2-3.7c-0.1-0.2-1-1.3-1-2.6c0-1.2,0.6-1.8,0.9-2.1C6.1,5.4,6.4,5.3,6.6,5.3z\"\/>\n\t\t\t\t\t<\/svg><\/a>\n\t\t\t\t\t\t\t\t\t\t<a class=\"modula-icon-pinterest\" aria-label=\"Udost\u0119pnij w Pinterest\"  data-modula-gallery-id=\"2020\" data-modula-item-id=\"1983\" data-modula-image-src=\"https:\/\/www.rodzinaravensbruck.pl\/wp-content\/uploads\/2020\/02\/Od-lewej-\u015bp.-Zofia-Poci\u0142owska-Kann-Kama-Sycz-Katarzyna-Mateja-W\u0142adys\u0142awa-Sikora-przekazanie-Sztandaru-mur\u00f3w-do-Muzeum-Harcerstwa-Polskiego-w-Warszawie.jpg\"\t\t\t\thref=\"#\"><svg\n\t\t\t\t\twidth=\"20px\"\n\t\t\t\t\theight=\"20px\"\n\t\t\t\t\tviewBox=\"0 0 20 20\"\n\t\t\t\t\taria-hidden=\"true\">\n\t\t\t\t\t\t<path d=\"M10,0C4.5,0,0,4.5,0,10c0,4.1,2.5,7.6,6,9.2c0-0.7,0-1.5,0.2-2.3c0.2-0.8,1.3-5.4,1.3-5.4s-0.3-0.6-0.3-1.6c0-1.5,0.9-2.6,1.9-2.6c0.9,0,1.3,0.7,1.3,1.5c0,0.9-0.6,2.3-0.9,3.5c-0.3,1.1,0.5,1.9,1.6,1.9c1.9,0,3.2-2.4,3.2-5.3c0-2.2-1.5-3.8-4.2-3.8c-3,0-4.9,2.3-4.9,4.8c0,0.9,0.3,1.5,0.7,2C6,12,6.1,12.1,6,12.4c0,0.2-0.2,0.6-0.2,0.8c-0.1,0.3-0.3,0.3-0.5,0.3c-1.4-0.6-2-2.1-2-3.8c0-2.8,2.4-6.2,7.1-6.2c3.8,0,6.3,2.8,6.3,5.7c0,3.9-2.2,6.9-5.4,6.9c-1.1,0-2.1-0.6-2.4-1.2c0,0-0.6,2.3-0.7,2.7c-0.2,0.8-0.6,1.5-1,2.1C8.1,19.9,9,20,10,20c5.5,0,10-4.5,10-10C20,4.5,15.5,0,10,0z\"\/>\n\t\t\t\t\t<\/svg><\/a>\n\t\t\t\t\t\t\t\t\t\t<a class=\"modula-icon-linkedin\" aria-label=\"Udost\u0119pnij na LinkedIn\"  data-modula-gallery-id=\"2020\" data-modula-item-id=\"1983\" data-modula-image-src=\"https:\/\/www.rodzinaravensbruck.pl\/wp-content\/uploads\/2020\/02\/Od-lewej-\u015bp.-Zofia-Poci\u0142owska-Kann-Kama-Sycz-Katarzyna-Mateja-W\u0142adys\u0142awa-Sikora-przekazanie-Sztandaru-mur\u00f3w-do-Muzeum-Harcerstwa-Polskiego-w-Warszawie.jpg\"\t\t\t\thref=\"#\"><svg\n\t\t\t\t\twidth=\"20px\"\n\t\t\t\t\theight=\"20px\"\n\t\t\t\t\tviewBox=\"0 0 20 20\"\n\t\t\t\t\taria-hidden=\"true\">\n\t\t\t\t\t\t<path d=\"M18.6,0H1.4C0.6,0,0,0.6,0,1.4v17.1C0,19.4,0.6,20,1.4,20h17.1c0.8,0,1.4-0.6,1.4-1.4V1.4C20,0.6,19.4,0,18.6,0z M6,17.1h-3V7.6h3L6,17.1L6,17.1zM4.6,6.3c-1,0-1.7-0.8-1.7-1.7s0.8-1.7,1.7-1.7c0.9,0,1.7,0.8,1.7,1.7C6.3,5.5,5.5,6.3,4.6,6.3z M17.2,17.1h-3v-4.6c0-1.1,0-2.5-1.5-2.5c-1.5,0-1.8,1.2-1.8,2.5v4.7h-3V7.6h2.8v1.3h0c0.4-0.8,1.4-1.5,2.8-1.5c3,0,3.6,2,3.6,4.5V17.1z\"\/>\n\t\t\t\t\t<\/svg><\/a>\n\t\t\t\t\t\t\t\t\t\t\t<\/div>\n\t\n\t\t<div class=\"figc no-description\">\n\t\t\t<div class=\"figc-inner\">\n\t\t\t\t\t\t\t\t\t\t\t\t\t\t\t<\/div>\n\t\t<\/div>\n\n\t<\/div>\n\n<\/div><div class=\"modula-item effect-pufrobo\" >\n\t<div class=\"modula-item-overlay\"><\/div>\n\n\t<div class=\"modula-item-content\">\n\n\t\t<a data-image-id=\"1982\" role=\"button\" tabindex=\"0\" rel=\"jtg-2020\" data-caption=\"\" aria-label=\"Otw\u00f3rz obrazek w lightboxie\" class=\"tile-inner modula-item-link\"><\/a><img loading=\"lazy\" decoding=\"async\" class=\"pic wp-image-1982\"  data-valign=\"middle\" data-halign=\"center\" alt=\"kwiecie\u0144 2012 r. - kontynuacja! Pierwsza pielgrzymka z ks. Stanis\u0142awem Micha\u0142owskim zorganizowana przez nast\u0119pne pokolenia z udzia\u0142em by\u0142ych wi\u0119\u017aniarek\" data-full=\"https:\/\/www.rodzinaravensbruck.pl\/wp-content\/uploads\/2020\/02\/kwiecie\u0144-2012-r.-kontynuacja-Pierwsza-pielgrzymka-z-ks.-Stanis\u0142awem-Micha\u0142owskim-zorganizowana-przez-nast\u0119pne-pokolenia-z-udzia\u0142em-by\u0142ych-wi\u0119\u017aniarek.jpg\" title=\"kwiecie\u0144 2012 r. - kontynuacja! Pierwsza pielgrzymka z ks. Stanis\u0142awem Micha\u0142owskim zorganizowana przez nast\u0119pne pokolenia z udzia\u0142em by\u0142ych wi\u0119\u017aniarek\" crop=\"\" width=\"300\" height=\"225\" src=\"https:\/\/www.rodzinaravensbruck.pl\/wp-content\/uploads\/2020\/02\/kwiecie\u0144-2012-r.-kontynuacja-Pierwsza-pielgrzymka-z-ks.-Stanis\u0142awem-Micha\u0142owskim-zorganizowana-przez-nast\u0119pne-pokolenia-z-udzia\u0142em-by\u0142ych-wi\u0119\u017aniarek-300x225.jpg\" data-src=\"https:\/\/www.rodzinaravensbruck.pl\/wp-content\/uploads\/2020\/02\/kwiecie\u0144-2012-r.-kontynuacja-Pierwsza-pielgrzymka-z-ks.-Stanis\u0142awem-Micha\u0142owskim-zorganizowana-przez-nast\u0119pne-pokolenia-z-udzia\u0142em-by\u0142ych-wi\u0119\u017aniarek-300x225.jpg\" data-caption=\"\" srcset=\"https:\/\/www.rodzinaravensbruck.pl\/wp-content\/uploads\/2020\/02\/kwiecie\u0144-2012-r.-kontynuacja-Pierwsza-pielgrzymka-z-ks.-Stanis\u0142awem-Micha\u0142owskim-zorganizowana-przez-nast\u0119pne-pokolenia-z-udzia\u0142em-by\u0142ych-wi\u0119\u017aniarek-scaled.jpg 2560w, https:\/\/www.rodzinaravensbruck.pl\/wp-content\/uploads\/2020\/02\/kwiecie\u0144-2012-r.-kontynuacja-Pierwsza-pielgrzymka-z-ks.-Stanis\u0142awem-Micha\u0142owskim-zorganizowana-przez-nast\u0119pne-pokolenia-z-udzia\u0142em-by\u0142ych-wi\u0119\u017aniarek-scaled-300x225.jpg 300w, https:\/\/www.rodzinaravensbruck.pl\/wp-content\/uploads\/2020\/02\/kwiecie\u0144-2012-r.-kontynuacja-Pierwsza-pielgrzymka-z-ks.-Stanis\u0142awem-Micha\u0142owskim-zorganizowana-przez-nast\u0119pne-pokolenia-z-udzia\u0142em-by\u0142ych-wi\u0119\u017aniarek-1024x768.jpg 1024w, https:\/\/www.rodzinaravensbruck.pl\/wp-content\/uploads\/2020\/02\/kwiecie\u0144-2012-r.-kontynuacja-Pierwsza-pielgrzymka-z-ks.-Stanis\u0142awem-Micha\u0142owskim-zorganizowana-przez-nast\u0119pne-pokolenia-z-udzia\u0142em-by\u0142ych-wi\u0119\u017aniarek-768x576.jpg 768w, https:\/\/www.rodzinaravensbruck.pl\/wp-content\/uploads\/2020\/02\/kwiecie\u0144-2012-r.-kontynuacja-Pierwsza-pielgrzymka-z-ks.-Stanis\u0142awem-Micha\u0142owskim-zorganizowana-przez-nast\u0119pne-pokolenia-z-udzia\u0142em-by\u0142ych-wi\u0119\u017aniarek-1536x1152.jpg 1536w, https:\/\/www.rodzinaravensbruck.pl\/wp-content\/uploads\/2020\/02\/kwiecie\u0144-2012-r.-kontynuacja-Pierwsza-pielgrzymka-z-ks.-Stanis\u0142awem-Micha\u0142owskim-zorganizowana-przez-nast\u0119pne-pokolenia-z-udzia\u0142em-by\u0142ych-wi\u0119\u017aniarek-2048x1536.jpg 2048w\" sizes=\"auto, (max-width: 300px) 100vw, 300px\" \/>\t<div class=\"jtg-social-expandable \">\n\t\t<a class=\"modula-icon-share\" aria-label=\"Kliknij, aby udost\u0119pni\u0107\" href=\"#\"><svg xmlns=\"http:\/\/www.w3.org\/2000\/svg\" viewBox=\"0 0 24 24\" tabindex=\"-1\" width=\"24\" height=\"24\"><path d=\"M2.55 19c1.4-8.4 9.1-9.8 11.9-9.8V5l7 7-7 6.3v-3.5c-2.8 0-10.5 2.1-11.9 4.2z\"><\/path><\/svg><\/a>\n\t<\/div>\n\t<div class=\"jtg-social-expandable-icons \">\n\t\t\t\t\t\t\t<a class=\"modula-icon-twitter\" aria-label=\"Udost\u0119pnij na X\"  data-modula-gallery-id=\"2020\" data-modula-item-id=\"1982\" data-modula-image-src=\"https:\/\/www.rodzinaravensbruck.pl\/wp-content\/uploads\/2020\/02\/kwiecie\u0144-2012-r.-kontynuacja-Pierwsza-pielgrzymka-z-ks.-Stanis\u0142awem-Micha\u0142owskim-zorganizowana-przez-nast\u0119pne-pokolenia-z-udzia\u0142em-by\u0142ych-wi\u0119\u017aniarek.jpg\" href=\"#\"><svg\n\t\t\t\t\twidth=\"20px\"\n\t\t\t\t\theight=\"20px\"\n\t\t\t\t\tviewBox=\"0 0 20 20\"\n\t\t\t\t\taria-hidden=\"true\">\n\t\t\t\t\t\t<path d=\"M2.9 0C1.3 0 0 1.3 0 2.9v14.3C0 18.7 1.3 20 2.9 20h14.3c1.6 0 2.9-1.3 2.9-2.9V2.9C20 1.3 18.7 0 17.1 0H2.9zm13.2 3.8L11.5 9l5.5 7.2h-4.3l-3.3-4.4-3.8 4.4H3.4l5-5.7-5.3-6.7h4.4l3 4 3.5-4h2.1zM14.4 15 6.8 5H5.6l7.7 10h1.1z\"\/>\n\t\t\t\t\t<\/svg><\/a>\n\t\t\t\t\t\t\t\t\t\t<a class=\"modula-icon-facebook\" aria-label=\"Udost\u0119pnij na Facebooku\"  data-modula-gallery-id=\"2020\" data-modula-item-id=\"1982\" data-modula-image-src=\"https:\/\/www.rodzinaravensbruck.pl\/wp-content\/uploads\/2020\/02\/kwiecie\u0144-2012-r.-kontynuacja-Pierwsza-pielgrzymka-z-ks.-Stanis\u0142awem-Micha\u0142owskim-zorganizowana-przez-nast\u0119pne-pokolenia-z-udzia\u0142em-by\u0142ych-wi\u0119\u017aniarek.jpg\"\t\t\t\thref=\"#\"><svg\n\t\t\t\t\twidth=\"20px\"\n\t\t\t\t\theight=\"20px\"\n\t\t\t\t\tviewBox=\"0 0 20 20\"\n\t\t\t\t\taria-hidden=\"true\">\n\t\t\t\t\t\t<path d=\"M20,10.1c0-5.5-4.5-10-10-10S0,4.5,0,10.1c0,5,3.7,9.1,8.4,9.9v-7H5.9v-2.9h2.5V7.9C8.4,5.4,9.9,4,12.2,4c1.1,0,2.2,0.2,2.2,0.2v2.5h-1.3c-1.2,0-1.6,0.8-1.6,1.6v1.9h2.8L13.9,13h-2.3v7C16.3,19.2,20,15.1,20,10.1z\"\/>\n\t\t\t\t\t<\/svg><\/a>\n\t\t\t\t\t\t\t\t\t\t<a class=\"modula-icon-whatsapp\" aria-label=\"Udost\u0119pnij na Whatsapp\"  data-modula-gallery-id=\"2020\" data-modula-item-id=\"1982\" data-modula-image-src=\"https:\/\/www.rodzinaravensbruck.pl\/wp-content\/uploads\/2020\/02\/kwiecie\u0144-2012-r.-kontynuacja-Pierwsza-pielgrzymka-z-ks.-Stanis\u0142awem-Micha\u0142owskim-zorganizowana-przez-nast\u0119pne-pokolenia-z-udzia\u0142em-by\u0142ych-wi\u0119\u017aniarek.jpg\"\t\t\t\thref=\"#\"><svg\n\t\t\t\t\twidth=\"20px\"\n\t\t\t\t\theight=\"20px\"\n\t\t\t\t\tviewBox=\"0 0 20 20\"\n\t\t\t\t\taria-hidden=\"true\">\n\t\t\t\t\t\t<path d=\"M10,0C4.5,0,0,4.5,0,10c0,1.9,0.5,3.6,1.4,5.1L0.1,20l5-1.3C6.5,19.5,8.2,20,10,20c5.5,0,10-4.5,10-10S15.5,0,10,0zM6.6,5.3c0.2,0,0.3,0,0.5,0c0.2,0,0.4,0,0.6,0.4c0.2,0.5,0.7,1.7,0.8,1.8c0.1,0.1,0.1,0.3,0,0.4C8.3,8.2,8.3,8.3,8.1,8.5C8,8.6,7.9,8.8,7.8,8.9C7.7,9,7.5,9.1,7.7,9.4c0.1,0.2,0.6,1.1,1.4,1.7c0.9,0.8,1.7,1.1,2,1.2c0.2,0.1,0.4,0.1,0.5-0.1c0.1-0.2,0.6-0.7,0.8-1c0.2-0.2,0.3-0.2,0.6-0.1c0.2,0.1,1.4,0.7,1.7,0.8s0.4,0.2,0.5,0.3c0.1,0.1,0.1,0.6-0.1,1.2c-0.2,0.6-1.2,1.1-1.7,1.2c-0.5,0-0.9,0.2-3-0.6c-2.5-1-4.1-3.6-4.2-3.7c-0.1-0.2-1-1.3-1-2.6c0-1.2,0.6-1.8,0.9-2.1C6.1,5.4,6.4,5.3,6.6,5.3z\"\/>\n\t\t\t\t\t<\/svg><\/a>\n\t\t\t\t\t\t\t\t\t\t<a class=\"modula-icon-pinterest\" aria-label=\"Udost\u0119pnij w Pinterest\"  data-modula-gallery-id=\"2020\" data-modula-item-id=\"1982\" data-modula-image-src=\"https:\/\/www.rodzinaravensbruck.pl\/wp-content\/uploads\/2020\/02\/kwiecie\u0144-2012-r.-kontynuacja-Pierwsza-pielgrzymka-z-ks.-Stanis\u0142awem-Micha\u0142owskim-zorganizowana-przez-nast\u0119pne-pokolenia-z-udzia\u0142em-by\u0142ych-wi\u0119\u017aniarek.jpg\"\t\t\t\thref=\"#\"><svg\n\t\t\t\t\twidth=\"20px\"\n\t\t\t\t\theight=\"20px\"\n\t\t\t\t\tviewBox=\"0 0 20 20\"\n\t\t\t\t\taria-hidden=\"true\">\n\t\t\t\t\t\t<path d=\"M10,0C4.5,0,0,4.5,0,10c0,4.1,2.5,7.6,6,9.2c0-0.7,0-1.5,0.2-2.3c0.2-0.8,1.3-5.4,1.3-5.4s-0.3-0.6-0.3-1.6c0-1.5,0.9-2.6,1.9-2.6c0.9,0,1.3,0.7,1.3,1.5c0,0.9-0.6,2.3-0.9,3.5c-0.3,1.1,0.5,1.9,1.6,1.9c1.9,0,3.2-2.4,3.2-5.3c0-2.2-1.5-3.8-4.2-3.8c-3,0-4.9,2.3-4.9,4.8c0,0.9,0.3,1.5,0.7,2C6,12,6.1,12.1,6,12.4c0,0.2-0.2,0.6-0.2,0.8c-0.1,0.3-0.3,0.3-0.5,0.3c-1.4-0.6-2-2.1-2-3.8c0-2.8,2.4-6.2,7.1-6.2c3.8,0,6.3,2.8,6.3,5.7c0,3.9-2.2,6.9-5.4,6.9c-1.1,0-2.1-0.6-2.4-1.2c0,0-0.6,2.3-0.7,2.7c-0.2,0.8-0.6,1.5-1,2.1C8.1,19.9,9,20,10,20c5.5,0,10-4.5,10-10C20,4.5,15.5,0,10,0z\"\/>\n\t\t\t\t\t<\/svg><\/a>\n\t\t\t\t\t\t\t\t\t\t<a class=\"modula-icon-linkedin\" aria-label=\"Udost\u0119pnij na LinkedIn\"  data-modula-gallery-id=\"2020\" data-modula-item-id=\"1982\" data-modula-image-src=\"https:\/\/www.rodzinaravensbruck.pl\/wp-content\/uploads\/2020\/02\/kwiecie\u0144-2012-r.-kontynuacja-Pierwsza-pielgrzymka-z-ks.-Stanis\u0142awem-Micha\u0142owskim-zorganizowana-przez-nast\u0119pne-pokolenia-z-udzia\u0142em-by\u0142ych-wi\u0119\u017aniarek.jpg\"\t\t\t\thref=\"#\"><svg\n\t\t\t\t\twidth=\"20px\"\n\t\t\t\t\theight=\"20px\"\n\t\t\t\t\tviewBox=\"0 0 20 20\"\n\t\t\t\t\taria-hidden=\"true\">\n\t\t\t\t\t\t<path d=\"M18.6,0H1.4C0.6,0,0,0.6,0,1.4v17.1C0,19.4,0.6,20,1.4,20h17.1c0.8,0,1.4-0.6,1.4-1.4V1.4C20,0.6,19.4,0,18.6,0z M6,17.1h-3V7.6h3L6,17.1L6,17.1zM4.6,6.3c-1,0-1.7-0.8-1.7-1.7s0.8-1.7,1.7-1.7c0.9,0,1.7,0.8,1.7,1.7C6.3,5.5,5.5,6.3,4.6,6.3z M17.2,17.1h-3v-4.6c0-1.1,0-2.5-1.5-2.5c-1.5,0-1.8,1.2-1.8,2.5v4.7h-3V7.6h2.8v1.3h0c0.4-0.8,1.4-1.5,2.8-1.5c3,0,3.6,2,3.6,4.5V17.1z\"\/>\n\t\t\t\t\t<\/svg><\/a>\n\t\t\t\t\t\t\t\t\t\t\t<\/div>\n\t\n\t\t<div class=\"figc no-description\">\n\t\t\t<div class=\"figc-inner\">\n\t\t\t\t\t\t\t\t\t\t\t\t\t\t\t<\/div>\n\t\t<\/div>\n\n\t<\/div>\n\n<\/div><div class=\"modula-item effect-pufrobo\" >\n\t<div class=\"modula-item-overlay\"><\/div>\n\n\t<div class=\"modula-item-content\">\n\n\t\t<a data-image-id=\"1981\" role=\"button\" tabindex=\"0\" rel=\"jtg-2020\" data-caption=\"\" aria-label=\"Otw\u00f3rz obrazek w lightboxie\" class=\"tile-inner modula-item-link\"><\/a><img loading=\"lazy\" decoding=\"async\" class=\"pic wp-image-1981\"  data-valign=\"middle\" data-halign=\"center\" alt=\"07.07.1987 r. zdj\u0119cie wykonane na rekolekcjach w Niepokalanowie; od lewej Anna burd\u00f3wna, Janka Tyszkiewicz, Kasia Mateja J\u00f3zefa Kantor ( Mury)\" data-full=\"https:\/\/www.rodzinaravensbruck.pl\/wp-content\/uploads\/2020\/02\/07.07.1987-r.-zdj\u0119cie-wykonane-na-rekolekcjach-w-Niepokalanowie-od-lewej-Anna-burd\u00f3wna-Janka-Tyszkiewicz-Kasia-Mateja-J\u00f3zefa-Kantor-Mury.jpg\" title=\"07.07.1987 r. zdj\u0119cie wykonane na rekolekcjach w Niepokalanowie; od lewej Anna burd\u00f3wna, Janka Tyszkiewicz, Kasia Mateja J\u00f3zefa Kantor ( Mury)\" crop=\"\" width=\"225\" height=\"300\" src=\"https:\/\/www.rodzinaravensbruck.pl\/wp-content\/uploads\/2020\/02\/07.07.1987-r.-zdj\u0119cie-wykonane-na-rekolekcjach-w-Niepokalanowie-od-lewej-Anna-burd\u00f3wna-Janka-Tyszkiewicz-Kasia-Mateja-J\u00f3zefa-Kantor-Mury-225x300.jpg\" data-src=\"https:\/\/www.rodzinaravensbruck.pl\/wp-content\/uploads\/2020\/02\/07.07.1987-r.-zdj\u0119cie-wykonane-na-rekolekcjach-w-Niepokalanowie-od-lewej-Anna-burd\u00f3wna-Janka-Tyszkiewicz-Kasia-Mateja-J\u00f3zefa-Kantor-Mury-225x300.jpg\" data-caption=\"\" srcset=\"https:\/\/www.rodzinaravensbruck.pl\/wp-content\/uploads\/2020\/02\/07.07.1987-r.-zdj\u0119cie-wykonane-na-rekolekcjach-w-Niepokalanowie-od-lewej-Anna-burd\u00f3wna-Janka-Tyszkiewicz-Kasia-Mateja-J\u00f3zefa-Kantor-Mury-scaled.jpg 1920w, https:\/\/www.rodzinaravensbruck.pl\/wp-content\/uploads\/2020\/02\/07.07.1987-r.-zdj\u0119cie-wykonane-na-rekolekcjach-w-Niepokalanowie-od-lewej-Anna-burd\u00f3wna-Janka-Tyszkiewicz-Kasia-Mateja-J\u00f3zefa-Kantor-Mury-scaled-225x300.jpg 225w, https:\/\/www.rodzinaravensbruck.pl\/wp-content\/uploads\/2020\/02\/07.07.1987-r.-zdj\u0119cie-wykonane-na-rekolekcjach-w-Niepokalanowie-od-lewej-Anna-burd\u00f3wna-Janka-Tyszkiewicz-Kasia-Mateja-J\u00f3zefa-Kantor-Mury-768x1024.jpg 768w, https:\/\/www.rodzinaravensbruck.pl\/wp-content\/uploads\/2020\/02\/07.07.1987-r.-zdj\u0119cie-wykonane-na-rekolekcjach-w-Niepokalanowie-od-lewej-Anna-burd\u00f3wna-Janka-Tyszkiewicz-Kasia-Mateja-J\u00f3zefa-Kantor-Mury-1152x1536.jpg 1152w, https:\/\/www.rodzinaravensbruck.pl\/wp-content\/uploads\/2020\/02\/07.07.1987-r.-zdj\u0119cie-wykonane-na-rekolekcjach-w-Niepokalanowie-od-lewej-Anna-burd\u00f3wna-Janka-Tyszkiewicz-Kasia-Mateja-J\u00f3zefa-Kantor-Mury-1536x2048.jpg 1536w\" sizes=\"auto, (max-width: 225px) 100vw, 225px\" \/>\t<div class=\"jtg-social-expandable \">\n\t\t<a class=\"modula-icon-share\" aria-label=\"Kliknij, aby udost\u0119pni\u0107\" href=\"#\"><svg xmlns=\"http:\/\/www.w3.org\/2000\/svg\" viewBox=\"0 0 24 24\" tabindex=\"-1\" width=\"24\" height=\"24\"><path d=\"M2.55 19c1.4-8.4 9.1-9.8 11.9-9.8V5l7 7-7 6.3v-3.5c-2.8 0-10.5 2.1-11.9 4.2z\"><\/path><\/svg><\/a>\n\t<\/div>\n\t<div class=\"jtg-social-expandable-icons \">\n\t\t\t\t\t\t\t<a class=\"modula-icon-twitter\" aria-label=\"Udost\u0119pnij na X\"  data-modula-gallery-id=\"2020\" data-modula-item-id=\"1981\" data-modula-image-src=\"https:\/\/www.rodzinaravensbruck.pl\/wp-content\/uploads\/2020\/02\/07.07.1987-r.-zdj\u0119cie-wykonane-na-rekolekcjach-w-Niepokalanowie-od-lewej-Anna-burd\u00f3wna-Janka-Tyszkiewicz-Kasia-Mateja-J\u00f3zefa-Kantor-Mury.jpg\" href=\"#\"><svg\n\t\t\t\t\twidth=\"20px\"\n\t\t\t\t\theight=\"20px\"\n\t\t\t\t\tviewBox=\"0 0 20 20\"\n\t\t\t\t\taria-hidden=\"true\">\n\t\t\t\t\t\t<path d=\"M2.9 0C1.3 0 0 1.3 0 2.9v14.3C0 18.7 1.3 20 2.9 20h14.3c1.6 0 2.9-1.3 2.9-2.9V2.9C20 1.3 18.7 0 17.1 0H2.9zm13.2 3.8L11.5 9l5.5 7.2h-4.3l-3.3-4.4-3.8 4.4H3.4l5-5.7-5.3-6.7h4.4l3 4 3.5-4h2.1zM14.4 15 6.8 5H5.6l7.7 10h1.1z\"\/>\n\t\t\t\t\t<\/svg><\/a>\n\t\t\t\t\t\t\t\t\t\t<a class=\"modula-icon-facebook\" aria-label=\"Udost\u0119pnij na Facebooku\"  data-modula-gallery-id=\"2020\" data-modula-item-id=\"1981\" data-modula-image-src=\"https:\/\/www.rodzinaravensbruck.pl\/wp-content\/uploads\/2020\/02\/07.07.1987-r.-zdj\u0119cie-wykonane-na-rekolekcjach-w-Niepokalanowie-od-lewej-Anna-burd\u00f3wna-Janka-Tyszkiewicz-Kasia-Mateja-J\u00f3zefa-Kantor-Mury.jpg\"\t\t\t\thref=\"#\"><svg\n\t\t\t\t\twidth=\"20px\"\n\t\t\t\t\theight=\"20px\"\n\t\t\t\t\tviewBox=\"0 0 20 20\"\n\t\t\t\t\taria-hidden=\"true\">\n\t\t\t\t\t\t<path d=\"M20,10.1c0-5.5-4.5-10-10-10S0,4.5,0,10.1c0,5,3.7,9.1,8.4,9.9v-7H5.9v-2.9h2.5V7.9C8.4,5.4,9.9,4,12.2,4c1.1,0,2.2,0.2,2.2,0.2v2.5h-1.3c-1.2,0-1.6,0.8-1.6,1.6v1.9h2.8L13.9,13h-2.3v7C16.3,19.2,20,15.1,20,10.1z\"\/>\n\t\t\t\t\t<\/svg><\/a>\n\t\t\t\t\t\t\t\t\t\t<a class=\"modula-icon-whatsapp\" aria-label=\"Udost\u0119pnij na Whatsapp\"  data-modula-gallery-id=\"2020\" data-modula-item-id=\"1981\" data-modula-image-src=\"https:\/\/www.rodzinaravensbruck.pl\/wp-content\/uploads\/2020\/02\/07.07.1987-r.-zdj\u0119cie-wykonane-na-rekolekcjach-w-Niepokalanowie-od-lewej-Anna-burd\u00f3wna-Janka-Tyszkiewicz-Kasia-Mateja-J\u00f3zefa-Kantor-Mury.jpg\"\t\t\t\thref=\"#\"><svg\n\t\t\t\t\twidth=\"20px\"\n\t\t\t\t\theight=\"20px\"\n\t\t\t\t\tviewBox=\"0 0 20 20\"\n\t\t\t\t\taria-hidden=\"true\">\n\t\t\t\t\t\t<path d=\"M10,0C4.5,0,0,4.5,0,10c0,1.9,0.5,3.6,1.4,5.1L0.1,20l5-1.3C6.5,19.5,8.2,20,10,20c5.5,0,10-4.5,10-10S15.5,0,10,0zM6.6,5.3c0.2,0,0.3,0,0.5,0c0.2,0,0.4,0,0.6,0.4c0.2,0.5,0.7,1.7,0.8,1.8c0.1,0.1,0.1,0.3,0,0.4C8.3,8.2,8.3,8.3,8.1,8.5C8,8.6,7.9,8.8,7.8,8.9C7.7,9,7.5,9.1,7.7,9.4c0.1,0.2,0.6,1.1,1.4,1.7c0.9,0.8,1.7,1.1,2,1.2c0.2,0.1,0.4,0.1,0.5-0.1c0.1-0.2,0.6-0.7,0.8-1c0.2-0.2,0.3-0.2,0.6-0.1c0.2,0.1,1.4,0.7,1.7,0.8s0.4,0.2,0.5,0.3c0.1,0.1,0.1,0.6-0.1,1.2c-0.2,0.6-1.2,1.1-1.7,1.2c-0.5,0-0.9,0.2-3-0.6c-2.5-1-4.1-3.6-4.2-3.7c-0.1-0.2-1-1.3-1-2.6c0-1.2,0.6-1.8,0.9-2.1C6.1,5.4,6.4,5.3,6.6,5.3z\"\/>\n\t\t\t\t\t<\/svg><\/a>\n\t\t\t\t\t\t\t\t\t\t<a class=\"modula-icon-pinterest\" aria-label=\"Udost\u0119pnij w Pinterest\"  data-modula-gallery-id=\"2020\" data-modula-item-id=\"1981\" data-modula-image-src=\"https:\/\/www.rodzinaravensbruck.pl\/wp-content\/uploads\/2020\/02\/07.07.1987-r.-zdj\u0119cie-wykonane-na-rekolekcjach-w-Niepokalanowie-od-lewej-Anna-burd\u00f3wna-Janka-Tyszkiewicz-Kasia-Mateja-J\u00f3zefa-Kantor-Mury.jpg\"\t\t\t\thref=\"#\"><svg\n\t\t\t\t\twidth=\"20px\"\n\t\t\t\t\theight=\"20px\"\n\t\t\t\t\tviewBox=\"0 0 20 20\"\n\t\t\t\t\taria-hidden=\"true\">\n\t\t\t\t\t\t<path d=\"M10,0C4.5,0,0,4.5,0,10c0,4.1,2.5,7.6,6,9.2c0-0.7,0-1.5,0.2-2.3c0.2-0.8,1.3-5.4,1.3-5.4s-0.3-0.6-0.3-1.6c0-1.5,0.9-2.6,1.9-2.6c0.9,0,1.3,0.7,1.3,1.5c0,0.9-0.6,2.3-0.9,3.5c-0.3,1.1,0.5,1.9,1.6,1.9c1.9,0,3.2-2.4,3.2-5.3c0-2.2-1.5-3.8-4.2-3.8c-3,0-4.9,2.3-4.9,4.8c0,0.9,0.3,1.5,0.7,2C6,12,6.1,12.1,6,12.4c0,0.2-0.2,0.6-0.2,0.8c-0.1,0.3-0.3,0.3-0.5,0.3c-1.4-0.6-2-2.1-2-3.8c0-2.8,2.4-6.2,7.1-6.2c3.8,0,6.3,2.8,6.3,5.7c0,3.9-2.2,6.9-5.4,6.9c-1.1,0-2.1-0.6-2.4-1.2c0,0-0.6,2.3-0.7,2.7c-0.2,0.8-0.6,1.5-1,2.1C8.1,19.9,9,20,10,20c5.5,0,10-4.5,10-10C20,4.5,15.5,0,10,0z\"\/>\n\t\t\t\t\t<\/svg><\/a>\n\t\t\t\t\t\t\t\t\t\t<a class=\"modula-icon-linkedin\" aria-label=\"Udost\u0119pnij na LinkedIn\"  data-modula-gallery-id=\"2020\" data-modula-item-id=\"1981\" data-modula-image-src=\"https:\/\/www.rodzinaravensbruck.pl\/wp-content\/uploads\/2020\/02\/07.07.1987-r.-zdj\u0119cie-wykonane-na-rekolekcjach-w-Niepokalanowie-od-lewej-Anna-burd\u00f3wna-Janka-Tyszkiewicz-Kasia-Mateja-J\u00f3zefa-Kantor-Mury.jpg\"\t\t\t\thref=\"#\"><svg\n\t\t\t\t\twidth=\"20px\"\n\t\t\t\t\theight=\"20px\"\n\t\t\t\t\tviewBox=\"0 0 20 20\"\n\t\t\t\t\taria-hidden=\"true\">\n\t\t\t\t\t\t<path d=\"M18.6,0H1.4C0.6,0,0,0.6,0,1.4v17.1C0,19.4,0.6,20,1.4,20h17.1c0.8,0,1.4-0.6,1.4-1.4V1.4C20,0.6,19.4,0,18.6,0z M6,17.1h-3V7.6h3L6,17.1L6,17.1zM4.6,6.3c-1,0-1.7-0.8-1.7-1.7s0.8-1.7,1.7-1.7c0.9,0,1.7,0.8,1.7,1.7C6.3,5.5,5.5,6.3,4.6,6.3z M17.2,17.1h-3v-4.6c0-1.1,0-2.5-1.5-2.5c-1.5,0-1.8,1.2-1.8,2.5v4.7h-3V7.6h2.8v1.3h0c0.4-0.8,1.4-1.5,2.8-1.5c3,0,3.6,2,3.6,4.5V17.1z\"\/>\n\t\t\t\t\t<\/svg><\/a>\n\t\t\t\t\t\t\t\t\t\t\t<\/div>\n\t\n\t\t<div class=\"figc no-description\">\n\t\t\t<div class=\"figc-inner\">\n\t\t\t\t\t\t\t\t\t\t\t\t\t\t\t<\/div>\n\t\t<\/div>\n\n\t<\/div>\n\n<\/div>\t\t\n\t<\/div>\n\n\t\n\t\n\t<script type=\"application\/ld+json\">\n\t{\n\t\t\"@context\": \"http:\/\/schema.org\",\n\t\t\"@type\"   : \"ImageGallery\",\n\t\t\"id\"      : \"https:\/\/www.rodzinaravensbruck.pl\/index.php\/2020\/02\/23\/idac-po-ich-sladach\/\",\n\t\t\"url\"     : \"https:\/\/www.rodzinaravensbruck.pl\/index.php\/2020\/02\/23\/idac-po-ich-sladach\/\"\n\t}\n\n\t<\/script>\n\n\t\n<\/div>\n\n<p><span style=\"font-size: 10pt;\"><em>Fotografia tytu\u0142owa: Wikimedia Commons<\/em><\/span><\/p>\n","protected":false},"excerpt":{"rendered":"<p>Moje wspomnienia o pielgrzymowaniu na Jasn\u0105 G\u00f3r\u0119 kobiet, kt\u00f3re prze\u017cy\u0142y FKL Ravensbr\u00fcck. W 2013 r. p. Maria z d. Czapla Markiewicz przy okazji odwiedzin z okazji Jej setnych urodzin, powierzy\u0142a mi bardzo wa\u017cne dokumenty zebrane w Ksi\u0119dze zmar\u0142ych Ravensbr\u00fcczanek ze \u015al\u0105ska i Zag\u0142\u0119bia prowadzon\u0105 przez p. Mari\u0119\u00a0 od 1946 r.<\/p>\n","protected":false},"author":1,"featured_media":1979,"comment_status":"closed","ping_status":"open","sticky":false,"template":"","format":"standard","meta":{"ngg_post_thumbnail":0,"footnotes":""},"categories":[4],"tags":[],"class_list":["post-1978","post","type-post","status-publish","format-standard","has-post-thumbnail","hentry","category-aktualnosci"],"_links":{"self":[{"href":"https:\/\/www.rodzinaravensbruck.pl\/index.php\/wp-json\/wp\/v2\/posts\/1978","targetHints":{"allow":["GET"]}}],"collection":[{"href":"https:\/\/www.rodzinaravensbruck.pl\/index.php\/wp-json\/wp\/v2\/posts"}],"about":[{"href":"https:\/\/www.rodzinaravensbruck.pl\/index.php\/wp-json\/wp\/v2\/types\/post"}],"author":[{"embeddable":true,"href":"https:\/\/www.rodzinaravensbruck.pl\/index.php\/wp-json\/wp\/v2\/users\/1"}],"replies":[{"embeddable":true,"href":"https:\/\/www.rodzinaravensbruck.pl\/index.php\/wp-json\/wp\/v2\/comments?post=1978"}],"version-history":[{"count":5,"href":"https:\/\/www.rodzinaravensbruck.pl\/index.php\/wp-json\/wp\/v2\/posts\/1978\/revisions"}],"predecessor-version":[{"id":2021,"href":"https:\/\/www.rodzinaravensbruck.pl\/index.php\/wp-json\/wp\/v2\/posts\/1978\/revisions\/2021"}],"wp:featuredmedia":[{"embeddable":true,"href":"https:\/\/www.rodzinaravensbruck.pl\/index.php\/wp-json\/wp\/v2\/media\/1979"}],"wp:attachment":[{"href":"https:\/\/www.rodzinaravensbruck.pl\/index.php\/wp-json\/wp\/v2\/media?parent=1978"}],"wp:term":[{"taxonomy":"category","embeddable":true,"href":"https:\/\/www.rodzinaravensbruck.pl\/index.php\/wp-json\/wp\/v2\/categories?post=1978"},{"taxonomy":"post_tag","embeddable":true,"href":"https:\/\/www.rodzinaravensbruck.pl\/index.php\/wp-json\/wp\/v2\/tags?post=1978"}],"curies":[{"name":"wp","href":"https:\/\/api.w.org\/{rel}","templated":true}]}}