{"id":2029,"date":"2020-03-13T14:13:16","date_gmt":"2020-03-13T13:13:16","guid":{"rendered":"http:\/\/www.rodzinaravensbruck.pl\/?p=2029"},"modified":"2020-03-13T15:00:52","modified_gmt":"2020-03-13T14:00:52","slug":"75-rocznica-wyzwolenia-kl-ravensbruck-18-19-kwietnia-2020-r","status":"publish","type":"post","link":"https:\/\/www.rodzinaravensbruck.pl\/index.php\/2020\/03\/13\/75-rocznica-wyzwolenia-kl-ravensbruck-18-19-kwietnia-2020-r\/","title":{"rendered":"75- rocznica wyzwolenia KL Ravensbr\u00fcck 18-19 kwietnia 2020 r."},"content":{"rendered":"<p><strong>uroczysto\u015bci w Ravensbr\u00fcck ograniczone do lokalnych zgrupowa\u0144, wyjazdy polskich grup odwo\u0142ane.<br \/>\n<\/strong><strong>Poni\u017cej komunikat Memorial Ravensbr\u00fcck w sprawie obchod\u00f3w.<\/strong><\/p>\n<p>Szanowni Pa\u0144stwo,<\/p>\n<p>obserwujemy w ostatnich tygodniach szybkie rozprzestrzenianie si\u0119 na ca\u0142ym \u015bwiecie coronawirusa, kt\u00f3ry dotar\u0142 ju\u017c do Niemiec, stwierdzony w Berlinie i w Brandenburgi.\u00a0 Podj\u0119te prewencyjnie kroki dotycz\u0105 podr\u00f3\u017cy, imprez i ca\u0142ego \u017cycia publicznego, bo s\u0142u\u017cy\u0107 maj\u0105 zatrzymania epidemii.<!--more--><br \/>\nW porozumieniu z naczelnym lekarzem powiatu Oberhavel i z prezydentem Mi\u0119dzynawowego Komitetu Ravensbr\u00fcck z wielkim \u017calem jeste\u015bmy zmuszeni do odwo\u0142ania wi\u0119kszo\u015bci imprez planowanych na po\u0142ow\u0119 kwietnia z okazji 75. rocznicy wyzwolenia obozu. Wprawdzie z ci\u0119\u017ckim sercem musimy jednak uwzgl\u0119dni\u0107 decyzj\u0119 naczelnego lekarza, poniewa\u017c nie wolno nam nara\u017ca\u0107 zdrowia naszych go\u015bci.<br \/>\nMamy nadziej\u0119, \u017ce planowane przedsi\u0119wzi\u0119cia uda nam si\u0119 zrealizowa\u0107 w przysz\u0142ym roku w ramach obchod\u00f3w 76. rocznicy wyzwolenia obozu i ponowimy zaproszenie dla \u017cyj\u0105cych wi\u0119\u017ani\u00f3w i ich rodzin.<br \/>\nMiejsce Pami\u0119ci ma zamiar mimo to upami\u0119tni\u0107 75. rocznic\u0119 wyzwolenia obozu organizuj\u0105c 19 kwietnia w bardzo niewielkim gronie centraln\u0105 uroczysto\u015b\u0107 i otwarcie w jej ramach wystawy \u201eFaces of Europe\u201c.<br \/>\nRozwa\u017camy obecnie, czy uda si\u0119 stworzy\u0107 dla zainteresowanych mo\u017cliwo\u015b\u0107 uczestnictwa w planowanych uroczysto\u015bciach za po\u015brednictwem internetu.<br \/>\nJeste\u015bmy gotowi udzieli\u0107 Pa\u0144stwu wszelkich dalszych wiadomo\u015bci.<\/p>\n<p>\u0141\u0105czymy najlepsze pozdrowienia.<\/p>\n<p>Dr. Insa Eschebach<br \/>\nNils Weigt<br \/>\nVeranstaltungen und Wanderausstellungen | Gedenkst\u00e4tte Ravensbr\u00fcck<br \/>\nStra\u00dfe der Nationen<br \/>\nD-16798 F\u00fcrstenberg<br \/>\nTel.: +49 33093 608-175<br \/>\nE-Mail: <a href=\"mailto:weigt@ravensbrueck.de\">weigt@ravensbrueck.de<\/a><br \/>\n<a href=\"http:\/\/www.stiftung-bg.de\/\">www.stiftung-bg.de<\/a><\/p>\n","protected":false},"excerpt":{"rendered":"<p>uroczysto\u015bci w Ravensbr\u00fcck ograniczone do lokalnych zgrupowa\u0144, wyjazdy polskich grup odwo\u0142ane. Poni\u017cej komunikat Memorial Ravensbr\u00fcck w sprawie obchod\u00f3w. Szanowni Pa\u0144stwo, obserwujemy w ostatnich tygodniach szybkie rozprzestrzenianie si\u0119 na ca\u0142ym \u015bwiecie coronawirusa, kt\u00f3ry dotar\u0142 ju\u017c do Niemiec, stwierdzony w Berlinie i w Brandenburgi.\u00a0 Podj\u0119te prewencyjnie kroki dotycz\u0105 podr\u00f3\u017cy, imprez i ca\u0142ego \u017cycia publicznego, bo s\u0142u\u017cy\u0107 maj\u0105 &hellip; <\/p>\n<p class=\"link-more\"><a href=\"https:\/\/www.rodzinaravensbruck.pl\/index.php\/2020\/03\/13\/75-rocznica-wyzwolenia-kl-ravensbruck-18-19-kwietnia-2020-r\/\" class=\"more-link\">Czytaj dalej<span class=\"screen-reader-text\"> \u201e75- rocznica wyzwolenia KL Ravensbr\u00fcck 18-19 kwietnia 2020 r.\u201d<\/span><\/a><\/p>\n","protected":false},"author":1,"featured_media":2032,"comment_status":"closed","ping_status":"open","sticky":false,"template":"","format":"standard","meta":{"ngg_post_thumbnail":0,"footnotes":""},"categories":[4],"tags":[],"class_list":["post-2029","post","type-post","status-publish","format-standard","has-post-thumbnail","hentry","category-aktualnosci"],"_links":{"self":[{"href":"https:\/\/www.rodzinaravensbruck.pl\/index.php\/wp-json\/wp\/v2\/posts\/2029","targetHints":{"allow":["GET"]}}],"collection":[{"href":"https:\/\/www.rodzinaravensbruck.pl\/index.php\/wp-json\/wp\/v2\/posts"}],"about":[{"href":"https:\/\/www.rodzinaravensbruck.pl\/index.php\/wp-json\/wp\/v2\/types\/post"}],"author":[{"embeddable":true,"href":"https:\/\/www.rodzinaravensbruck.pl\/index.php\/wp-json\/wp\/v2\/users\/1"}],"replies":[{"embeddable":true,"href":"https:\/\/www.rodzinaravensbruck.pl\/index.php\/wp-json\/wp\/v2\/comments?post=2029"}],"version-history":[{"count":2,"href":"https:\/\/www.rodzinaravensbruck.pl\/index.php\/wp-json\/wp\/v2\/posts\/2029\/revisions"}],"predecessor-version":[{"id":2033,"href":"https:\/\/www.rodzinaravensbruck.pl\/index.php\/wp-json\/wp\/v2\/posts\/2029\/revisions\/2033"}],"wp:featuredmedia":[{"embeddable":true,"href":"https:\/\/www.rodzinaravensbruck.pl\/index.php\/wp-json\/wp\/v2\/media\/2032"}],"wp:attachment":[{"href":"https:\/\/www.rodzinaravensbruck.pl\/index.php\/wp-json\/wp\/v2\/media?parent=2029"}],"wp:term":[{"taxonomy":"category","embeddable":true,"href":"https:\/\/www.rodzinaravensbruck.pl\/index.php\/wp-json\/wp\/v2\/categories?post=2029"},{"taxonomy":"post_tag","embeddable":true,"href":"https:\/\/www.rodzinaravensbruck.pl\/index.php\/wp-json\/wp\/v2\/tags?post=2029"}],"curies":[{"name":"wp","href":"https:\/\/api.w.org\/{rel}","templated":true}]}}