{"id":2035,"date":"2020-03-18T08:55:14","date_gmt":"2020-03-18T07:55:14","guid":{"rendered":"http:\/\/www.rodzinaravensbruck.pl\/?p=2035"},"modified":"2020-03-18T08:55:25","modified_gmt":"2020-03-18T07:55:25","slug":"muzeum-pamieci-ravensbruck-zamkniete-do-odwolania","status":"publish","type":"post","link":"https:\/\/www.rodzinaravensbruck.pl\/index.php\/2020\/03\/18\/muzeum-pamieci-ravensbruck-zamkniete-do-odwolania\/","title":{"rendered":"Muzeum Pami\u0119ci Ravensbr\u00fcck zamkni\u0119te do odwo\u0142ania"},"content":{"rendered":"<p>Z powodu pandemii spowodowanej coronavirusem, Muzeum Pami\u0119ci Ravensbr\u00fcck b\u0119dzie zamkni\u0119te do 15 maja 2020. Niestety wszystkie uroczysto\u015bci, wycieczki z przewodnikiem, programy edukacyjne zostaj\u0105 odwo\u0142ane do nast\u0119pnej\u00a0 informacji.<!--more--><br \/>\nWszystkie uroczysto\u015bci, kt\u00f3re by\u0142y planowane z okazji\u00a0 75. rocznicy wyzwolenia Kobiecego Obozu Koncentracyjnego nie b\u0119d\u0105 mia\u0142y miejsca.<br \/>\nWierzymy, \u017ce na 76. rocznic\u0119 wyzwolenia obozu w 2021 r.,\u00a0 odb\u0119d\u0105 si\u0119 uroczysto\u015bci, kt\u00f3re zosta\u0142y teraz odwo\u0142ane.<br \/>\nTakim post\u0119powania chcieliby\u015bmy przyczyni\u0107 si\u0119 do spowolnienia dalszego rozprzestrzeniania si\u0119 infekcji. Prosimy o wyrozumia\u0142o\u015b\u0107 i mamy nadziej\u0119, \u017ce b\u0119dziemy mogli ponownie powita\u0107 Was w Muzeum Pami\u0119ci Ravensbr\u00fcck w p\u00f3\u017aniejszym terminie.<\/p>\n<p>Z najlepszymi pozdrowieniami,<br \/>\nDr. Insa Eschebach, Dyrektor<br \/>\nNils Weigt, organizator uroczysto\u015bci<\/p>\n","protected":false},"excerpt":{"rendered":"<p>Z powodu pandemii spowodowanej coronavirusem, Muzeum Pami\u0119ci Ravensbr\u00fcck b\u0119dzie zamkni\u0119te do 15 maja 2020. Niestety wszystkie uroczysto\u015bci, wycieczki z przewodnikiem, programy edukacyjne zostaj\u0105 odwo\u0142ane do nast\u0119pnej\u00a0 informacji.<\/p>\n","protected":false},"author":1,"featured_media":2036,"comment_status":"closed","ping_status":"open","sticky":false,"template":"","format":"standard","meta":{"ngg_post_thumbnail":0,"footnotes":""},"categories":[4],"tags":[],"class_list":["post-2035","post","type-post","status-publish","format-standard","has-post-thumbnail","hentry","category-aktualnosci"],"_links":{"self":[{"href":"https:\/\/www.rodzinaravensbruck.pl\/index.php\/wp-json\/wp\/v2\/posts\/2035","targetHints":{"allow":["GET"]}}],"collection":[{"href":"https:\/\/www.rodzinaravensbruck.pl\/index.php\/wp-json\/wp\/v2\/posts"}],"about":[{"href":"https:\/\/www.rodzinaravensbruck.pl\/index.php\/wp-json\/wp\/v2\/types\/post"}],"author":[{"embeddable":true,"href":"https:\/\/www.rodzinaravensbruck.pl\/index.php\/wp-json\/wp\/v2\/users\/1"}],"replies":[{"embeddable":true,"href":"https:\/\/www.rodzinaravensbruck.pl\/index.php\/wp-json\/wp\/v2\/comments?post=2035"}],"version-history":[{"count":2,"href":"https:\/\/www.rodzinaravensbruck.pl\/index.php\/wp-json\/wp\/v2\/posts\/2035\/revisions"}],"predecessor-version":[{"id":2038,"href":"https:\/\/www.rodzinaravensbruck.pl\/index.php\/wp-json\/wp\/v2\/posts\/2035\/revisions\/2038"}],"wp:featuredmedia":[{"embeddable":true,"href":"https:\/\/www.rodzinaravensbruck.pl\/index.php\/wp-json\/wp\/v2\/media\/2036"}],"wp:attachment":[{"href":"https:\/\/www.rodzinaravensbruck.pl\/index.php\/wp-json\/wp\/v2\/media?parent=2035"}],"wp:term":[{"taxonomy":"category","embeddable":true,"href":"https:\/\/www.rodzinaravensbruck.pl\/index.php\/wp-json\/wp\/v2\/categories?post=2035"},{"taxonomy":"post_tag","embeddable":true,"href":"https:\/\/www.rodzinaravensbruck.pl\/index.php\/wp-json\/wp\/v2\/tags?post=2035"}],"curies":[{"name":"wp","href":"https:\/\/api.w.org\/{rel}","templated":true}]}}