{"id":2057,"date":"2020-04-18T12:20:28","date_gmt":"2020-04-18T10:20:28","guid":{"rendered":"http:\/\/www.rodzinaravensbruck.pl\/?p=2057"},"modified":"2020-04-18T12:26:24","modified_gmt":"2020-04-18T10:26:24","slug":"koncert-sila-milosci-na-75-rocznice-wyzwolenia-kl-ravensbruck","status":"publish","type":"post","link":"https:\/\/www.rodzinaravensbruck.pl\/index.php\/2020\/04\/18\/koncert-sila-milosci-na-75-rocznice-wyzwolenia-kl-ravensbruck\/","title":{"rendered":"Koncert \u201cSi\u0142a Mi\u0142o\u015bci\u201d na 75. rocznic\u0119 wyzwolenia KL Ravensbr\u00fcck"},"content":{"rendered":"<p>W sobot\u0119 18 kwietnia o 19.00 b\u0119dzie udost\u0119pniony koncert \u201eSi\u0142a Mi\u0142o\u015bci\u201d \u2013 Tw\u00f3rczo\u015b\u0107 Wi\u0119\u017aniarek Obozu w Ravensbr\u00fcck<br \/>\nRe\u017cyser &#8211; Andrzej R\u00f3g &#8211; Stowarzyszenie Prawy Brzeg<br \/>\nKierownictwo muzyczne- Stefan B\u0142aszczy\u0144ski<!--more--><br \/>\nMultimedia &#8211; Tomasz Kucharski<br \/>\nRe\u017cyseria \u015bwiat\u0142a &#8211; Ada Bystrzycka<br \/>\n<a href=\"https:\/\/www.youtube.com\/watch?v=tRxanHoSa90\" target=\"_blank\" rel=\"noopener noreferrer\">https:\/\/www.youtube.com\/watch?v=tRxanHoSa90<\/a><br \/>\n<a href=\"http:\/\/facebook.com\/GedenkstaetteRavensbrueck\/\" target=\"_blank\" rel=\"noopener noreferrer\">facebook.com\/GedenkstaetteRavensbrueck\/<\/a><br \/>\n<a href=\"https:\/\/twitter.com\/ravensbrueck\" target=\"_blank\" rel=\"noopener noreferrer\">https:\/\/twitter.com\/ravensbrueck<\/a><\/p>\n<p>W niedziel\u0119 19 kwietnia od godz. 10.00 do 17.00 odb\u0119d\u0105 si\u0119 g\u0142\u00f3wne uroczysto\u015bci: przem\u00f3wienia, modlitwy, utwory muzyczne, kt\u00f3re b\u0119dzie mo\u017cna \u015bledzi\u0107 (w j. niemieckim, angielskim, francuskim i polskim) na stronie Memorial Ravensbr\u00fcck Koncert \u201eSi\u0142a Mi\u0142o\u015bci\u201d online b\u0119dzie mo\u017cna wys\u0142ucha\u0107 w niedziel\u0119: <a href=\"https:\/\/www.ravensbrueck-sbg.de\/\" target=\"_blank\" rel=\"noopener noreferrer\">https:\/\/www.ravensbrueck-sbg.de\/<\/a><\/p>\n<p>Program uroczysto\u015bci jest na stronie Stowarzyszenia:<\/p>\n<p>El\u017cbieta Kuta<\/p>\n","protected":false},"excerpt":{"rendered":"<p>W sobot\u0119 18 kwietnia o 19.00 b\u0119dzie udost\u0119pniony koncert \u201eSi\u0142a Mi\u0142o\u015bci\u201d \u2013 Tw\u00f3rczo\u015b\u0107 Wi\u0119\u017aniarek Obozu w Ravensbr\u00fcck Re\u017cyser &#8211; Andrzej R\u00f3g &#8211; Stowarzyszenie Prawy Brzeg Kierownictwo muzyczne- Stefan B\u0142aszczy\u0144ski<\/p>\n","protected":false},"author":1,"featured_media":2060,"comment_status":"closed","ping_status":"open","sticky":false,"template":"","format":"standard","meta":{"ngg_post_thumbnail":0,"footnotes":""},"categories":[4],"tags":[],"class_list":["post-2057","post","type-post","status-publish","format-standard","has-post-thumbnail","hentry","category-aktualnosci"],"_links":{"self":[{"href":"https:\/\/www.rodzinaravensbruck.pl\/index.php\/wp-json\/wp\/v2\/posts\/2057","targetHints":{"allow":["GET"]}}],"collection":[{"href":"https:\/\/www.rodzinaravensbruck.pl\/index.php\/wp-json\/wp\/v2\/posts"}],"about":[{"href":"https:\/\/www.rodzinaravensbruck.pl\/index.php\/wp-json\/wp\/v2\/types\/post"}],"author":[{"embeddable":true,"href":"https:\/\/www.rodzinaravensbruck.pl\/index.php\/wp-json\/wp\/v2\/users\/1"}],"replies":[{"embeddable":true,"href":"https:\/\/www.rodzinaravensbruck.pl\/index.php\/wp-json\/wp\/v2\/comments?post=2057"}],"version-history":[{"count":2,"href":"https:\/\/www.rodzinaravensbruck.pl\/index.php\/wp-json\/wp\/v2\/posts\/2057\/revisions"}],"predecessor-version":[{"id":2059,"href":"https:\/\/www.rodzinaravensbruck.pl\/index.php\/wp-json\/wp\/v2\/posts\/2057\/revisions\/2059"}],"wp:featuredmedia":[{"embeddable":true,"href":"https:\/\/www.rodzinaravensbruck.pl\/index.php\/wp-json\/wp\/v2\/media\/2060"}],"wp:attachment":[{"href":"https:\/\/www.rodzinaravensbruck.pl\/index.php\/wp-json\/wp\/v2\/media?parent=2057"}],"wp:term":[{"taxonomy":"category","embeddable":true,"href":"https:\/\/www.rodzinaravensbruck.pl\/index.php\/wp-json\/wp\/v2\/categories?post=2057"},{"taxonomy":"post_tag","embeddable":true,"href":"https:\/\/www.rodzinaravensbruck.pl\/index.php\/wp-json\/wp\/v2\/tags?post=2057"}],"curies":[{"name":"wp","href":"https:\/\/api.w.org\/{rel}","templated":true}]}}