{"id":2103,"date":"2020-05-18T20:22:41","date_gmt":"2020-05-18T18:22:41","guid":{"rendered":"http:\/\/www.rodzinaravensbruck.pl\/?p=2103"},"modified":"2020-05-19T21:31:51","modified_gmt":"2020-05-19T19:31:51","slug":"16-maja-2020-r-obchodzimy-100-rocznice-urodzin-karola-wojtyly-sw-jana-pawla-ii","status":"publish","type":"post","link":"https:\/\/www.rodzinaravensbruck.pl\/index.php\/2020\/05\/18\/16-maja-2020-r-obchodzimy-100-rocznice-urodzin-karola-wojtyly-sw-jana-pawla-ii\/","title":{"rendered":"18 maja 2020 r. obchodzimy 100. rocznic\u0119 urodzin Karola Wojty\u0142y, \u015bw. Jana Paw\u0142a II."},"content":{"rendered":"<p>Przypominamy zwi\u0105zek\u00a0 Papie\u017ca Polaka z KL Ravensbr\u00fcck.\u00a0 23 czerwca 1996 r.\u00a0 Jan Pawe\u0142 II pob\u0142ogos\u0142awi\u0142\u00a0 tablic\u0119 pami\u0105tkow\u0105 Ravensbr\u00fcczanek na podw\u00f3rzu katedry \u015bw. Jadwigi w Berlinie. \u00a0Tablica znajduje si\u0119 wraz z innymi tablicami memoria\u0142owymi na murze na terenie by\u0142ego obozu koncentracyjnego w Ravensbr\u00fcck.<!--more-->Wspomnienie o Janie Pawle II profesor Wandy P\u00f3\u0142tawskiej, wi\u0119\u017aniarki w niemieckim obozie koncentracyjnym w Ravensbr\u00fcck, lekarki, doktora nauk medycznych oraz specjalistki w dziedzinie psychiatrii, profesora Papieskiej Akademii Teologicznej, harcerki, bliskiej przyjaci\u00f3\u0142ki Jana Paw\u0142a II (obecna przy jego \u015bmierci), damy Orderu Or\u0142a Bia\u0142ego<\/p>\n<p>ukaza\u0142o si\u0119 18.05.2020 r. w specjalnym wydaniu\u00a0 \u201eL&#8217;Osservatore Romano\u201d: <a href=\"https:\/\/www.tvp.info\/48079208\/w-poltawska-jan-pawel-ii-naprawde-kochal-ludzi\" target=\"_blank\" rel=\"noopener noreferrer\">https:\/\/www.tvp.info\/48079208\/w-poltawska-jan-pawel-ii-naprawde-kochal-ludzi<\/a><\/p>\n<p><strong>On May 18, 2020, we celebrate the 100th anniversary of the birth of Karol Wojty\u0142a, Saint John Paul II.<\/strong><\/p>\n<p>We remind the relationship of the Polish Pope with KL Ravensbr\u00fcck. On June 23, 1996, John Paul II blessed the memorial plaque dedicated to women, Polish prisoners of German camp in the courtyard of the cathedral of St. Jadwiga in Berlin. The plaque is located along with other memorial plaques on the wall at the former concentration camp in Ravensbr\u00fcck.<\/p>\n<p>Memories about John Paul II by professor Wanda P\u00f3\u0142tawska, former prisoner in the German concentration camp in Ravensbr\u00fcck, doctor of medical sciences and specialist in psychiatry, professor of the Pontifical Academy of Theology, girl scout, close friend of John Paul II (present at his death), lady of the Order of the White Eagle were published on 18.05.2020 in the special edition of L&#8217;Osservatore Romano: <a href=\"https:\/\/www.tvp.info\/48079208\/w-poltawska-jan-pawel-ii-naprawde-kochal-ludzi\" target=\"_blank\" rel=\"noopener noreferrer\">https:\/\/www.tvp.info\/48079208\/w-poltawska-jan-pawel-ii-naprawde-kochal-ludzi<\/a><\/p>\n<p>El\u017cbieta Kuta<\/p>\n<p><a href=\"https:\/\/www.rodzinaravensbruck.pl\/wp-content\/uploads\/2020\/05\/Tablica-upami\u0119tniaj\u0105ca-wie\u017aniarki-KL-Ravensbruck-wmurowana-19.06.1997-scaled.jpg\"><img loading=\"lazy\" decoding=\"async\" class=\"aligncenter size-medium wp-image-2105\" src=\"https:\/\/www.rodzinaravensbruck.pl\/wp-content\/uploads\/2020\/05\/Tablica-upami\u0119tniaj\u0105ca-wie\u017aniarki-KL-Ravensbruck-wmurowana-19.06.1997-169x300.jpg\" alt=\"\" width=\"169\" height=\"300\" srcset=\"https:\/\/www.rodzinaravensbruck.pl\/wp-content\/uploads\/2020\/05\/Tablica-upami\u0119tniaj\u0105ca-wie\u017aniarki-KL-Ravensbruck-wmurowana-19.06.1997-169x300.jpg 169w, https:\/\/www.rodzinaravensbruck.pl\/wp-content\/uploads\/2020\/05\/Tablica-upami\u0119tniaj\u0105ca-wie\u017aniarki-KL-Ravensbruck-wmurowana-19.06.1997-576x1024.jpg 576w, https:\/\/www.rodzinaravensbruck.pl\/wp-content\/uploads\/2020\/05\/Tablica-upami\u0119tniaj\u0105ca-wie\u017aniarki-KL-Ravensbruck-wmurowana-19.06.1997-768x1365.jpg 768w, https:\/\/www.rodzinaravensbruck.pl\/wp-content\/uploads\/2020\/05\/Tablica-upami\u0119tniaj\u0105ca-wie\u017aniarki-KL-Ravensbruck-wmurowana-19.06.1997-864x1536.jpg 864w, https:\/\/www.rodzinaravensbruck.pl\/wp-content\/uploads\/2020\/05\/Tablica-upami\u0119tniaj\u0105ca-wie\u017aniarki-KL-Ravensbruck-wmurowana-19.06.1997-1152x2048.jpg 1152w, https:\/\/www.rodzinaravensbruck.pl\/wp-content\/uploads\/2020\/05\/Tablica-upami\u0119tniaj\u0105ca-wie\u017aniarki-KL-Ravensbruck-wmurowana-19.06.1997-scaled.jpg 1440w\" sizes=\"auto, (max-width: 169px) 100vw, 169px\" \/><\/a><\/p>\n","protected":false},"excerpt":{"rendered":"<p>Przypominamy zwi\u0105zek\u00a0 Papie\u017ca Polaka z KL Ravensbr\u00fcck.\u00a0 23 czerwca 1996 r.\u00a0 Jan Pawe\u0142 II pob\u0142ogos\u0142awi\u0142\u00a0 tablic\u0119 pami\u0105tkow\u0105 Ravensbr\u00fcczanek na podw\u00f3rzu katedry \u015bw. Jadwigi w Berlinie. \u00a0Tablica znajduje si\u0119 wraz z innymi tablicami memoria\u0142owymi na murze na terenie by\u0142ego obozu koncentracyjnego w Ravensbr\u00fcck.<\/p>\n","protected":false},"author":1,"featured_media":2104,"comment_status":"closed","ping_status":"open","sticky":false,"template":"","format":"standard","meta":{"ngg_post_thumbnail":0,"footnotes":""},"categories":[4],"tags":[],"class_list":["post-2103","post","type-post","status-publish","format-standard","has-post-thumbnail","hentry","category-aktualnosci"],"_links":{"self":[{"href":"https:\/\/www.rodzinaravensbruck.pl\/index.php\/wp-json\/wp\/v2\/posts\/2103","targetHints":{"allow":["GET"]}}],"collection":[{"href":"https:\/\/www.rodzinaravensbruck.pl\/index.php\/wp-json\/wp\/v2\/posts"}],"about":[{"href":"https:\/\/www.rodzinaravensbruck.pl\/index.php\/wp-json\/wp\/v2\/types\/post"}],"author":[{"embeddable":true,"href":"https:\/\/www.rodzinaravensbruck.pl\/index.php\/wp-json\/wp\/v2\/users\/1"}],"replies":[{"embeddable":true,"href":"https:\/\/www.rodzinaravensbruck.pl\/index.php\/wp-json\/wp\/v2\/comments?post=2103"}],"version-history":[{"count":6,"href":"https:\/\/www.rodzinaravensbruck.pl\/index.php\/wp-json\/wp\/v2\/posts\/2103\/revisions"}],"predecessor-version":[{"id":2111,"href":"https:\/\/www.rodzinaravensbruck.pl\/index.php\/wp-json\/wp\/v2\/posts\/2103\/revisions\/2111"}],"wp:featuredmedia":[{"embeddable":true,"href":"https:\/\/www.rodzinaravensbruck.pl\/index.php\/wp-json\/wp\/v2\/media\/2104"}],"wp:attachment":[{"href":"https:\/\/www.rodzinaravensbruck.pl\/index.php\/wp-json\/wp\/v2\/media?parent=2103"}],"wp:term":[{"taxonomy":"category","embeddable":true,"href":"https:\/\/www.rodzinaravensbruck.pl\/index.php\/wp-json\/wp\/v2\/categories?post=2103"},{"taxonomy":"post_tag","embeddable":true,"href":"https:\/\/www.rodzinaravensbruck.pl\/index.php\/wp-json\/wp\/v2\/tags?post=2103"}],"curies":[{"name":"wp","href":"https:\/\/api.w.org\/{rel}","templated":true}]}}