{"id":2170,"date":"2020-06-30T00:32:09","date_gmt":"2020-06-29T22:32:09","guid":{"rendered":"http:\/\/www.rodzinaravensbruck.pl\/?p=2170"},"modified":"2020-06-30T00:35:50","modified_gmt":"2020-06-29T22:35:50","slug":"filmu-nakreconego-przez-mlodziez-klasy-maturalnej-z-ii-lo-im-gustawa-morcinka-w-rudzie-slaskiej","status":"publish","type":"post","link":"https:\/\/www.rodzinaravensbruck.pl\/index.php\/2020\/06\/30\/filmu-nakreconego-przez-mlodziez-klasy-maturalnej-z-ii-lo-im-gustawa-morcinka-w-rudzie-slaskiej\/","title":{"rendered":"Film nakr\u0119cony przez m\u0142odzie\u017c klasy maturalnej z\u00a0 II LO im. Gustawa Morcinka w Rudzie \u015al\u0105skiej"},"content":{"rendered":"<p>Drodzy Przyjaciele i Go\u015bcie odwiedzaj\u0105cy t\u0119 stron\u0119,<br \/>\nzach\u0119cam do obejrzenia filmu nakr\u0119conego przez m\u0142odzie\u017c klasy maturalnej z\u00a0 II LO im. Gustawa Morcinka w Rudzie \u015al\u0105skiej pod opiek\u0105 wspania\u0142ej wychowawczyni, polonistki i teatrologa p. Anny Morajko &#8211; Fornal. Z powodu pandemii nie odby\u0142 si\u0119 VIII Og\u00f3lnopolski konkurs &#8221; W kr\u0119gu poezji i prozy lagrowej wi\u0119\u017aniarek KL Ravensbruck&#8221; .<!--more--> Pani Ania w oparciu o materia\u0142y filmowe\u00a0 przygotowa\u0142a film, prezentuj\u0105cy etiudy teatralne odegrane przez m\u0142odzie\u017c szkolnego teatru &#8222;Atelier Sztuki&#8221; na galach fina\u0142owych Konkursu w 2018 i 2019 roku. Dziewczyny ,kt\u00f3re wzi\u0119\u0142y udzia\u0142 w spektaklu opowiadaj\u0105 , jak\u0105 rol\u0119 w ich \u017cyciu mia\u0142 udzia\u0142 w tym przedsi\u0119wzi\u0119ciu oraz spotkanie z by\u0142ymi wi\u0119\u017aniarkami niemieckich lagr\u00f3w. Film\u00a0 by\u0142 prezentowany m\u0142odzie\u017cy VIII klas oraz szk\u00f3l ponadpodstawowych w Rudzie \u015al\u0105skiej jako uzupe\u0142nienie lekcji historii w wirtualnym nauczaniu .Mam nadziej\u0119, \u017ce z p. Ani\u0105 i jej m\u0142odzie\u017c\u0105 spotkamy si\u0119 w kwietniu 2021 r. w finale kolejnej edycji Konkursu.<\/p>\n<p>Maria Lorens<\/p>\n<p>link do filmu: <a href=\"https:\/\/drive.google.com\/file\/d\/1zX8ywbY01GPeIZndWWw_cOxCy2uX2SEW\/view\">https:\/\/drive.google.com\/file\/d\/1zX8ywbY01GPeIZndWWw_cOxCy2uX2SEW\/view<\/a><\/p>\n","protected":false},"excerpt":{"rendered":"<p>Drodzy Przyjaciele i Go\u015bcie odwiedzaj\u0105cy t\u0119 stron\u0119, zach\u0119cam do obejrzenia filmu nakr\u0119conego przez m\u0142odzie\u017c klasy maturalnej z\u00a0 II LO im. Gustawa Morcinka w Rudzie \u015al\u0105skiej pod opiek\u0105 wspania\u0142ej wychowawczyni, polonistki i teatrologa p. Anny Morajko &#8211; Fornal. Z powodu pandemii nie odby\u0142 si\u0119 VIII Og\u00f3lnopolski konkurs &#8221; W kr\u0119gu poezji i prozy lagrowej wi\u0119\u017aniarek KL &hellip; <\/p>\n<p class=\"link-more\"><a href=\"https:\/\/www.rodzinaravensbruck.pl\/index.php\/2020\/06\/30\/filmu-nakreconego-przez-mlodziez-klasy-maturalnej-z-ii-lo-im-gustawa-morcinka-w-rudzie-slaskiej\/\" class=\"more-link\">Czytaj dalej<span class=\"screen-reader-text\"> \u201eFilm nakr\u0119cony przez m\u0142odzie\u017c klasy maturalnej z\u00a0 II LO im. Gustawa Morcinka w Rudzie \u015al\u0105skiej\u201d<\/span><\/a><\/p>\n","protected":false},"author":1,"featured_media":0,"comment_status":"closed","ping_status":"open","sticky":false,"template":"","format":"standard","meta":{"ngg_post_thumbnail":0,"footnotes":""},"categories":[4],"tags":[],"class_list":["post-2170","post","type-post","status-publish","format-standard","hentry","category-aktualnosci"],"_links":{"self":[{"href":"https:\/\/www.rodzinaravensbruck.pl\/index.php\/wp-json\/wp\/v2\/posts\/2170","targetHints":{"allow":["GET"]}}],"collection":[{"href":"https:\/\/www.rodzinaravensbruck.pl\/index.php\/wp-json\/wp\/v2\/posts"}],"about":[{"href":"https:\/\/www.rodzinaravensbruck.pl\/index.php\/wp-json\/wp\/v2\/types\/post"}],"author":[{"embeddable":true,"href":"https:\/\/www.rodzinaravensbruck.pl\/index.php\/wp-json\/wp\/v2\/users\/1"}],"replies":[{"embeddable":true,"href":"https:\/\/www.rodzinaravensbruck.pl\/index.php\/wp-json\/wp\/v2\/comments?post=2170"}],"version-history":[{"count":5,"href":"https:\/\/www.rodzinaravensbruck.pl\/index.php\/wp-json\/wp\/v2\/posts\/2170\/revisions"}],"predecessor-version":[{"id":2175,"href":"https:\/\/www.rodzinaravensbruck.pl\/index.php\/wp-json\/wp\/v2\/posts\/2170\/revisions\/2175"}],"wp:attachment":[{"href":"https:\/\/www.rodzinaravensbruck.pl\/index.php\/wp-json\/wp\/v2\/media?parent=2170"}],"wp:term":[{"taxonomy":"category","embeddable":true,"href":"https:\/\/www.rodzinaravensbruck.pl\/index.php\/wp-json\/wp\/v2\/categories?post=2170"},{"taxonomy":"post_tag","embeddable":true,"href":"https:\/\/www.rodzinaravensbruck.pl\/index.php\/wp-json\/wp\/v2\/tags?post=2170"}],"curies":[{"name":"wp","href":"https:\/\/api.w.org\/{rel}","templated":true}]}}