{"id":2236,"date":"2020-09-04T10:59:13","date_gmt":"2020-09-04T08:59:13","guid":{"rendered":"http:\/\/www.rodzinaravensbruck.pl\/?p=2236"},"modified":"2020-09-04T11:07:40","modified_gmt":"2020-09-04T09:07:40","slug":"waleria-wypiorowa-nr-obozowy-7254-siostra-anny-jeglet-nr-obozowy-7255","status":"publish","type":"post","link":"https:\/\/www.rodzinaravensbruck.pl\/index.php\/2020\/09\/04\/waleria-wypiorowa-nr-obozowy-7254-siostra-anny-jeglet-nr-obozowy-7255\/","title":{"rendered":"WALERIA WYPI\u00d3ROWA, nr obozowy 7254 ( siostra ANNY JEGLET, nr obozowy 7255 )"},"content":{"rendered":"<p>Urodzona 2 czerwca 1899 r. w m. Pobiedrze pow. Wadowice, c\u00f3rka Jana Gonciarczyka i Wiktorii z domu Szpak. Mia\u0142a siostr\u0119 Ann\u0119, starsz\u0105 o 2 lata.<\/p>\n<p>Ojciec pracownik PKP zosta\u0142 przeniesiony do Tarnowa i w\u00f3wczas obydwie c\u00f3rki ucz\u0119szcza\u0142y do Szko\u0142y Powszechnej m im. ks. St. Konarskiego. Waleria mia\u0142a 15 lat gdy mar\u0142a im matka a ojciec o\u017ceni\u0142 si\u0119 powt\u00f3rnie z Juli\u0105 Ciep\u0142\u0105. Z tego ma\u0142\u017ce\u0144stwa urodzi\u0142 si\u0119 syn Tadeusz, kt\u00f3rego Waleria bardzo kocha\u0142a. Warunki materialne by\u0142y bardzo ci\u0119\u017ckie, dlatego po uko\u0144czeniu szko\u0142y powszechnej Anna podj\u0119\u0142a prac\u0119.<!--more--><br \/>\nWaleria, zdolna i ambitna postanowi\u0142a kszta\u0142ci\u0107 si\u0119 dalej. Z pomoc\u0105 przyszed\u0142 jej za\u0142o\u017cyciel Seminarium Nauczycielskiego \u017be\u0144skiego im. b\u0142. Kingi \u2013 ks. J\u00f3zef Chrz\u0105szcz. Wala z\u0142o\u017cy\u0142a egzamin dojrza\u0142o\u015bci 18.06.1919 r. Egzamin kwalifikacyjny na nauczyciela w dniu 18.03.1924.<\/p>\n<p>Prac\u0119 zawodow\u0105 rozpocz\u0119\u0142a w Brze\u017anicy Ksi\u0105\u017c\u0119cej, pow. Lubart\u00f3w dnia 1 IX 1919 i kontynuowa\u0142a j\u0105 do 31 XII 1921 r. do zam\u0105\u017cp\u00f3j\u015bcia.<br \/>\nDnia 27 XII 1921 wysz\u0142a za m\u0105\u017c (wbrew woli rodzic\u00f3w) za s\u0105siada z Tarnowa, legionist\u0119 z Krzy\u017cem Walecznych, pedagoga \u2013 J\u00f3zefa Wypi\u00f3ra. \u015alub odby\u0142 si\u0119 w Krakowie w ko\u015bciele Mariackim, a przyj\u0119cie dla zaproszonej rodziny, staraniem energicznego narzeczonego, w restauracji &#8222;U Pollera&#8221;.<\/p>\n<p>J\u00f3zef by\u0142 s\u0105siadem z ul. Zamkowej, synem Wojciecha i J\u00f3zefy z domu \u015awider, ur.12.02.1897 w Tarnowie. Ojciec jego otrzymawszy ziemi\u0119 od ksi\u0119cia Sanguszki wybudowa\u0142 dom, gdy\u017c rodzina by\u0142a liczna \u2013 mia\u0142a 7 dzieci: 4 ch\u0142opc\u00f3w i 3 dziewczynki. J\u00f3zef by\u0142 najstarszym z dzieci. Troje dzieci uko\u0144czy\u0142o szko\u0142\u0119 \u015bredni\u0105 i zosta\u0142o nauczycielami. J\u00f3zef uko\u0144czy\u0142 szko\u0142\u0119 powszechn\u0105 i wydzia\u0142ow\u0105. W 1914 r. wst\u0105pi\u0142 do legion\u00f3w i walczy\u0142 na froncie wschodnim u p\u0142k J\u00f3zefa Hallera do 1918 roku. Powr\u00f3ci\u0142 chory na gru\u017alic\u0119, kt\u00f3r\u0105 nieco podleczy\u0142.<\/p>\n<p>Mimo z\u0142ego stanu zdrowia zg\u0142osi\u0142 sw\u00f3j udzia\u0142 w Polskiej Organizacji Wojskowej (POW) przygotowuj\u0105cej w 1918 roku odzyskanie niepodleg\u0142o\u015bci. Zosta\u0142 cz\u0142onkiem Oddzia\u0142u Lotnego z\u0142o\u017conego z samych by\u0142ych legionist\u00f3w, dowodzonym przez Mariana Styli\u0144skiego ps. &#8222;Strza\u0142a&#8221;. To w\u0142a\u015bnie ten oddzia\u0142 dokona\u0142 prawdziwego prze\u0142omu w noc z 30 na 31 pa\u017adziernika 1918 roku w Tarnowie, rozbrajaj\u0105c samorzutnie miejscow\u0105 plac\u00f3wk\u0119 \u017candarmerii austriackiej. Dopiero potem w\u0142\u0105czyli si\u0119 oficerowie 20 pp., kt\u00f3rzy oficjalnie przej\u0119li w\u0142adz\u0119.<\/p>\n<p>J\u00f3zef uko\u0144czy\u0142 Pa\u0144stwowe Seminarium Nauczycielskie M\u0119skie w Tarnowie jako eksternista i otrzyma\u0142 patent na nauczyciela szk\u00f3\u0142 powszechnych.<\/p>\n<p>M\u0142ode ma\u0142\u017ce\u0144stwo rozpocz\u0119\u0142o prac\u0119 w Szkole Powszechnej w Uj\u015bciu Jezuickim, gdzie J\u00f3zef zosta\u0142 kierownikiem tej szko\u0142y. Obydwoje uczyli tam w okresie od 1 IX 1922 \u2013 1 VIII 1930 r\u00f3wnocze\u015bnie podnosz\u0105c swoje kwalifikacje.<br \/>\nW 1924 r. urodzi\u0142y si\u0119 bli\u017aniaki: Anna i Jerzy, niestety zaraz po urodzeniu umar\u0142y. W 1925 r. przysz\u0142a na \u015bwiat Halina.<\/p>\n<p>Obawiaj\u0105c si\u0119 o zdrowie kolejnego dziecka rodzice, postanowili zamieszka\u0107 w Tarnowie, by m\u00f3c zapewni\u0107 opiek\u0119 lekarsk\u0105 dziecku w razie potrzeby. Zreszt\u0105 zdrowie J\u00f3zefa uleg\u0142o tak\u017ce znacznemu pogorszeniu. Pragn\u0105c osi\u0105gn\u0105\u0107 wy\u017csze wykszta\u0142cenie, ambitny ojciec zapisa\u0142 si\u0119 na Akademi\u0119 Wychowania Fizycznego w Warszawie. W czasie jednego z \u0107wicze\u0144 gimnastycznych, p\u0119k\u0142o podleczone po wojnie p\u0142uco, dosta\u0142 krwotoku i po 3 miesi\u0105cach zmar\u0142<br \/>\n19 lutego 1927 r. maj\u0105c zaledwie 30 lat.<\/p>\n<p>Przyja\u017ani\u0142 si\u0119 z Henrykiem Sucharskim, ceni\u0142 go ks. Halak miejscowy proboszcz, miewa\u0142 kontakty z Wincentym Witosem a dla Jakuba Bojki pisywa\u0142 przem\u00f3wienia.<br \/>\nBy\u0142 bardzo szanowany we wsi. W czasie pogrzebu ch\u0142opi nie pozwolili wie\u017a\u0107 Go na wozie na cmentarz, tylko sami nie\u015bli z Biskupic a\u017c do \u017babna, sk\u0105d dopiero dowieziono do Tarnowa. Spoczywa na Starym Cmentarzu w grobowcu rodzinnym Wypi\u00f3r\u00f3w.<br \/>\nOsieroci\u0142 \u017con\u0119 i 2-letni\u0105 c\u00f3reczk\u0119.<\/p>\n<p>Waleria Wypi\u00f3rowa zosta\u0142a wkr\u00f3tce przeniesiona do S\u0142omnik, pow. Miech\u00f3w, gdzie uczy\u0142a od 1VIII 1930 do 30 IX 1938 r. W tym czasie zaanga\u017cowa\u0142a si\u0119 bardzo w ruchu harcerskim. Za\u0142o\u017cy\u0142a gromad\u0119 zuchow\u0105, wyje\u017cd\u017ca\u0142a z c\u00f3reczk\u0105 na liczne kursy organizowane przez G\u0142\u00f3wn\u0105 Kwater\u0119 ZHP na Buczu, przez co ma\u0142a Halinka wzrasta\u0142a wychowana w atmosferze narodowych i religijnych warto\u015bci, kt\u00f3re na zawsze ukszta\u0142towa\u0142y jej osobowo\u015b\u0107.<\/p>\n<p>Za swoj\u0105 pe\u0142n\u0105 oddania prac\u0119, Waleria zosta\u0142a odznaczona w 1928 r. Medalem Dziesi\u0119ciolecia Odzyskania Niepodleg\u0142o\u015bci i br\u0105zowym Medalem za S\u0142u\u017cb\u0119 Ojczy\u017anie.<\/p>\n<p>Z uwagi na przysz\u0142e kszta\u0142cenie c\u00f3rki wr\u00f3ci\u0142a do Tarnowa w 1938 roku.<br \/>\nW rok p\u00f3\u017aniej wybucha II wojna \u015bwiatowa. W tym czasie Waleria uczy\u0142a w Szkole Powszechnej im. ks. St. Konarskiego a\u017c do swojego aresztowania 4 grudnia 1940 r.<\/p>\n","protected":false},"excerpt":{"rendered":"<p>Urodzona 2 czerwca 1899 r. w m. Pobiedrze pow. Wadowice, c\u00f3rka Jana Gonciarczyka i Wiktorii z domu Szpak. Mia\u0142a siostr\u0119 Ann\u0119, starsz\u0105 o 2 lata. Ojciec pracownik PKP zosta\u0142 przeniesiony do Tarnowa i w\u00f3wczas obydwie c\u00f3rki ucz\u0119szcza\u0142y do Szko\u0142y Powszechnej m im. ks. St. Konarskiego. Waleria mia\u0142a 15 lat gdy mar\u0142a im matka a ojciec &hellip; <\/p>\n<p class=\"link-more\"><a href=\"https:\/\/www.rodzinaravensbruck.pl\/index.php\/2020\/09\/04\/waleria-wypiorowa-nr-obozowy-7254-siostra-anny-jeglet-nr-obozowy-7255\/\" class=\"more-link\">Czytaj dalej<span class=\"screen-reader-text\"> \u201eWALERIA WYPI\u00d3ROWA, nr obozowy 7254 ( siostra ANNY JEGLET, nr obozowy 7255 )\u201d<\/span><\/a><\/p>\n","protected":false},"author":1,"featured_media":2242,"comment_status":"closed","ping_status":"open","sticky":false,"template":"","format":"standard","meta":{"ngg_post_thumbnail":0,"footnotes":""},"categories":[69],"tags":[],"class_list":["post-2236","post","type-post","status-publish","format-standard","has-post-thumbnail","hentry","category-swiadectwa-wiezniarek-z-tarnowa"],"_links":{"self":[{"href":"https:\/\/www.rodzinaravensbruck.pl\/index.php\/wp-json\/wp\/v2\/posts\/2236","targetHints":{"allow":["GET"]}}],"collection":[{"href":"https:\/\/www.rodzinaravensbruck.pl\/index.php\/wp-json\/wp\/v2\/posts"}],"about":[{"href":"https:\/\/www.rodzinaravensbruck.pl\/index.php\/wp-json\/wp\/v2\/types\/post"}],"author":[{"embeddable":true,"href":"https:\/\/www.rodzinaravensbruck.pl\/index.php\/wp-json\/wp\/v2\/users\/1"}],"replies":[{"embeddable":true,"href":"https:\/\/www.rodzinaravensbruck.pl\/index.php\/wp-json\/wp\/v2\/comments?post=2236"}],"version-history":[{"count":1,"href":"https:\/\/www.rodzinaravensbruck.pl\/index.php\/wp-json\/wp\/v2\/posts\/2236\/revisions"}],"predecessor-version":[{"id":2238,"href":"https:\/\/www.rodzinaravensbruck.pl\/index.php\/wp-json\/wp\/v2\/posts\/2236\/revisions\/2238"}],"wp:featuredmedia":[{"embeddable":true,"href":"https:\/\/www.rodzinaravensbruck.pl\/index.php\/wp-json\/wp\/v2\/media\/2242"}],"wp:attachment":[{"href":"https:\/\/www.rodzinaravensbruck.pl\/index.php\/wp-json\/wp\/v2\/media?parent=2236"}],"wp:term":[{"taxonomy":"category","embeddable":true,"href":"https:\/\/www.rodzinaravensbruck.pl\/index.php\/wp-json\/wp\/v2\/categories?post=2236"},{"taxonomy":"post_tag","embeddable":true,"href":"https:\/\/www.rodzinaravensbruck.pl\/index.php\/wp-json\/wp\/v2\/tags?post=2236"}],"curies":[{"name":"wp","href":"https:\/\/api.w.org\/{rel}","templated":true}]}}