{"id":2244,"date":"2020-09-17T09:36:10","date_gmt":"2020-09-17T07:36:10","guid":{"rendered":"http:\/\/www.rodzinaravensbruck.pl\/?p=2244"},"modified":"2020-09-21T09:55:34","modified_gmt":"2020-09-21T07:55:34","slug":"wrzesien-miesiacem-pamieci","status":"publish","type":"post","link":"https:\/\/www.rodzinaravensbruck.pl\/index.php\/2020\/09\/17\/wrzesien-miesiacem-pamieci\/","title":{"rendered":"Wrzesie\u0144 miesi\u0105cem pami\u0119ci"},"content":{"rendered":"<p>We wrze\u015bniu w 1940, 1941 i 1944 wyrusza\u0142y transporty kobiet z wi\u0119zie\u0144 znajduj\u0105cych si\u0119 w r\u00f3\u017cnych miastach Polski do KL Ravensbr\u00fcck. W wi\u0119kszo\u015bci by\u0142y to wi\u0119\u017aniarki polityczne, kt\u00f3re za dzia\u0142alno\u015b\u0107 konspiracyjn\u0105 zosta\u0142y aresztowane przez gestapo. Wiele mia\u0142o wyroki \u015bmierci. <strong>Pami\u0119tamy!<\/strong><!--more--><\/p>\n<p>W rocznice wywozu lub dotarcia do obozu upami\u0119tniamy i wspominamy:<\/p>\n<p style=\"padding-left: 40px;\"><strong>12 wrze\u015bnia 1940 <\/strong>do KL Ravensbr\u00fcck dotar\u0142 I transport 59 wi\u0119\u017aniarek politycznych z tarnowskiego przej\u015bciowego wi\u0119zienia<strong>\u00a0<\/strong><\/p>\n<p style=\"padding-left: 40px;\"><strong>17 wrze\u015bnia 1940<\/strong> do KL Ravensbr\u00fcck dotar\u0142 transport 40 wi\u0119\u017aniarek z Fortu VII w Poznaniu<strong>\u00a0<\/strong><\/p>\n<p style=\"padding-left: 40px;\"><strong>12 wrze\u015bnia 1941<\/strong> do KL Ravensbr\u00fcck dotar\u0142 II transport 118 wi\u0119\u017aniarek po<a href=\"https:\/\/www.rodzinaravensbruck.pl\/wp-content\/uploads\/2020\/09\/tablice_projekt.jpg\" target=\"_blank\" rel=\"noopener noreferrer\"><img loading=\"lazy\" decoding=\"async\" class=\"alignleft wp-image-2252 size-thumbnail\" src=\"https:\/\/www.rodzinaravensbruck.pl\/wp-content\/uploads\/2020\/09\/tablice_projekt-150x150.jpg\" alt=\"\" width=\"150\" height=\"150\" srcset=\"https:\/\/www.rodzinaravensbruck.pl\/wp-content\/uploads\/2020\/09\/tablice_projekt-150x150.jpg 150w, https:\/\/www.rodzinaravensbruck.pl\/wp-content\/uploads\/2020\/09\/tablice_projekt-100x100.jpg 100w\" sizes=\"auto, (max-width: 150px) 100vw, 150px\" \/><\/a>litycznych z tarnowskiego przej\u015bciowego wi\u0119zienia<br \/>\n<em>12 wrze\u015bnia 2020 r. w Tarnowie odby\u0142y si\u0119 uroczysto\u015bci upami\u0119tniaj\u0105ce z projektem tablicy z nazwiskami wszystkich wi\u0119\u017aniarek wywiezionych w tych transportach. Planowane jest zamieszczenie tablicy na murze tarnowskiego wi\u0119zienia w 2021 r.<\/em><\/p>\n<p>&nbsp;<\/p>\n<p style=\"padding-left: 40px;\"><strong>13 wrze\u015bnia 1941<\/strong> do KL Ravensbr\u00fcck dotar\u0142 transport 63 wi\u0119\u017aniarek politycznych z krakowskiego wi\u0119zienia Montelupich<\/p>\n<p style=\"padding-left: 40px;\"><strong>23 wrze\u015bnia 1941<\/strong> do KL Ravensbr\u00fcck dotar\u0142 transport\u00a0 271 wi\u0119\u017aniarek politycznych z wi\u0119zienia Pawiak w Warszawie<\/p>\n<p style=\"padding-left: 40px;\"><strong>23 wrze\u015bnia 1941<\/strong> do KL Ravensbr\u00fcck dotar\u0142 transport\u00a0 126 wi\u0119\u017aniarek politycznych z wi\u0119zienia w Lublinie<\/p>\n<p style=\"padding-left: 40px;\"><strong><em>22 wrze\u015bnia 2020 o godz. 19:05 TVP-Krak\u00f3w wyemituje koncert \u201eSi\u0142a Mi\u0142o\u015bci\u201d w re\u017cyserii Andrzeja Roga jako upami\u0119tnienie dnia wywozu wi\u0119\u017aniarek<\/em><\/strong><strong> <em>z wi\u0119zienia w Lublinie <\/em><\/strong>do KL Ravensbr\u00fcck<\/p>\n<p><strong><em>\u00a0<\/em><\/strong><em>Informacja o koncercie w za\u0142\u0105czonej ulotce.<\/em><\/p>\n<p><em><br \/>\n<a href=\"https:\/\/www.rodzinaravensbruck.pl\/wp-content\/uploads\/2020\/09\/Koncert-Si\u0142a-Mi\u0142o\u015bci-w-TVP-pdf.jpg\" target=\"_blank\" rel=\"noopener noreferrer\"><img loading=\"lazy\" decoding=\"async\" class=\"thumb-of-pdf alignnone wp-image-2260 size-thumbnail\" src=\"https:\/\/www.rodzinaravensbruck.pl\/wp-content\/uploads\/2020\/09\/Koncert-Si\u0142a-Mi\u0142o\u015bci-w-TVP-pdf-150x150.jpg\" alt=\"thumbnail of Koncert Si\u0142a Mi\u0142o\u015bci w TVP\" width=\"150\" height=\"150\" srcset=\"https:\/\/www.rodzinaravensbruck.pl\/wp-content\/uploads\/2020\/09\/Koncert-Si\u0142a-Mi\u0142o\u015bci-w-TVP-pdf-150x150.jpg 150w, https:\/\/www.rodzinaravensbruck.pl\/wp-content\/uploads\/2020\/09\/Koncert-Si\u0142a-Mi\u0142o\u015bci-w-TVP-pdf-100x100.jpg 100w\" sizes=\"auto, (max-width: 150px) 100vw, 150px\" \/><\/a><br \/>\n<\/em><\/p>\n<p style=\"padding-left: 40px;\"><strong>2 wrze\u015bnia 1944<\/strong> do KL Ravensbr\u00fcck dotar\u0142 transport 19 wi\u0119\u017aniarek z Krakowa<\/p>\n<p>Liczby wi\u0119\u017aniarek i daty transport\u00f3w wg W. Kiedrzy\u0144ska \u201eRavensbr\u00fcck kobiecy ob\u00f3z koncentracyjny\u201d, Ksi\u0105\u017cka i Wiedza 1965.<br \/>\n<a href=\"https:\/\/www.rodzinaravensbruck.pl\/wp-content\/uploads\/2020\/09\/Lista-tarnowskiech-wi\u0119\u017aniarek.jpg\" target=\"_blank\" rel=\"noopener noreferrer\"><img loading=\"lazy\" decoding=\"async\" class=\"aligncenter wp-image-2250 size-thumbnail\" src=\"https:\/\/www.rodzinaravensbruck.pl\/wp-content\/uploads\/2020\/09\/Lista-tarnowskiech-wi\u0119\u017aniarek-150x150.jpg\" alt=\"\" width=\"150\" height=\"150\" srcset=\"https:\/\/www.rodzinaravensbruck.pl\/wp-content\/uploads\/2020\/09\/Lista-tarnowskiech-wi\u0119\u017aniarek-150x150.jpg 150w, https:\/\/www.rodzinaravensbruck.pl\/wp-content\/uploads\/2020\/09\/Lista-tarnowskiech-wi\u0119\u017aniarek-100x100.jpg 100w\" sizes=\"auto, (max-width: 150px) 100vw, 150px\" \/><\/a><\/p>\n<p>El\u017cbieta Kuta<\/p>\n<p>&nbsp;<\/p>\n","protected":false},"excerpt":{"rendered":"<p>We wrze\u015bniu w 1940, 1941 i 1944 wyrusza\u0142y transporty kobiet z wi\u0119zie\u0144 znajduj\u0105cych si\u0119 w r\u00f3\u017cnych miastach Polski do KL Ravensbr\u00fcck. W wi\u0119kszo\u015bci by\u0142y to wi\u0119\u017aniarki polityczne, kt\u00f3re za dzia\u0142alno\u015b\u0107 konspiracyjn\u0105 zosta\u0142y aresztowane przez gestapo. Wiele mia\u0142o wyroki \u015bmierci. Pami\u0119tamy!<\/p>\n","protected":false},"author":1,"featured_media":2245,"comment_status":"closed","ping_status":"open","sticky":false,"template":"","format":"standard","meta":{"ngg_post_thumbnail":0,"footnotes":""},"categories":[4],"tags":[],"class_list":["post-2244","post","type-post","status-publish","format-standard","has-post-thumbnail","hentry","category-aktualnosci"],"_links":{"self":[{"href":"https:\/\/www.rodzinaravensbruck.pl\/index.php\/wp-json\/wp\/v2\/posts\/2244","targetHints":{"allow":["GET"]}}],"collection":[{"href":"https:\/\/www.rodzinaravensbruck.pl\/index.php\/wp-json\/wp\/v2\/posts"}],"about":[{"href":"https:\/\/www.rodzinaravensbruck.pl\/index.php\/wp-json\/wp\/v2\/types\/post"}],"author":[{"embeddable":true,"href":"https:\/\/www.rodzinaravensbruck.pl\/index.php\/wp-json\/wp\/v2\/users\/1"}],"replies":[{"embeddable":true,"href":"https:\/\/www.rodzinaravensbruck.pl\/index.php\/wp-json\/wp\/v2\/comments?post=2244"}],"version-history":[{"count":6,"href":"https:\/\/www.rodzinaravensbruck.pl\/index.php\/wp-json\/wp\/v2\/posts\/2244\/revisions"}],"predecessor-version":[{"id":2262,"href":"https:\/\/www.rodzinaravensbruck.pl\/index.php\/wp-json\/wp\/v2\/posts\/2244\/revisions\/2262"}],"wp:featuredmedia":[{"embeddable":true,"href":"https:\/\/www.rodzinaravensbruck.pl\/index.php\/wp-json\/wp\/v2\/media\/2245"}],"wp:attachment":[{"href":"https:\/\/www.rodzinaravensbruck.pl\/index.php\/wp-json\/wp\/v2\/media?parent=2244"}],"wp:term":[{"taxonomy":"category","embeddable":true,"href":"https:\/\/www.rodzinaravensbruck.pl\/index.php\/wp-json\/wp\/v2\/categories?post=2244"},{"taxonomy":"post_tag","embeddable":true,"href":"https:\/\/www.rodzinaravensbruck.pl\/index.php\/wp-json\/wp\/v2\/tags?post=2244"}],"curies":[{"name":"wp","href":"https:\/\/api.w.org\/{rel}","templated":true}]}}