{"id":2271,"date":"2020-09-29T19:14:04","date_gmt":"2020-09-29T17:14:04","guid":{"rendered":"http:\/\/www.rodzinaravensbruck.pl\/?p=2271"},"modified":"2020-09-29T23:07:18","modified_gmt":"2020-09-29T21:07:18","slug":"wrzesien-miesiacem-pamieci-cd-2","status":"publish","type":"post","link":"https:\/\/www.rodzinaravensbruck.pl\/index.php\/2020\/09\/29\/wrzesien-miesiacem-pamieci-cd-2\/","title":{"rendered":"WRZESIE\u0143 MIESI\u0104CEM PAMI\u0118CI CD"},"content":{"rendered":"<p><strong>Czytania Raport\u00f3w Rotmistrza Witolda Pileckiego w Niegos\u0142awicach.\u00a0<\/strong><\/p>\n<p><strong>\u00a0<\/strong>19 wrze\u015bnia 2020 r., w 80. rocznic\u0119 trafienia Rotmistrza Witolda Pileckiego do obozu koncentracyjnego Auschwitz, przy Urz\u0119dzie Gminy Niegos\u0142awice odczytane zosta\u0142y Jego raporty z pobytu w obozie \u015bmierci.<!--more--><\/p>\n<p>Organizatorem wydarzenia by\u0142 Arkadiusz Szlachetko, przewodnicz\u0105cy gminy Niegos\u0142awice, cz\u0142onek Stowarzyszenia \u201eRodzina Wi\u0119\u017aniarek Niemieckiego Obozu Koncentracyjnego Ravensbr\u00fcck\u201d, patriota, aktywnie dzia\u0142aj\u0105cy w upami\u0119tnianiu i przekazywaniu wiedzy historycznej o martyrologii Narodu Polskiego nast\u0119pnym pokoleniom.<\/p>\n<p>O wydarzeniu i towarzysz\u0105cej wystawie militari\u00f3w: <a href=\"https:\/\/gorzow.tvp.pl\/49954127\/w-niegoslawicach-odczytano-raporty-rotmistrza-witolda-pileckiego-z-pobytu-w-auschwitz\" target=\"_blank\" rel=\"noopener noreferrer\">https:\/\/gorzow.tvp.pl\/49954127\/w-niegoslawicach-odczytano-raporty-rotmistrza-witolda-pileckiego-z-pobytu-w-auschwitz<\/a><\/p>\n<p>El\u017cbieta Kuta<\/p>\n<p>&nbsp;<\/p>\n<p><span style=\"font-size: 8pt;\">zdj\u0119cie: Nieznany nieznany, kolor: old photos in color &#8211; T.B\u00f3r Komorowski &#8222;Armia podziemna&#8221; Warsaw 1990. Domena publiczna<\/span><\/p>\n","protected":false},"excerpt":{"rendered":"<p>Czytania Raport\u00f3w Rotmistrza Witolda Pileckiego w Niegos\u0142awicach.\u00a0 \u00a019 wrze\u015bnia 2020 r., w 80. rocznic\u0119 trafienia Rotmistrza Witolda Pileckiego do obozu koncentracyjnego Auschwitz, przy Urz\u0119dzie Gminy Niegos\u0142awice odczytane zosta\u0142y Jego raporty z pobytu w obozie \u015bmierci.<\/p>\n","protected":false},"author":1,"featured_media":2272,"comment_status":"closed","ping_status":"open","sticky":false,"template":"","format":"standard","meta":{"ngg_post_thumbnail":0,"footnotes":""},"categories":[27],"tags":[],"class_list":["post-2271","post","type-post","status-publish","format-standard","has-post-thumbnail","hentry","category-wydarzenia"],"_links":{"self":[{"href":"https:\/\/www.rodzinaravensbruck.pl\/index.php\/wp-json\/wp\/v2\/posts\/2271","targetHints":{"allow":["GET"]}}],"collection":[{"href":"https:\/\/www.rodzinaravensbruck.pl\/index.php\/wp-json\/wp\/v2\/posts"}],"about":[{"href":"https:\/\/www.rodzinaravensbruck.pl\/index.php\/wp-json\/wp\/v2\/types\/post"}],"author":[{"embeddable":true,"href":"https:\/\/www.rodzinaravensbruck.pl\/index.php\/wp-json\/wp\/v2\/users\/1"}],"replies":[{"embeddable":true,"href":"https:\/\/www.rodzinaravensbruck.pl\/index.php\/wp-json\/wp\/v2\/comments?post=2271"}],"version-history":[{"count":3,"href":"https:\/\/www.rodzinaravensbruck.pl\/index.php\/wp-json\/wp\/v2\/posts\/2271\/revisions"}],"predecessor-version":[{"id":2275,"href":"https:\/\/www.rodzinaravensbruck.pl\/index.php\/wp-json\/wp\/v2\/posts\/2271\/revisions\/2275"}],"wp:featuredmedia":[{"embeddable":true,"href":"https:\/\/www.rodzinaravensbruck.pl\/index.php\/wp-json\/wp\/v2\/media\/2272"}],"wp:attachment":[{"href":"https:\/\/www.rodzinaravensbruck.pl\/index.php\/wp-json\/wp\/v2\/media?parent=2271"}],"wp:term":[{"taxonomy":"category","embeddable":true,"href":"https:\/\/www.rodzinaravensbruck.pl\/index.php\/wp-json\/wp\/v2\/categories?post=2271"},{"taxonomy":"post_tag","embeddable":true,"href":"https:\/\/www.rodzinaravensbruck.pl\/index.php\/wp-json\/wp\/v2\/tags?post=2271"}],"curies":[{"name":"wp","href":"https:\/\/api.w.org\/{rel}","templated":true}]}}