{"id":2283,"date":"2020-10-27T22:40:39","date_gmt":"2020-10-27T21:40:39","guid":{"rendered":"http:\/\/www.rodzinaravensbruck.pl\/?p=2283"},"modified":"2020-10-28T17:20:18","modified_gmt":"2020-10-28T16:20:18","slug":"koncerty-w-czasie-pandemii-2020","status":"publish","type":"post","link":"https:\/\/www.rodzinaravensbruck.pl\/index.php\/2020\/10\/27\/koncerty-w-czasie-pandemii-2020\/","title":{"rendered":"Koncerty w czasie pandemii 2020"},"content":{"rendered":"<p><span style=\"color: #000000;\"><strong>Koncert SI\u0141A MI\u0141O\u015aCI<\/strong><\/span><\/p>\n<p><span style=\"color: #000000;\">Od o\u015bmiu lat, w ostatnim tygodniu kwietnia, w rocznic\u0119 wyzwolenia niemieckiego obozu koncentracyjnego dla kobiet Ravensbr\u00fcck, odbywa\u0142y si\u0119 w Krakowie w Muzeum Sztuki i Techniki Japo\u0144skiej Manggha koncerty \u201eSi\u0142a Mi\u0142o\u015bci\u201d dedykowane pami\u0119ci Wi\u0119\u017aniarek KL Ravensbr\u00fcck<\/span><\/p>\n<p><span style=\"color: #000000;\"><!--more--><\/span><\/p>\n<p><span style=\"color: #000000;\">W tym roku Koncert SI\u0141A MI\u0141O\u015aCI zosta\u0142 wyemitowany przez TVP Krak\u00f3w 22 wrze\u015bnia 2020 w Rocznic\u0119 Transportu Lubelsko-Warszawskiego polskich wi\u0119\u017aniarek do niemieckiego Obozu Koncentracyjnego w Ravensbr\u00fcck 22 wrze\u015bnia 1941 r.<\/span><\/p>\n<p><span style=\"color: #000000;\">Re\u017cyserem koncertu, jak w ka\u017cdym roku by\u0142 znakomity aktor i re\u017cyser Andrzej R\u00f3g, wiersze Wi\u0119\u017aniarek wy\u015bpiewa\u0142y wokalistki i aktorki scen krakowskich przy akompaniamencie\u00a0<strong>Zespo\u0142u \u201ePiwnica \u015bw. Norberta\u201d<\/strong><strong>\u00a0<\/strong>pod kierownictwem <strong>Stefana B\u0142aszczy\u0144skiego.<\/strong><\/span><\/p>\n<p><span style=\"color: #000000;\">Zapraszamy do wys\u0142uchania tego wzruszaj\u0105cego koncertu, prosimy o przesy\u0142anie dalej i dalej aby \u201eecho Ich g\u0142os\u00f3w nigdy nie zamilk\u0142o\u201d:<\/span><br \/>\n<span style=\"color: #000000;\"><a style=\"color: #000000;\" href=\"http:\/\/polkiwravensbruck.pl\/koncert-sila-milosci-w-rocznice-transportu-lubelsko-warszawskiego-22-wrzesnia\/\">http:\/\/polkiwravensbruck.pl\/koncert-sila-milosci-w-rocznice-transportu-lubelsko-warszawskiego-22-wrzesnia\/<\/a><\/span><\/p>\n<p><span style=\"color: #000000;\">Wst\u0119pem do koncertu by\u0142a rozmowa przeprowadzona przez Pani\u0105 Marzen\u0119 Florkowska, redaktork\u0119 programu go\u015b\u0107 wieczoru w Radu Krak\u00f3w,<strong>18 wrze\u015bnia 2020 r. o godz. 22:00 <\/strong>z Andrzejem Rogiem, re\u017cyserem koncertu \u201eSi\u0142a Mi\u0142o\u015bci\u201d, Barbar\u0105 Oratowsk\u0105, kierowniczk\u0105 muzeum Martyrologii \u201cPod Zegarem\u201d\u00a0 w Lublinie i z El\u017cbiet\u0105 Kut\u0105, prezesem Stowarzyszenia \u201eRodzina Wi\u0119\u017aniarek Niemieckiego Obozu Koncentracyjnego Ravensbr\u00fcck\u201d.<\/span><\/p>\n<p><span style=\"color: #000000;\">Warto wys\u0142ucha\u0107: \u00a0<a style=\"color: #000000;\" href=\"https:\/\/www.radiokrakow.pl\/audycje\/wieczorny-gosc\/sila-milosci\/\">https:\/\/www.radiokrakow.pl\/audycje\/wieczorny-gosc\/sila-milosci\/<\/a><\/span><\/p>\n<p><span style=\"color: #000000;\">Koncerty z cyklu \u201eMoje Ukochane\u201d<\/span><\/p>\n<p><span style=\"color: #000000;\">Na d\u0142ugie jesienno-zimowe wieczory, na czas pandemii, zamkni\u0119cia w domach prosimy ws\u0142ucha\u0107 si\u0119 w pie\u015bni g\u00f3ralskie, \u017cydowskie, i inne, w pi\u0119knej letniej scenerii, w re\u017cyserii Andrzeja Roga. Warto s\u0142ucha\u0107 kiedy nie mo\u017cna uczestniczy\u0107 w tych koncertach na \u017cywo:<\/span><\/p>\n<p><span style=\"color: #000000;\">Cz\u0119\u015b\u0107 1: <a style=\"color: #000000;\" href=\"https:\/\/youtu.be\/_zcb-5EOBKI\">https:\/\/youtu.be\/_zcb-5EOBKI<\/a><\/span><\/p>\n<p><span style=\"color: #000000;\">w tej cz\u0119\u015bci pi\u0119kna pie\u015b\u0144 do wiersza \u201ePrzyja\u017a\u0144 z kosodrzewin\u0105\u201d autorstwa Teresy Harsdorf-Bromowiczowej, wi\u0119\u017aniarki KL Ravensbr\u00fcck &#8211; \u201eKosodrzewiny ci\u0119\u017ckie od mg\u0142y ukl\u0119k\u0142y znu\u017cone deszczem\u2026.\u201d<\/span><\/p>\n<p><span style=\"color: #000000;\">Cz\u0119\u015b\u0107 2: <a style=\"color: #000000;\" href=\"https:\/\/youtu.be\/cjxmSHy-mck\">https:\/\/youtu.be\/cjxmSHy-mck<\/a><\/span><\/p>\n<p><span style=\"color: #000000;\">Cz\u0119\u015b\u0107 3: <a style=\"color: #000000;\" href=\"https:\/\/youtu.be\/uengM-1GWY4\">https:\/\/youtu.be\/uengM-1GWY4<\/a><\/span><\/p>\n<p><span style=\"color: #000000;\">Cz\u0119\u015b\u0107 4: <a style=\"color: #000000;\" href=\"https:\/\/www.youtube.com\/watch?v=3k76halMREw\">https:\/\/www.youtube.com\/watch?v=3k76halMREw<\/a><\/span><\/p>\n<p><span style=\"color: #000000;\">Cz\u0119\u015b\u0107 5: <a style=\"color: #000000;\" href=\"https:\/\/www.youtube.com\/watch?v=hFNDtzM2Zas\">https:\/\/www.youtube.com\/watch?v=hFNDtzM2Zas<\/a><\/span><\/p>\n<p><span style=\"color: #000000;\">Cz\u0119\u015b\u0107 6: <a style=\"color: #000000;\" href=\"https:\/\/www.youtube.com\/watch?v=5jnlQAzntY8\">https:\/\/www.youtube.com\/watch?v=5jnlQAzntY8<\/a><\/span><\/p>\n<p><span style=\"color: #000000;\">Cze\u015b\u0107 7: <a style=\"color: #000000;\" href=\"https:\/\/www.youtube.com\/watch?v=CXBBJoX8rrA\">https:\/\/www.youtube.com\/watch?v=CXBBJoX8rrA<\/a><\/span><\/p>\n<p><span style=\"color: #000000;\">Cz\u0119\u015b\u0107 8: <a style=\"color: #000000;\" href=\"https:\/\/www.youtube.com\/watch?v=NQDVj4U2LBc\">https:\/\/www.youtube.com\/watch?v=NQDVj4U2LBc<\/a><\/span><\/p>\n<p>&nbsp;<\/p>\n<p><span style=\"color: #000000;\">El\u017cbieta Kuta<\/span><\/p>\n","protected":false},"excerpt":{"rendered":"<p>Koncert SI\u0141A MI\u0141O\u015aCI Od o\u015bmiu lat, w ostatnim tygodniu kwietnia, w rocznic\u0119 wyzwolenia niemieckiego obozu koncentracyjnego dla kobiet Ravensbr\u00fcck, odbywa\u0142y si\u0119 w Krakowie w Muzeum Sztuki i Techniki Japo\u0144skiej Manggha koncerty \u201eSi\u0142a Mi\u0142o\u015bci\u201d dedykowane pami\u0119ci Wi\u0119\u017aniarek KL Ravensbr\u00fcck<\/p>\n","protected":false},"author":1,"featured_media":2287,"comment_status":"closed","ping_status":"open","sticky":false,"template":"","format":"standard","meta":{"ngg_post_thumbnail":0,"footnotes":""},"categories":[27],"tags":[],"class_list":["post-2283","post","type-post","status-publish","format-standard","has-post-thumbnail","hentry","category-wydarzenia"],"_links":{"self":[{"href":"https:\/\/www.rodzinaravensbruck.pl\/index.php\/wp-json\/wp\/v2\/posts\/2283","targetHints":{"allow":["GET"]}}],"collection":[{"href":"https:\/\/www.rodzinaravensbruck.pl\/index.php\/wp-json\/wp\/v2\/posts"}],"about":[{"href":"https:\/\/www.rodzinaravensbruck.pl\/index.php\/wp-json\/wp\/v2\/types\/post"}],"author":[{"embeddable":true,"href":"https:\/\/www.rodzinaravensbruck.pl\/index.php\/wp-json\/wp\/v2\/users\/1"}],"replies":[{"embeddable":true,"href":"https:\/\/www.rodzinaravensbruck.pl\/index.php\/wp-json\/wp\/v2\/comments?post=2283"}],"version-history":[{"count":3,"href":"https:\/\/www.rodzinaravensbruck.pl\/index.php\/wp-json\/wp\/v2\/posts\/2283\/revisions"}],"predecessor-version":[{"id":2286,"href":"https:\/\/www.rodzinaravensbruck.pl\/index.php\/wp-json\/wp\/v2\/posts\/2283\/revisions\/2286"}],"wp:featuredmedia":[{"embeddable":true,"href":"https:\/\/www.rodzinaravensbruck.pl\/index.php\/wp-json\/wp\/v2\/media\/2287"}],"wp:attachment":[{"href":"https:\/\/www.rodzinaravensbruck.pl\/index.php\/wp-json\/wp\/v2\/media?parent=2283"}],"wp:term":[{"taxonomy":"category","embeddable":true,"href":"https:\/\/www.rodzinaravensbruck.pl\/index.php\/wp-json\/wp\/v2\/categories?post=2283"},{"taxonomy":"post_tag","embeddable":true,"href":"https:\/\/www.rodzinaravensbruck.pl\/index.php\/wp-json\/wp\/v2\/tags?post=2283"}],"curies":[{"name":"wp","href":"https:\/\/api.w.org\/{rel}","templated":true}]}}