{"id":235,"date":"2017-04-22T15:27:49","date_gmt":"2017-04-22T13:27:49","guid":{"rendered":"http:\/\/www.rodzinaravensbruck.pl\/?p=235"},"modified":"2017-04-22T21:55:49","modified_gmt":"2017-04-22T19:55:49","slug":"72-rocznice-wyzwolenia-obozu-w-ravensbruck","status":"publish","type":"post","link":"https:\/\/www.rodzinaravensbruck.pl\/index.php\/2017\/04\/22\/72-rocznice-wyzwolenia-obozu-w-ravensbruck\/","title":{"rendered":"72 rocznica wyzwolenia obozu w Ravensbr\u00fcck"},"content":{"rendered":"<p>22 i 23 kwietnia odb\u0119d\u0105 si\u0119 uroczysto\u015bci na terenie by\u0142ego niemieckiego obozu\u00a0 koncentracyjnego w Ravensbr\u00fcck w 72 rocznic\u0119 wyzwolenia obozu. \u017byczymy wszystkim uczestnikom uroczysto\u015bci szcz\u0119\u015bliwego dotarcia do Ravensbr\u00fcck i wspomnienia w modlitwach o wszystkich naszych Mamach, Babciach, Prababciach, kt\u00f3re prze\u017cy\u0142y gehenn\u0119 obozu, o zapalenie zniczy, by p\u0142yn\u0119\u0142y po tafli jeziora Schwedt jak \u015bwietliki Ich dusz, a rzucane na fale kwiaty przypomina\u0142y o Ich pi\u0119knych twarzach.<\/p>\n<p>El\u017cbieta Kuta<\/p>\n","protected":false},"excerpt":{"rendered":"<p>22 i 23 kwietnia odb\u0119d\u0105 si\u0119 uroczysto\u015bci na terenie by\u0142ego niemieckiego obozu\u00a0 koncentracyjnego w Ravensbr\u00fcck w 72 rocznic\u0119 wyzwolenia obozu. \u017byczymy wszystkim uczestnikom uroczysto\u015bci szcz\u0119\u015bliwego dotarcia do Ravensbr\u00fcck i wspomnienia w modlitwach o wszystkich naszych Mamach, Babciach, Prababciach, kt\u00f3re prze\u017cy\u0142y gehenn\u0119 obozu, o zapalenie zniczy, by p\u0142yn\u0119\u0142y po tafli jeziora Schwedt jak \u015bwietliki Ich dusz, &hellip; <\/p>\n<p class=\"link-more\"><a href=\"https:\/\/www.rodzinaravensbruck.pl\/index.php\/2017\/04\/22\/72-rocznice-wyzwolenia-obozu-w-ravensbruck\/\" class=\"more-link\">Czytaj dalej<span class=\"screen-reader-text\"> \u201e72 rocznica wyzwolenia obozu w Ravensbr\u00fcck\u201d<\/span><\/a><\/p>\n","protected":false},"author":1,"featured_media":236,"comment_status":"closed","ping_status":"open","sticky":false,"template":"","format":"standard","meta":{"ngg_post_thumbnail":0,"footnotes":""},"categories":[4],"tags":[],"class_list":["post-235","post","type-post","status-publish","format-standard","has-post-thumbnail","hentry","category-aktualnosci"],"_links":{"self":[{"href":"https:\/\/www.rodzinaravensbruck.pl\/index.php\/wp-json\/wp\/v2\/posts\/235","targetHints":{"allow":["GET"]}}],"collection":[{"href":"https:\/\/www.rodzinaravensbruck.pl\/index.php\/wp-json\/wp\/v2\/posts"}],"about":[{"href":"https:\/\/www.rodzinaravensbruck.pl\/index.php\/wp-json\/wp\/v2\/types\/post"}],"author":[{"embeddable":true,"href":"https:\/\/www.rodzinaravensbruck.pl\/index.php\/wp-json\/wp\/v2\/users\/1"}],"replies":[{"embeddable":true,"href":"https:\/\/www.rodzinaravensbruck.pl\/index.php\/wp-json\/wp\/v2\/comments?post=235"}],"version-history":[{"count":3,"href":"https:\/\/www.rodzinaravensbruck.pl\/index.php\/wp-json\/wp\/v2\/posts\/235\/revisions"}],"predecessor-version":[{"id":271,"href":"https:\/\/www.rodzinaravensbruck.pl\/index.php\/wp-json\/wp\/v2\/posts\/235\/revisions\/271"}],"wp:featuredmedia":[{"embeddable":true,"href":"https:\/\/www.rodzinaravensbruck.pl\/index.php\/wp-json\/wp\/v2\/media\/236"}],"wp:attachment":[{"href":"https:\/\/www.rodzinaravensbruck.pl\/index.php\/wp-json\/wp\/v2\/media?parent=235"}],"wp:term":[{"taxonomy":"category","embeddable":true,"href":"https:\/\/www.rodzinaravensbruck.pl\/index.php\/wp-json\/wp\/v2\/categories?post=235"},{"taxonomy":"post_tag","embeddable":true,"href":"https:\/\/www.rodzinaravensbruck.pl\/index.php\/wp-json\/wp\/v2\/tags?post=235"}],"curies":[{"name":"wp","href":"https:\/\/api.w.org\/{rel}","templated":true}]}}