{"id":2382,"date":"2020-12-31T18:12:50","date_gmt":"2020-12-31T17:12:50","guid":{"rendered":"http:\/\/www.rodzinaravensbruck.pl\/?p=2382"},"modified":"2021-01-05T11:28:33","modified_gmt":"2021-01-05T10:28:33","slug":"2382","status":"publish","type":"post","link":"https:\/\/www.rodzinaravensbruck.pl\/index.php\/2020\/12\/31\/2382\/","title":{"rendered":"Po\u017cegnanie \u015bp. Krystyny Zaj\u0105c 1925-2020"},"content":{"rendered":"<p>Krystyna Zaj\u0105c z domu Stepnowska, urodzi\u0142a si\u0119 w Warszawie\u00a0 13.03.1925 roku. Po 32 dniach Powstania Warszawskiego, 2 wrze\u015bnia 1944 roku wraz z reszt\u0105 ludno\u015bci cywilnej zosta\u0142a wyprowadzona z Warszawy, przewieziona bydl\u0119cymi wagonami do Niemiec do niemieckiego obozu koncentracyjnego w Ravensbr\u00fcck, gdzie by\u0142a wi\u0119ziona do 23 kwietnia 1945 roku. P\u0119dzona w marszu \u015bmierci w stron\u0119 morza, po oko\u0142o 10-ciu dniach, z uwagi na stan zdrowia, zosta\u0142a przewieziona przez transport Mi\u0119dzynarodowego Czerwonego Krzy\u017ca do brytyjskiej strefy okupacyjnej w Lubece gdzie przebywa\u0142a do pa\u017adziernika 1947 roku. Z Lubeki wr\u00f3ci\u0142a bezpo\u015brednio do zrujnowanej Warszawy. Zmar\u0142a 24 grudnia 2020 r. w Warszawie.<!--more--><\/p>\n<p>Historia \u017cycia \u015bp. Krystyny Zaj\u0105c: <a href=\"https:\/\/www.1944.pl\/archiwum-historii-mowionej\/krystyna-zajac,2339.html\">https:\/\/www.1944.pl\/archiwum-historii-mowionej\/krystyna-zajac,2339.html<\/a><\/p>\n<p>Pani Krystyna by\u0142a cz\u0142onkiem za\u0142o\u017cycielem Stowarzyszenia. \u201eRodzina Wi\u0119\u017aniarek Niemieckiego Obozu Koncentracyjnego Ravensbr\u00fcck\u201d. Pami\u0119tam, \u017ce spotkali\u015bmy si\u0119 w Jaros\u0142awiu w 2016 r., w domu \u015bp. Stanis\u0142awy \u015aledziejowskiej-Osiczko, te\u017c wi\u0119\u017aniarki obozu w Ravensbr\u00fcck i podj\u0119li\u015bmy dyskusj\u0119 o za\u0142o\u017ceniu stowarzyszenia \u201eRodzina Ravensbr\u00fcck\u201d. Inicjatorkami by\u0142y wi\u0119\u017aniarki: wspomniana Stanis\u0142awa \u015aledziejowska-Osiczko, Wanda Rosiewicz, Wanda P\u00f3\u0142tawska i Pani Krystyna Zaj\u0105c. Wi\u0119\u017aniarki mia\u0142y \u015bwiadomo\u015b\u0107, \u017ce powoli Ich czas na tym \u015bwiecie si\u0119 ko\u0144czy i nast\u0119pne pokolenia powinny zadba\u0107 o to, aby pami\u0119\u0107 trwa\u0142a o tych dzielnych kobietach, patriotkach, kt\u00f3re nie da\u0142y si\u0119 z\u0142ama\u0107 i walczy\u0142y o warto\u015bci, dla kt\u00f3rych by\u0142y gotowe odda\u0107 \u017cycie. Stowarzyszenie zosta\u0142o za\u0142o\u017cone, Pani Krystyna by\u0142a cz\u0142onkiem Komisji Rewizyjnej, \u017cywo interesowa\u0142a si\u0119 aktualno\u015bciami, dzia\u0142alno\u015bci\u0105 stowarzyszenia. W wieku 95 lat pos\u0142ugiwa\u0142a si\u0119 poczt\u0105 elektroniczn\u0105, dociera\u0142y do Niej wszystkie informacje o podejmowanych przez stowarzyszenie spotkaniach, wydarzeniach, by\u0142a z nami w sta\u0142ym kontakcie.<\/p>\n<p>Rok temu, w 2019 r., by\u0142a z nami w Ravensbr\u00fcck na 74. rocznicy wyzwolenia obozu. Uczestniczy\u0142a we wszystkich uroczysto\u015bciach, kt\u00f3re odbywa\u0142y si\u0119 na terenie dawnego obozu, w mszy \u015bwi\u0119tej, w pochodzie pod pomnik nad jeziorem Schwedt, rzuca\u0142a r\u00f3\u017ce na powierzchni\u0119 jeziora, kt\u00f3re jest cmentarzem, bo tam by\u0142y wysypywane prochy wi\u0119\u017aniarek skremowanych w krematorium.<\/p>\n<p>Andrea Genes, dyrektorka Memorial Ravensbruck, wspomina, \u017ce w czasie jednej z ostatnich ceremonii w rocznic\u0119 wyzwolenia obozu, mia\u0142a honor towarzyszy\u0107 Pani Krystynie w stacjach drogi krzy\u017cowej w Memorial Ravensbruck i ta droga przebyta z Pani\u0105 Krystyn\u0105 by\u0142a dla niej czym\u015b szczeg\u00f3lnym. Przywo\u0142am te\u017c wspomnienie Insy Eschebach, by\u0142ej dyrektorki Memorial Ravensbruck, kt\u00f3ra pami\u0119ta modlitwy czytane w j\u0119zyku polskim przez Krystyn\u0119 Zaj\u0105c w czasie g\u0142\u00f3wnych uroczysto\u015bci rocznicowych wyzwolenia obozu. Zachowa\u0142a w pami\u0119ci Pani\u0105 Krystyn\u0119 jako osob\u0119 delikatn\u0105 i mimo lat bardzo siln\u0105 duchowo.<\/p>\n<p>Bezsilno\u015b\u0107 zawsze nam towarzyszy kiedy odchodz\u0105 nasi Bliscy. Chcieliby\u015bmy trzyma\u0107 Ich mocno za r\u0119ce, bo Ich kochamy, bo nie zd\u0105\u017cyli\u015bmy Im wszystkiego powiedzie\u0107, a Oni nie zd\u0105\u017cyli nam opowiedzie\u0107 o swoim \u017cyciu, o swoich l\u0119kach.<\/p>\n<p>W ostatnich dniach \u017cycia Pani Krystyny wr\u00f3ci\u0142y w Jej snach i w my\u015blach koszmary wojennych prze\u017cy\u0107, sceny z Powstania Warszawskiego i obozu koncentracyjnego. To wiem z relacji wnuczki. Te prze\u017cycia by\u0142y tak silne, \u017ce mimo lat, szcz\u0119\u015bliwego \u017cycia rodzinnego ci\u0105gle wraca\u0142y.<\/p>\n<p>Zachowam w pami\u0119ci Pani\u0105 Krystyn\u0119 jako przemi\u0142\u0105, spokojn\u0105, \u017cyczliw\u0105, osob\u0119, kt\u00f3ra na wszystkich dost\u0119pnych zdj\u0119ciach jest u\u015bmiechni\u0119ta. Mia\u0142a to szcz\u0119\u015bcie, \u017ce by\u0142a otoczona troskliw\u0105 opiek\u0105 Rodziny i chocia\u017c w czasie pandemii nie mo\u017cna by\u0142o towarzyszy\u0107 Jej osobi\u015bcie w szpitalu, to codzienne rozmowy telefoniczne z wnukami i zdj\u0119cia, kt\u00f3re Jej wysy\u0142ano by\u0142y namiastk\u0105 tych osobistych kontakt\u00f3w.<\/p>\n<p>Pami\u0119\u0107 o Niej b\u0119dzie trwa\u0142a. \u201eEcho ich g\u0142os\u00f3w nie zamilknie\u201d bo taki jest cel naszego Stowarzyszenia.<\/p>\n<p>Po\u017cegnam Pani\u0105 Krystyn\u0119 fragmentem wiersza \u201eDla Krysi\u201d Zofii G\u00f3rskiej-Romanowicz by\u0142ej wi\u0119\u017aniarki obozu Ravenbr\u00fcck:<\/p>\n<p>B\u0119d\u0119 w sukni jak niebo niebieskiej,<br \/>\nA ty w sukni jak niebo r\u00f3\u017cowej \u2014<br \/>\nNiskie s\u0142o\u0144ce nam twarze roz\u015bwietli<br \/>\nI jak r\u0119ka nam spocznie na g\u0142owie.<br \/>\nW\u015br\u00f3d ogrodu, gdzie p\u0142on\u0105 mieczyki<br \/>\nI gdzie szumi\u0105 jesiony surowe<br \/>\nPrzystaniemy \u2014 ja w sukni niebieskiej,<br \/>\nA ty w sukni jak niebo r\u00f3\u017cowej.<br \/>\n\u2026<br \/>\nPrzez \u0142zy widz\u0119 to \u2014 zamknij powieki,<br \/>\nNiech si\u0119 tak\u017ce przed tob\u0105 wy\u0142oni<br \/>\nDom spokojny, b\u0142yszcz\u0105cy szybami,<br \/>\nW drzew zieleni ukryty jak w d\u0142oni \u2014<br \/>\nMo\u017ce tak\u017ce zobaczysz ten wiecz\u00f3r,<br \/>\nS\u0142o\u0144ca senn\u0105, chyl\u0105c\u0105 si\u0119 g\u0142ow\u0119,<br \/>\nA na \u015bcie\u017cce nas w sukniach z mu\u015blinu:<br \/>\nMnie w niebieskiej \u2014 a ciebie w r\u00f3\u017cowej. \u2014<\/p>\n<p><strong>Uroczysto\u015bci pogrzebowe \u015bp. Krystyny Zaj\u0105c odby\u0142y si\u0119 31 grudnia 2020 roku o godz. 11:00 w Parafii Narodzenia Pa\u0144skiego w Warszawie oraz na Cmentarzu Br\u00f3dnowskim. <\/strong><\/p>\n<p>Z powodu pandemii liczba uczestnik\u00f3w ceremonii pogrzebowej by\u0142a ograniczona. Dla os\u00f3b, kt\u00f3re nie mog\u0142y uczestniczy\u0107 osobi\u015bcie w ceremonii by\u0142a bezpo\u015brednia transmisja uroczysto\u015bci pogrzebowych: <a href=\"https:\/\/polskieradio24.pl\/5\/3\/Artykul\/2650324,Cale-zycie-dzialala-na-rzecz-podtrzymywania-pamieci-Pozegnano-Krystyne-Zajac-byla-wiezniarke-KL-Ravensbr%C3%BCck\">https:\/\/polskieradio24.pl\/5\/3\/Artykul\/2650324,Cale-zycie-dzialala-na-rzecz-podtrzymywania-pamieci-Pozegnano-Krystyne-Zajac-byla-wiezniarke-KL-Ravensbr%C3%BCck<\/a><\/p>\n<p>Rodzinie \u015bp. Krystyny Zaj\u0105c sk\u0142adamy z g\u0142\u0119bi serca p\u0142yn\u0105ce kondolencje.<\/p>\n<p>El\u017cbieta Kuta<\/p>\n","protected":false},"excerpt":{"rendered":"<p>Krystyna Zaj\u0105c z domu Stepnowska, urodzi\u0142a si\u0119 w Warszawie\u00a0 13.03.1925 roku. Po 32 dniach Powstania Warszawskiego, 2 wrze\u015bnia 1944 roku wraz z reszt\u0105 ludno\u015bci cywilnej zosta\u0142a wyprowadzona z Warszawy, przewieziona bydl\u0119cymi wagonami do Niemiec do niemieckiego obozu koncentracyjnego w Ravensbr\u00fcck, gdzie by\u0142a wi\u0119ziona do 23 kwietnia 1945 roku. P\u0119dzona w marszu \u015bmierci w stron\u0119 morza, &hellip; <\/p>\n<p class=\"link-more\"><a href=\"https:\/\/www.rodzinaravensbruck.pl\/index.php\/2020\/12\/31\/2382\/\" class=\"more-link\">Czytaj dalej<span class=\"screen-reader-text\"> \u201ePo\u017cegnanie \u015bp. Krystyny Zaj\u0105c 1925-2020\u201d<\/span><\/a><\/p>\n","protected":false},"author":1,"featured_media":2390,"comment_status":"closed","ping_status":"open","sticky":false,"template":"","format":"standard","meta":{"ngg_post_thumbnail":0,"footnotes":""},"categories":[67],"tags":[],"class_list":["post-2382","post","type-post","status-publish","format-standard","has-post-thumbnail","hentry","category-pamietamy"],"_links":{"self":[{"href":"https:\/\/www.rodzinaravensbruck.pl\/index.php\/wp-json\/wp\/v2\/posts\/2382","targetHints":{"allow":["GET"]}}],"collection":[{"href":"https:\/\/www.rodzinaravensbruck.pl\/index.php\/wp-json\/wp\/v2\/posts"}],"about":[{"href":"https:\/\/www.rodzinaravensbruck.pl\/index.php\/wp-json\/wp\/v2\/types\/post"}],"author":[{"embeddable":true,"href":"https:\/\/www.rodzinaravensbruck.pl\/index.php\/wp-json\/wp\/v2\/users\/1"}],"replies":[{"embeddable":true,"href":"https:\/\/www.rodzinaravensbruck.pl\/index.php\/wp-json\/wp\/v2\/comments?post=2382"}],"version-history":[{"count":4,"href":"https:\/\/www.rodzinaravensbruck.pl\/index.php\/wp-json\/wp\/v2\/posts\/2382\/revisions"}],"predecessor-version":[{"id":2388,"href":"https:\/\/www.rodzinaravensbruck.pl\/index.php\/wp-json\/wp\/v2\/posts\/2382\/revisions\/2388"}],"wp:featuredmedia":[{"embeddable":true,"href":"https:\/\/www.rodzinaravensbruck.pl\/index.php\/wp-json\/wp\/v2\/media\/2390"}],"wp:attachment":[{"href":"https:\/\/www.rodzinaravensbruck.pl\/index.php\/wp-json\/wp\/v2\/media?parent=2382"}],"wp:term":[{"taxonomy":"category","embeddable":true,"href":"https:\/\/www.rodzinaravensbruck.pl\/index.php\/wp-json\/wp\/v2\/categories?post=2382"},{"taxonomy":"post_tag","embeddable":true,"href":"https:\/\/www.rodzinaravensbruck.pl\/index.php\/wp-json\/wp\/v2\/tags?post=2382"}],"curies":[{"name":"wp","href":"https:\/\/api.w.org\/{rel}","templated":true}]}}