{"id":2396,"date":"2021-01-17T22:09:18","date_gmt":"2021-01-17T21:09:18","guid":{"rendered":"http:\/\/www.rodzinaravensbruck.pl\/?p=2396"},"modified":"2021-01-17T22:11:29","modified_gmt":"2021-01-17T21:11:29","slug":"sroda-27-stycznia-2021-r-dzien-pamieci-ofiar-narodowego-socjalizmu","status":"publish","type":"post","link":"https:\/\/www.rodzinaravensbruck.pl\/index.php\/2021\/01\/17\/sroda-27-stycznia-2021-r-dzien-pamieci-ofiar-narodowego-socjalizmu\/","title":{"rendered":"\u015aroda, 27 stycznia 2021 r., Dzie\u0144 pami\u0119ci ofiar narodowego socjalizmu"},"content":{"rendered":"<p>Ravensbr\u00fcck czyta:<\/p>\n<p>\u201e\u015ani\u0142o mi si\u0119\u201d: o t\u0119sknocie, nadziei i rozpaczy w \u015bwiadectwach wi\u0119\u017ani\u00f3w i ocala\u0142ych z Ravensbr\u00fcck<\/p>\n<p>Uczestnictwo w czytaniu online.<\/p>\n<p>Szanowni Pa\u0144stwo,<\/p>\n<p>Drodzy Przyjaciele Miejsca Pami\u0119ci Ravensbr\u00fcck,<!--more--><\/p>\n<p>Dzi\u015b serdecznie zapraszamy na nasze wydarzenie z okazji Dnia Pami\u0119ci Ofiar Narodowego Socjalizmu 27 stycznia 2021 roku. W Ravensbr\u00fcck utrwali\u0142a si\u0119 tradycja, \u017ce \u200b\u200bprzyjaciele miejsca pami\u0119ci spotykaj\u0105 si\u0119 na wsp\u00f3lnym czytaniu. W nowym roku po raz pierwszy w przestrzeni cyfrowej zapraszamy do lektury na \u017cywo na platformie Zoom video. Ta specjalna lektura po\u015bwi\u0119cona jest \u201et\u0119sknocie\u201d.<\/p>\n<p>Duden definiuje s\u0142owo t\u0119sknota jako \u201eintymne, bolesne pragnienie kogo\u015b, czego\u015b odleg\u0142ego \/oddalonego\u201d. Jak i kiedy wi\u0119\u017aniowie KL Ravensbr\u00fcck odczuwali t\u0119sknot\u0119? Na co mieli nadziej\u0119 wi\u0119\u017aniowie? Wybrali\u015bmy \u015bwiadectwa wielu ocala\u0142ych z r\u00f3\u017cnych kraj\u00f3w. M\u00f3wi\u0105 o samozachowawczo\u015bci i oporze, o \u201emarzeniach bez ko\u0144ca\u201d &#8211; jak w tytu\u0142owym wierszu ocala\u0142ych z Auschwitz i Ravensbr\u00fcck Batsheva Dagan &#8211; i rozpaczy.<\/p>\n<p>B\u0119dzie nam niezmiernie mi\u0142o, je\u015bli zechcecie Pa\u0144stwo wzi\u0105\u0107 udzia\u0142 w tegorocznym czytaniu. Do 25 stycznia 2021 nale\u017cy zg\u0142osi\u0107 sw\u00f3j udzia\u0142: na adres <a href=\"mailto:paedagogik@ravensbrueck.de\">paedagogik@ravensbrueck.de <\/a>aby\u015bmy mogli przes\u0142a\u0107 tekst. Aby aktywnie uczestniczy\u0107, potrzebny jest komputer, laptop lub smartfon z najbardziej stabilnym po\u0142\u0105czeniem internetowym, kamer\u0105 i mikrofonem.<\/p>\n<p>Bior\u0105c udzia\u0142, wyra\u017casz zgod\u0119 na transmisj\u0119 na \u017cywo czytania na YouTube.<\/p>\n<p>Z powa\u017caniem.<\/p>\n<p>Andrea Genest<\/p>\n<p>____________________________<\/p>\n<p>Dr. Andrea Genest<\/p>\n<p>Leiterin<br \/>\nMahn- und Gedenkst\u00e4tte Ravensbr\u00fcck \/<br \/>\nStiftung Brandenburgische Gedenkst\u00e4tten<br \/>\nStra\u00dfe der Nationen 2<br \/>\n16798 F\u00fcrstenberg\/Havel<br \/>\nTel.: 033093-608-13<br \/>\nFax: 033093-608-29<br \/>\nEmail: <a href=\"mailto:info@ravensbrueck.de\">info@ravensbrueck.de<\/a><br \/>\nHomepage: <a href=\"https:\/\/mail.stiftung-bg.de\/owa\/www.ravensbrueck.de\">www.ravensbrueck.de<\/a><\/p>\n","protected":false},"excerpt":{"rendered":"<p>Ravensbr\u00fcck czyta: \u201e\u015ani\u0142o mi si\u0119\u201d: o t\u0119sknocie, nadziei i rozpaczy w \u015bwiadectwach wi\u0119\u017ani\u00f3w i ocala\u0142ych z Ravensbr\u00fcck Uczestnictwo w czytaniu online. Szanowni Pa\u0144stwo, Drodzy Przyjaciele Miejsca Pami\u0119ci Ravensbr\u00fcck,<\/p>\n","protected":false},"author":1,"featured_media":2397,"comment_status":"closed","ping_status":"open","sticky":false,"template":"","format":"standard","meta":{"ngg_post_thumbnail":0,"footnotes":""},"categories":[4],"tags":[],"class_list":["post-2396","post","type-post","status-publish","format-standard","has-post-thumbnail","hentry","category-aktualnosci"],"_links":{"self":[{"href":"https:\/\/www.rodzinaravensbruck.pl\/index.php\/wp-json\/wp\/v2\/posts\/2396","targetHints":{"allow":["GET"]}}],"collection":[{"href":"https:\/\/www.rodzinaravensbruck.pl\/index.php\/wp-json\/wp\/v2\/posts"}],"about":[{"href":"https:\/\/www.rodzinaravensbruck.pl\/index.php\/wp-json\/wp\/v2\/types\/post"}],"author":[{"embeddable":true,"href":"https:\/\/www.rodzinaravensbruck.pl\/index.php\/wp-json\/wp\/v2\/users\/1"}],"replies":[{"embeddable":true,"href":"https:\/\/www.rodzinaravensbruck.pl\/index.php\/wp-json\/wp\/v2\/comments?post=2396"}],"version-history":[{"count":2,"href":"https:\/\/www.rodzinaravensbruck.pl\/index.php\/wp-json\/wp\/v2\/posts\/2396\/revisions"}],"predecessor-version":[{"id":2399,"href":"https:\/\/www.rodzinaravensbruck.pl\/index.php\/wp-json\/wp\/v2\/posts\/2396\/revisions\/2399"}],"wp:featuredmedia":[{"embeddable":true,"href":"https:\/\/www.rodzinaravensbruck.pl\/index.php\/wp-json\/wp\/v2\/media\/2397"}],"wp:attachment":[{"href":"https:\/\/www.rodzinaravensbruck.pl\/index.php\/wp-json\/wp\/v2\/media?parent=2396"}],"wp:term":[{"taxonomy":"category","embeddable":true,"href":"https:\/\/www.rodzinaravensbruck.pl\/index.php\/wp-json\/wp\/v2\/categories?post=2396"},{"taxonomy":"post_tag","embeddable":true,"href":"https:\/\/www.rodzinaravensbruck.pl\/index.php\/wp-json\/wp\/v2\/tags?post=2396"}],"curies":[{"name":"wp","href":"https:\/\/api.w.org\/{rel}","templated":true}]}}