{"id":2403,"date":"2021-01-20T21:32:31","date_gmt":"2021-01-20T20:32:31","guid":{"rendered":"http:\/\/www.rodzinaravensbruck.pl\/?p=2403"},"modified":"2025-01-27T18:34:34","modified_gmt":"2025-01-27T17:34:34","slug":"arolsen-archives-international-center-on-nazi-persecution","status":"publish","type":"post","link":"https:\/\/www.rodzinaravensbruck.pl\/index.php\/2021\/01\/20\/arolsen-archives-international-center-on-nazi-persecution\/","title":{"rendered":"Arolsen Archives International Center on Nazi Persecution"},"content":{"rendered":"<p>Pragniemy zwr\u00f3ci\u0107 Pana (i) uwag\u0119 na zbli\u017caj\u0105ce si\u0119 rozpocz\u0119cie mi\u0119dzynarodowej kampanii #everynamecounts, kt\u00f3re odb\u0119dzie si\u0119 <strong>21 stycznia<\/strong> i jednocze\u015bnie zaprosi\u0107 Pana(i\u0105) do wsparcia naszego projektu.<\/p>\n<p>Na rozpocz\u0119cie projektu udost\u0119pniamy oko\u0142o 600.000 dokument\u00f3w z r\u00f3\u017cnych oboz\u00f3w koncentracyjnych do cyfrowego zapisu (&#8222;indeksowania&#8221;) na zaktualizowanej platformie crowdsourcingowej Zooniverse. Dokumenty te, s\u0105 cz\u0119\u015bci\u0105 \u015awiatowego Dziedzictwa UNESCO. Posiadanie odpowiedniej wiedzy nie jest konieczne do uczestnictwa w naszym projekcie.<!--more--><\/p>\n<p>Nie przeocz tego: w dniach mi\u0119dzy <strong>21 a 27 stycznia<\/strong> z okazji rozpocz\u0119cia kampanii b\u0119dzie mo\u017cna podziwia\u0107 na fasadzie budynku Ambasady Francji w Berlinie imponuj\u0105c\u0105 instalacj\u0119 \u015bwietln\u0105 #everynamecounts. W dniu 21, a tak\u017ce 27 stycznia b\u0119dzie to mo\u017cliwe tak\u017ce na \u017cywo. Instalacja ta, po\u015bwi\u0119cona jest wszystkim ofiarom narodowego socjalizmu.<\/p>\n<p>W razie jakichkolwiek pyta\u0144, prosimy o kontakt! Doceniamy Pana(i) wsparcie!<\/p>\n<p>Pozdrowiam serdecznie<br>Floriane Azoulay<\/p>\n<p>Floriane Azoulay<\/p>\n<p>Arolsen Archives<br>International Center on Nazi Persecution<br>Gro\u00dfe Allee 5-9<br>34454 Bad Arolsen<br>Niemcy<\/p>\n<p><strong>T<\/strong> +49 (0)5691 629-115\/-162<br><strong>E<\/strong> enc@arolsen-archives.org<br><strong>W<\/strong> arolsen-archives.org<\/p>\n<p><strong>Dokumenty Arolsen Archives nale\u017c\u0105 do <\/strong><br><strong>\u015awiatowego Dziedzictwa UNESCO.<\/strong><\/p>\n<p>#everynamecounts:<br>Budujemy cyfrowy pomnik dla ofiar narodowego socjalizmu. Pom\u00f3\u017c nam w tym!<br>https:\/\/aroa.to\/enc<\/p>\n<p>Udost\u0119pniamy miliony dokument\u00f3w online:<br>zach\u0119camy do korzystania z cyfrowego archiwum Arolsen Archives<br>https:\/\/collections.arolsen-archives.org<\/p>\n<p>W za\u0142\u0105cznikach znajd\u0105 Pa\u0144stwo:<\/p>\n<ul>\n<li>Tekst informacyjny o inicjatywie upami\u0119tniaj\u0105cej<\/li>\n<li>R\u00f3\u017cne linki do materia\u0142\u00f3w wizualnych i wideo<\/li>\n<li>Wywiad z dyrektorem Arolsen Archives, pani\u0105 Floriane Azoulay<\/li>\n<li>List\u0119 kontroln\u0105 (checklista) pokazuj\u0105c\u0105, jak mo\u017cna nas wspiera\u0107 jako partnera<\/li>\n<li>&nbsp;<\/li>\n<li>Serdecznie dzi\u0119kuj\u0119 i pozdrawiam. Elzbieta<\/li>\n<\/ul>\n<p>&nbsp;<\/p>\n\n\n<div data-wp-interactive=\"core\/file\" class=\"wp-block-file\"><object data-wp-bind--hidden=\"!state.hasPdfPreview\" hidden class=\"wp-block-file__embed\" data=\"https:\/\/www.rodzinaravensbruck.pl\/wp-content\/uploads\/2021\/01\/enc_Join_in_as_partner_PL.pdf\" type=\"application\/pdf\" style=\"width:100%;height:600px\" aria-label=\"Osadzone z #enc_Join_in_as_partner_PL.\"><\/object><a id=\"wp-block-file--media-01e0adf3-bbb2-4f5d-be80-2ce5a2ab89c6\" href=\"https:\/\/www.rodzinaravensbruck.pl\/wp-content\/uploads\/2021\/01\/enc_Join_in_as_partner_PL.pdf\">#enc_Join_in_as_partner_PL<\/a><a href=\"https:\/\/www.rodzinaravensbruck.pl\/wp-content\/uploads\/2021\/01\/enc_Join_in_as_partner_PL.pdf\" class=\"wp-block-file__button wp-element-button\" download aria-describedby=\"wp-block-file--media-01e0adf3-bbb2-4f5d-be80-2ce5a2ab89c6\">Pobierz<\/a><\/div>\n\n\n\n<div data-wp-interactive=\"core\/file\" class=\"wp-block-file\"><object data-wp-bind--hidden=\"!state.hasPdfPreview\" hidden class=\"wp-block-file__embed\" data=\"https:\/\/www.rodzinaravensbruck.pl\/wp-content\/uploads\/2021\/01\/enc_Information_material_partners_PL.pdf\" type=\"application\/pdf\" style=\"width:100%;height:600px\" aria-label=\"Osadzone z #enc_Information_material_partners_PL.\"><\/object><a id=\"wp-block-file--media-1277dadf-4839-4449-9ce3-aaf1cea9a64f\" href=\"https:\/\/www.rodzinaravensbruck.pl\/wp-content\/uploads\/2021\/01\/enc_Information_material_partners_PL.pdf\">#enc_Information_material_partners_PL<\/a><a href=\"https:\/\/www.rodzinaravensbruck.pl\/wp-content\/uploads\/2021\/01\/enc_Information_material_partners_PL.pdf\" class=\"wp-block-file__button wp-element-button\" download aria-describedby=\"wp-block-file--media-1277dadf-4839-4449-9ce3-aaf1cea9a64f\">Pobierz<\/a><\/div>\n","protected":false},"excerpt":{"rendered":"<p>Pragniemy zwr\u00f3ci\u0107 Pana (i) uwag\u0119 na zbli\u017caj\u0105ce si\u0119 rozpocz\u0119cie mi\u0119dzynarodowej kampanii #everynamecounts, kt\u00f3re odb\u0119dzie si\u0119 21 stycznia i jednocze\u015bnie zaprosi\u0107 Pana(i\u0105) do wsparcia naszego projektu. Na rozpocz\u0119cie projektu udost\u0119pniamy oko\u0142o 600.000 dokument\u00f3w z r\u00f3\u017cnych oboz\u00f3w koncentracyjnych do cyfrowego zapisu (&#8222;indeksowania&#8221;) na zaktualizowanej platformie crowdsourcingowej Zooniverse. Dokumenty te, s\u0105 cz\u0119\u015bci\u0105 \u015awiatowego Dziedzictwa UNESCO. Posiadanie odpowiedniej wiedzy &hellip; <\/p>\n<p class=\"link-more\"><a href=\"https:\/\/www.rodzinaravensbruck.pl\/index.php\/2021\/01\/20\/arolsen-archives-international-center-on-nazi-persecution\/\" class=\"more-link\">Czytaj dalej<span class=\"screen-reader-text\"> \u201eArolsen Archives International Center on Nazi Persecution\u201d<\/span><\/a><\/p>\n","protected":false},"author":1,"featured_media":2404,"comment_status":"closed","ping_status":"open","sticky":false,"template":"","format":"standard","meta":{"ngg_post_thumbnail":0,"footnotes":""},"categories":[4],"tags":[],"class_list":["post-2403","post","type-post","status-publish","format-standard","has-post-thumbnail","hentry","category-aktualnosci"],"_links":{"self":[{"href":"https:\/\/www.rodzinaravensbruck.pl\/index.php\/wp-json\/wp\/v2\/posts\/2403","targetHints":{"allow":["GET"]}}],"collection":[{"href":"https:\/\/www.rodzinaravensbruck.pl\/index.php\/wp-json\/wp\/v2\/posts"}],"about":[{"href":"https:\/\/www.rodzinaravensbruck.pl\/index.php\/wp-json\/wp\/v2\/types\/post"}],"author":[{"embeddable":true,"href":"https:\/\/www.rodzinaravensbruck.pl\/index.php\/wp-json\/wp\/v2\/users\/1"}],"replies":[{"embeddable":true,"href":"https:\/\/www.rodzinaravensbruck.pl\/index.php\/wp-json\/wp\/v2\/comments?post=2403"}],"version-history":[{"count":3,"href":"https:\/\/www.rodzinaravensbruck.pl\/index.php\/wp-json\/wp\/v2\/posts\/2403\/revisions"}],"predecessor-version":[{"id":4644,"href":"https:\/\/www.rodzinaravensbruck.pl\/index.php\/wp-json\/wp\/v2\/posts\/2403\/revisions\/4644"}],"wp:featuredmedia":[{"embeddable":true,"href":"https:\/\/www.rodzinaravensbruck.pl\/index.php\/wp-json\/wp\/v2\/media\/2404"}],"wp:attachment":[{"href":"https:\/\/www.rodzinaravensbruck.pl\/index.php\/wp-json\/wp\/v2\/media?parent=2403"}],"wp:term":[{"taxonomy":"category","embeddable":true,"href":"https:\/\/www.rodzinaravensbruck.pl\/index.php\/wp-json\/wp\/v2\/categories?post=2403"},{"taxonomy":"post_tag","embeddable":true,"href":"https:\/\/www.rodzinaravensbruck.pl\/index.php\/wp-json\/wp\/v2\/tags?post=2403"}],"curies":[{"name":"wp","href":"https:\/\/api.w.org\/{rel}","templated":true}]}}