{"id":2454,"date":"2021-02-19T22:31:50","date_gmt":"2021-02-19T21:31:50","guid":{"rendered":"http:\/\/www.rodzinaravensbruck.pl\/?p=2454"},"modified":"2022-04-02T11:45:33","modified_gmt":"2022-04-02T09:45:33","slug":"harcerki-z-ravensbruck","status":"publish","type":"post","link":"https:\/\/www.rodzinaravensbruck.pl\/index.php\/2021\/02\/19\/harcerki-z-ravensbruck\/","title":{"rendered":"Harcerki z Ravensbr\u00fcck"},"content":{"rendered":"<p>W lutym 2021 roku ukaza\u0142a si\u0119 na rynku wydawniczym bardzo wa\u017cna pozycja: \u201eHarcerki z Ravensbr\u00fcck\u201d autorstwa Anny Kwiatkowskiej-Biedy, Wydawnictwo: Bellona, Warszawa, 582 strony, bogata bibliografia, na kt\u00f3r\u0105 sk\u0142adaj\u0105 si\u0119 ksi\u0105\u017cki, Materia\u0142y z Archiwum Muzeum Harcerstwa, artyku\u0142y.<!--more--><\/p>\n<p>Jest to historia jedynej funkcjonuj\u0105cej w czasie II wojny \u015bwiatowej dru\u017cyny harcerskiej powsta\u0142ej i dzia\u0142aj\u0105cej w niemieckim obozie koncentracyjnym w Ravensbr\u00fcck \u2013 fenomen na skal\u0119 \u015bwiatow\u0105. Tajna dru\u017cyna harcerska \u201eMury\u201d powsta\u0142a w 1941 roku z inicjatywy wi\u0119\u017aniarek, kt\u00f3re w okresie przedwojennym by\u0142y w wi\u0119kszo\u015bci harcerkami. Sk\u0142ada\u0142a si\u0119 z 7 zast\u0119p\u00f3w: <em>Ceg\u0142y, Cementy, Fundamenty, Kamienie, Kielnie, Wody, \u017bwiry.<\/em> Za\u0142o\u017cycielkami by\u0142y: J\u00f3zefa Kantor (<a href=\"https:\/\/www.rodzinaravensbruck.pl\/index.php\/2020\/09\/04\/jozefa-kantor-nr-obozowy-7621\/\">https:\/\/www.rodzinaravensbruck.pl\/index.php\/2020\/09\/04\/jozefa-kantor-nr-obozowy-7621\/<\/a>) &#8211; cz\u0142onek Komendy Chor\u0105gwi \u015al\u0105skiej (dru\u017cynowa), Maria Rydarowska &#8211; hufcowa z Gorlic oraz Zofia Janczy &#8211; hufcowa z Nowego S\u0105cza, wi\u0119\u017aniarki z drugiego Sondertransportu z Tarnowa. Liczba cz\u0142onki\u0144 ulega\u0142a zmianom, stan liczbowy dru\u017cyny na dzie\u0144 1 kwietnia 1945 roku wynosi\u0142 102 harcerki. Dru\u017cyna mia\u0142a sztandar \u2013 proporzec 13. Warszawskiej Dru\u017cyny Harcerskiej, kt\u00f3ry zosta\u0142 znaleziony w\u015br\u00f3d rzeczy przywiezionych do obozu. Historia tego sztandaru jest niezwyk\u0142a: <a href=\"https:\/\/www.rodzinaravensbruck.pl\/index.php\/2017\/07\/15\/niezwykla-historia-sztandaru\/\">https:\/\/www.rodzinaravensbruck.pl\/index.php\/2017\/07\/15\/niezwykla-historia-sztandaru\/<\/a><\/p>\n<p>\u201eNie chcia\u0142y aby nazywa\u0107 je bohaterkami. Pomaga\u0142y by przetrwa\u0107 i pomaga\u0107 innym\u201d<\/p>\n<p>Ksi\u0105\u017cka jest dost\u0119pna w bibliotece Stowarzyszenia.<\/p>\n<p>El\u017cbieta Kuta<\/p>\n","protected":false},"excerpt":{"rendered":"<p>W lutym 2021 roku ukaza\u0142a si\u0119 na rynku wydawniczym bardzo wa\u017cna pozycja: \u201eHarcerki z Ravensbr\u00fcck\u201d autorstwa Anny Kwiatkowskiej-Biedy, Wydawnictwo: Bellona, Warszawa, 582 strony, bogata bibliografia, na kt\u00f3r\u0105 sk\u0142adaj\u0105 si\u0119 ksi\u0105\u017cki, Materia\u0142y z Archiwum Muzeum Harcerstwa, artyku\u0142y.<\/p>\n","protected":false},"author":1,"featured_media":2455,"comment_status":"closed","ping_status":"open","sticky":false,"template":"","format":"standard","meta":{"ngg_post_thumbnail":0,"footnotes":""},"categories":[70],"tags":[],"class_list":["post-2454","post","type-post","status-publish","format-standard","has-post-thumbnail","hentry","category-bibliografia"],"_links":{"self":[{"href":"https:\/\/www.rodzinaravensbruck.pl\/index.php\/wp-json\/wp\/v2\/posts\/2454","targetHints":{"allow":["GET"]}}],"collection":[{"href":"https:\/\/www.rodzinaravensbruck.pl\/index.php\/wp-json\/wp\/v2\/posts"}],"about":[{"href":"https:\/\/www.rodzinaravensbruck.pl\/index.php\/wp-json\/wp\/v2\/types\/post"}],"author":[{"embeddable":true,"href":"https:\/\/www.rodzinaravensbruck.pl\/index.php\/wp-json\/wp\/v2\/users\/1"}],"replies":[{"embeddable":true,"href":"https:\/\/www.rodzinaravensbruck.pl\/index.php\/wp-json\/wp\/v2\/comments?post=2454"}],"version-history":[{"count":1,"href":"https:\/\/www.rodzinaravensbruck.pl\/index.php\/wp-json\/wp\/v2\/posts\/2454\/revisions"}],"predecessor-version":[{"id":2456,"href":"https:\/\/www.rodzinaravensbruck.pl\/index.php\/wp-json\/wp\/v2\/posts\/2454\/revisions\/2456"}],"wp:featuredmedia":[{"embeddable":true,"href":"https:\/\/www.rodzinaravensbruck.pl\/index.php\/wp-json\/wp\/v2\/media\/2455"}],"wp:attachment":[{"href":"https:\/\/www.rodzinaravensbruck.pl\/index.php\/wp-json\/wp\/v2\/media?parent=2454"}],"wp:term":[{"taxonomy":"category","embeddable":true,"href":"https:\/\/www.rodzinaravensbruck.pl\/index.php\/wp-json\/wp\/v2\/categories?post=2454"},{"taxonomy":"post_tag","embeddable":true,"href":"https:\/\/www.rodzinaravensbruck.pl\/index.php\/wp-json\/wp\/v2\/tags?post=2454"}],"curies":[{"name":"wp","href":"https:\/\/api.w.org\/{rel}","templated":true}]}}