{"id":2469,"date":"2021-03-16T00:41:30","date_gmt":"2021-03-15T23:41:30","guid":{"rendered":"http:\/\/www.rodzinaravensbruck.pl\/?p=2469"},"modified":"2021-03-16T00:41:30","modified_gmt":"2021-03-15T23:41:30","slug":"helena-janina-krolikowska-z-d-sobotka-1925-2021","status":"publish","type":"post","link":"https:\/\/www.rodzinaravensbruck.pl\/index.php\/2021\/03\/16\/helena-janina-krolikowska-z-d-sobotka-1925-2021\/","title":{"rendered":"Helena Janina Kr\u00f3likowska z d. Sob\u00f3tka 1925-2021"},"content":{"rendered":"<p>3 marca 2021 r. odesz\u0142a na wieczn\u0105 wart\u0119 Helena Janina Kr\u00f3likowska z d. Sob\u00f3tka. Sanitariuszka i \u0142\u0105czniczka Powstania Warszawskiego 1944 r.\u00a0 ps. \u201eLena\u201d, \u201eKr\u00f3lewna\u201d.<\/p>\n<p><!--more-->Urodzi\u0142a si\u0119 6 maja 1925 r. w Warszawie. Mieszka\u0142a przy ul. Freta 40 (Rynek Nowego Miasta). Od stycznia 1942 r.\u00a0 do sierpnia 1944 r., harcerka \u201eSzarych Szereg\u00f3w\u201d 19 Warszawskiej Dru\u017cyny Harcerskiej im. Emilii Plater (dru\u017cynow\u0105 Alicja Grabowska ps. \u201eMalutka\u201d). W Powstaniu od 1 do 31 sierpnia 1944 r. s\u0142u\u017cy\u0142a na Starym Mie\u015bcie. Z Pruszkowa (Dulag 121) zabrana wraz z matk\u0105 do niemieckiego obozu koncentracyjnego Ravensbr\u00fcck. Wi\u0119ziona od 4 wrze\u015bnia 1944 r. do 25 kwietnia 1945 r. (numer obozowy 63 440). 25 kwietnia 1945 r. uratowana przez Szwedzki Czerwony Krzy\u017c, z inicjatywy hrabiego Folke Bernadotte, i zabrana pierwszym transportem, bia\u0142ymi autobusami, do Danii. Nast\u0119pnie z Kopenhagi okr\u0119tem do Szwecji (Malm\u00f6). Powr\u00f3ci\u0142a do Warszawy w pa\u017adzierniku 1945 roku.<\/p>\n<p>Po wojnie pracowa\u0142a jako starszy radca w Departamencie Kadr Ministerstwa Rolnictwa, nast\u0119pnie jako kierownik kadr Pa\u0144stwowych Tor\u00f3w Wy\u015bcig\u00f3w Konnych.<\/p>\n<p>Odznaczona: Odznaka Weterana Walk o Niepodleg\u0142o\u015b\u0107, \u00a0Krzy\u017c O\u015bwi\u0119cimski, Srebrny Krzy\u017c Zas\u0142ugi, Krzy\u017c Kawalerski Orderu Odrodzenia Polski, Z\u0142ota Odznaka Honorowa<br \/>\nza zas\u0142ugi dla Warszawy.<\/p>\n","protected":false},"excerpt":{"rendered":"<p>3 marca 2021 r. odesz\u0142a na wieczn\u0105 wart\u0119 Helena Janina Kr\u00f3likowska z d. Sob\u00f3tka. Sanitariuszka i \u0142\u0105czniczka Powstania Warszawskiego 1944 r.\u00a0 ps. \u201eLena\u201d, \u201eKr\u00f3lewna\u201d.<\/p>\n","protected":false},"author":1,"featured_media":2470,"comment_status":"closed","ping_status":"open","sticky":false,"template":"","format":"standard","meta":{"ngg_post_thumbnail":0,"footnotes":""},"categories":[67],"tags":[],"class_list":["post-2469","post","type-post","status-publish","format-standard","has-post-thumbnail","hentry","category-pamietamy"],"_links":{"self":[{"href":"https:\/\/www.rodzinaravensbruck.pl\/index.php\/wp-json\/wp\/v2\/posts\/2469","targetHints":{"allow":["GET"]}}],"collection":[{"href":"https:\/\/www.rodzinaravensbruck.pl\/index.php\/wp-json\/wp\/v2\/posts"}],"about":[{"href":"https:\/\/www.rodzinaravensbruck.pl\/index.php\/wp-json\/wp\/v2\/types\/post"}],"author":[{"embeddable":true,"href":"https:\/\/www.rodzinaravensbruck.pl\/index.php\/wp-json\/wp\/v2\/users\/1"}],"replies":[{"embeddable":true,"href":"https:\/\/www.rodzinaravensbruck.pl\/index.php\/wp-json\/wp\/v2\/comments?post=2469"}],"version-history":[{"count":1,"href":"https:\/\/www.rodzinaravensbruck.pl\/index.php\/wp-json\/wp\/v2\/posts\/2469\/revisions"}],"predecessor-version":[{"id":2471,"href":"https:\/\/www.rodzinaravensbruck.pl\/index.php\/wp-json\/wp\/v2\/posts\/2469\/revisions\/2471"}],"wp:featuredmedia":[{"embeddable":true,"href":"https:\/\/www.rodzinaravensbruck.pl\/index.php\/wp-json\/wp\/v2\/media\/2470"}],"wp:attachment":[{"href":"https:\/\/www.rodzinaravensbruck.pl\/index.php\/wp-json\/wp\/v2\/media?parent=2469"}],"wp:term":[{"taxonomy":"category","embeddable":true,"href":"https:\/\/www.rodzinaravensbruck.pl\/index.php\/wp-json\/wp\/v2\/categories?post=2469"},{"taxonomy":"post_tag","embeddable":true,"href":"https:\/\/www.rodzinaravensbruck.pl\/index.php\/wp-json\/wp\/v2\/tags?post=2469"}],"curies":[{"name":"wp","href":"https:\/\/api.w.org\/{rel}","templated":true}]}}