{"id":2522,"date":"2021-05-02T00:23:47","date_gmt":"2021-05-01T22:23:47","guid":{"rendered":"http:\/\/www.rodzinaravensbruck.pl\/?p=2522"},"modified":"2021-05-02T21:06:27","modified_gmt":"2021-05-02T19:06:27","slug":"pamiec-o-ofiarach-niemieckich-obozow-koncentracyjnych-ravensbruck-sachsenhausen-dachau-trwa","status":"publish","type":"post","link":"https:\/\/www.rodzinaravensbruck.pl\/index.php\/2021\/05\/02\/pamiec-o-ofiarach-niemieckich-obozow-koncentracyjnych-ravensbruck-sachsenhausen-dachau-trwa\/","title":{"rendered":"Pami\u0119\u0107 o ofiarach niemieckich oboz\u00f3w koncentracyjnych Ravensbr\u00fcck, Sachsenhausen, Dachau trwa"},"content":{"rendered":"<p>30 kwietnia 2021 r. odby\u0142y si\u0119 w Krakowie uroczysto\u015bci upami\u0119tniaj\u0105ce.<\/p>\n<p>O godz. 16:00 z\u0142o\u017cono kwiaty pod tablic\u0105 upami\u0119tniaj\u0105c\u0105 miejsca martyrologii Polak\u00f3w znajduj\u0105c\u0105 si\u0119 pod D\u0119bem Wolno\u015bci przed Collegium Novum Uniwersytetu Jagiello\u0144skiego. Wielu Profesor\u00f3w Uniwersytetu Jagiello\u0144skiego w akcji pacyfikacyjnej Sonderaktion Krakau przeprowadzonej przez Niemc\u00f3w 6 listopada 1939 roku w Krakowie zosta\u0142o wywiezionych do niemieckich oboz\u00f3w koncentracyjnych.<!--more--><\/p>\n<p>W\u015br\u00f3d os\u00f3b uczestnicz\u0105cych byli m. in.: prorektor UJ prof. Piotr Jedynak, dziekan Wydzia\u0142u Historii Stanis\u0142aw Sroka, sekretarz stanu w Ministerstwie Nauki i Szkolnictwa Wy\u017cszego &#8211; W\u0142odzimierz Bernacki, Wojewoda Ma\u0142opolski &#8211; \u0141ukasz Kmita, dyrektor krakowskiego IPN &#8211; prof. Filip Musia\u0142, pp\u0142k Janusz Kamocki \u201eMamut\u201d, \u017co\u0142nierz AK i wi\u0119zie\u0144 polityczny w czasach stalinowskich oraz pp\u0142k W\u0142odzimierz Wowa-Brodecki, przewodnicz\u0105cy \u015brodowiska 27. Wo\u0142y\u0144skiej Dywizji Piechoty AK w Krakowie oraz organizatorzy uroczysto\u015bci prof. El\u017cbieta Kuta, prezes Stowarzyszenia &#8222;Rodzina Wi\u0119\u017aniarek Niemieckiego Obozu Koncentracyjnego Ravensbr\u00fcck&#8221; i Maciej Krzy\u017canowski, przedstawiciel Stowarzyszenia Ne Cedat Academia. Kwiaty z\u0142o\u017cy\u0142a r\u00f3wnie\u017c Natalia Tu\u0142asiewicz-Wala, krewna b\u0142ogos\u0142awionej Natalii Tu\u0142asiewicz, wi\u0119\u017aniarki KL Ravensbr\u00fcck, kt\u00f3ra zgin\u0119\u0142a w komorze gazowej 31 marca 1945 r.<\/p>\n<p><a href=\"https:\/\/www.rodzinaravensbruck.pl\/wp-content\/uploads\/2021\/05\/przed-Collegium-Novum_30.04.2021.jpg\"><img loading=\"lazy\" decoding=\"async\" class=\"size-full wp-image-2525\" src=\"https:\/\/www.rodzinaravensbruck.pl\/wp-content\/uploads\/2021\/05\/przed-Collegium-Novum_30.04.2021.jpg\" alt=\"\" width=\"650\" height=\"433\" srcset=\"https:\/\/www.rodzinaravensbruck.pl\/wp-content\/uploads\/2021\/05\/przed-Collegium-Novum_30.04.2021.jpg 650w, https:\/\/www.rodzinaravensbruck.pl\/wp-content\/uploads\/2021\/05\/przed-Collegium-Novum_30.04.2021-300x200.jpg 300w\" sizes=\"auto, (max-width: 650px) 100vw, 650px\" \/><\/a><\/p>\n<p>O godz. 17:30 zosta\u0142a odprawiona msza \u015bw. przed Konfesj\u0105 \u015bw. Stanis\u0142awa Biskupa i M\u0119czennika w Katedrze na Wawelu w intencji Polek i Polak\u00f3w, ofiar niemieckich oboz\u00f3w koncentracyjnych Ravensbr\u00fcck, Sachsenhausen i Dachau. Eucharysti\u0119 celebrowa\u0142 Ksi\u0105dz Biskup Jan Zaj\u0105c. Homili\u0119 wyg\u0142osi\u0142 Ksi\u0105dz prof. dr hab. Robert Tyra\u0142a, Rektor Uniwersytetu Papieskiego Jana Paw\u0142a II w Krakowie. W swojej homilii m\u00f3wi\u0142 o \u017cyj\u0105cych \u015awiadkach: <em>&#8222;Dzi\u0119kujemy im za to, \u017ce s\u0105 mi\u0119dzy nami jak znaki mi\u0142o\u015bci mimo wszystko. Mi\u0142o\u015bci, kt\u00f3ra wszystko zwyci\u0119\u017ca. Mi\u0142o\u015bci, kt\u00f3ra nie ustaje. My za\u015b \u017cyj\u0105cy tyle lat po tamtej tragedii m\u0119czonych ludzi, na kt\u00f3rych przeprowadzano medyczne do\u015bwiadczenia i kt\u00f3rym zgotowano piek\u0142o trudne do wyobra\u017cenia dzi\u0119kujemy za to, \u017ce pozostali sob\u0105, \u017ce ocalili swoj\u0105 dusz\u0119&#8221;<\/em>.<\/p>\n<p><a href=\"https:\/\/www.rodzinaravensbruck.pl\/wp-content\/uploads\/2021\/05\/Uniwersytet-Jagiellonski-pamieta-o-swoich-profesorach-scaled.jpg\"><img loading=\"lazy\" decoding=\"async\" class=\"aligncenter size-full wp-image-2523\" src=\"https:\/\/www.rodzinaravensbruck.pl\/wp-content\/uploads\/2021\/05\/Uniwersytet-Jagiellonski-pamieta-o-swoich-profesorach-scaled.jpg\" alt=\"\" width=\"2560\" height=\"1920\" srcset=\"https:\/\/www.rodzinaravensbruck.pl\/wp-content\/uploads\/2021\/05\/Uniwersytet-Jagiellonski-pamieta-o-swoich-profesorach-scaled.jpg 2560w, https:\/\/www.rodzinaravensbruck.pl\/wp-content\/uploads\/2021\/05\/Uniwersytet-Jagiellonski-pamieta-o-swoich-profesorach-300x225.jpg 300w, https:\/\/www.rodzinaravensbruck.pl\/wp-content\/uploads\/2021\/05\/Uniwersytet-Jagiellonski-pamieta-o-swoich-profesorach-1024x768.jpg 1024w, https:\/\/www.rodzinaravensbruck.pl\/wp-content\/uploads\/2021\/05\/Uniwersytet-Jagiellonski-pamieta-o-swoich-profesorach-768x576.jpg 768w, https:\/\/www.rodzinaravensbruck.pl\/wp-content\/uploads\/2021\/05\/Uniwersytet-Jagiellonski-pamieta-o-swoich-profesorach-1536x1152.jpg 1536w, https:\/\/www.rodzinaravensbruck.pl\/wp-content\/uploads\/2021\/05\/Uniwersytet-Jagiellonski-pamieta-o-swoich-profesorach-2048x1536.jpg 2048w\" sizes=\"auto, (max-width: 706px) 89vw, (max-width: 767px) 82vw, 740px\" \/><\/a><\/p>\n<p>Od roku 2020, 30 kwietnia, w rocznic\u0119 wyzwolenia oboz\u00f3w, w intencji ofiar niemieckich oboz\u00f3w koncentracyjnych Ravensbr\u00fcck, Sachsenhausen i Dachau odbywaj\u0105 si\u0119 w Krakowie uroczysto\u015bci upami\u0119tniaj\u0105ce Martyrologi\u0119 Narodu Polskiego: z\u0142o\u017cenie kwiat\u00f3w przy tablicy przed Collegium Novum Uniwersytetu Jagiello\u0144skiego, odprawiana jest msza \u015bw. w Katedrze na Wawelu. Organizatorami uroczysto\u015bci s\u0105 dwa stowarzyszenia: Ne Cedad Academia i Rodzina Wi\u0119\u017aniarek Niemieckiego Obozu Koncentracyjnego Ravensbr\u00fcck, kt\u00f3rych celem nadrz\u0119dnym jest aby pami\u0119\u0107 o ofiarach niemieckich oboz\u00f3w koncentracyjnych Ravensbr\u00fcck, Sachsenhausen i Dachau, o tych dzielnych Polkach i Polakach by\u0142a przekazywana nast\u0119pnym pokoleniom, aby echo Ich g\u0142os\u00f3w nigdy nie zamilk\u0142o.<\/p>\n<p><a href=\"https:\/\/www.rodzinaravensbruck.pl\/wp-content\/uploads\/2021\/05\/kwiaty-przy-tablicy-upamietniajacej-30.04.2021-scaled.jpg\"><img loading=\"lazy\" decoding=\"async\" class=\"aligncenter size-full wp-image-2524\" src=\"https:\/\/www.rodzinaravensbruck.pl\/wp-content\/uploads\/2021\/05\/kwiaty-przy-tablicy-upamietniajacej-30.04.2021-scaled.jpg\" alt=\"\" width=\"2560\" height=\"1920\" srcset=\"https:\/\/www.rodzinaravensbruck.pl\/wp-content\/uploads\/2021\/05\/kwiaty-przy-tablicy-upamietniajacej-30.04.2021-scaled.jpg 2560w, https:\/\/www.rodzinaravensbruck.pl\/wp-content\/uploads\/2021\/05\/kwiaty-przy-tablicy-upamietniajacej-30.04.2021-300x225.jpg 300w, https:\/\/www.rodzinaravensbruck.pl\/wp-content\/uploads\/2021\/05\/kwiaty-przy-tablicy-upamietniajacej-30.04.2021-1024x768.jpg 1024w, https:\/\/www.rodzinaravensbruck.pl\/wp-content\/uploads\/2021\/05\/kwiaty-przy-tablicy-upamietniajacej-30.04.2021-768x576.jpg 768w, https:\/\/www.rodzinaravensbruck.pl\/wp-content\/uploads\/2021\/05\/kwiaty-przy-tablicy-upamietniajacej-30.04.2021-1536x1152.jpg 1536w, https:\/\/www.rodzinaravensbruck.pl\/wp-content\/uploads\/2021\/05\/kwiaty-przy-tablicy-upamietniajacej-30.04.2021-2048x1536.jpg 2048w\" sizes=\"auto, (max-width: 706px) 89vw, (max-width: 767px) 82vw, 740px\" \/><\/a><\/p>\n<p>Przed rozpocz\u0119ciem mszy \u015bw. zosta\u0142 odczytany wiersz El\u017cbiety Popowskiej de domo Plater-Zyberk, kt\u00f3ra by\u0142a wi\u0119\u017aniark\u0105 niemieckich oboz\u00f3w koncentracyjnych: Majdanek, Ravensbr\u00fcck, obozu zag\u0142ady Bergen \u2013Belsen. We wspomnieniach wi\u0119\u017aniarek by\u0142a wspania\u0142ym cz\u0142owiekiem, wielk\u0105 Polk\u0105 \u2013 patriotk\u0105, ale przede wszystkim osob\u0105 o g\u0142\u0119bokiej wierze, pe\u0142nej ufno\u015bci w Opatrzno\u015b\u0107 i Mi\u0142osierdzie Bo\u017ce, czemu da\u0142a wyraz w swoich wierszach.<\/p>\n<p><span style=\"font-family: times new roman, times, serif; font-size: 14pt;\"><em><strong>Panno \u015awi\u0119ta (napisany w Ravensbr\u00fcck)<\/strong><br \/>\n<\/em><\/span><span style=\"font-family: times new roman, times, serif; font-size: 14pt;\"><em>Panno \u015awi\u0119ta co Jasnej bronisz Cz\u0119stochowy<br \/>\n<\/em><\/span><span style=\"font-family: times new roman, times, serif; font-size: 14pt;\"><em>I w Ostrej \u015bwiecisz Bramie ! My lud obozowy<br \/>\n<\/em><\/span><span style=\"font-family: times new roman, times, serif; font-size: 14pt;\"><em>Zwracamy si\u0119 do Ciebie dusz\u0105 ut\u0119sknion\u0105<br \/>\n<\/em><\/span><span style=\"font-family: times new roman, times, serif; font-size: 14pt;\"><em>Kr\u00f3lowo Ziemi naszej, b\u0105d\u017a nasz\u0105 Obron\u0105 !<br \/>\n<\/em><\/span><span style=\"font-family: times new roman, times, serif; font-size: 14pt;\"><em>Pocieszycielko smutnych, s\u0142abych wspomo\u017cenie<br \/>\n<\/em><\/span><span style=\"font-family: times new roman, times, serif; font-size: 14pt;\"><em>Nie daj si\u0119 nam za\u0142ama\u0107 ! Niech jasne promienie<br \/>\n<\/em><\/span><span style=\"font-family: times new roman, times, serif; font-size: 14pt;\"><em>Kt\u00f3re z r\u0105k Twych naj\u015bwi\u0119tszych \u015bwiat\u0142o wok\u00f3\u0142 siej\u0105<br \/>\n<\/em><\/span><span style=\"font-family: times new roman, times, serif; font-size: 14pt;\"><em>B\u0119d\u0105 nam moc\u0105 Wiary, b\u0119d\u0105 nam Nadziej\u0105<br \/>\n<\/em><\/span><span style=\"font-family: times new roman, times, serif; font-size: 14pt;\"><em>Niech w nas ogie\u0144 gor\u0105cej Mi\u0142o\u015bci rozpal\u0105 !<br \/>\n<\/em><\/span><span style=\"font-family: times new roman, times, serif; font-size: 14pt;\"><em>Cierpmy cicho, odwa\u017cnie ! Niechaj si\u0119 nie \u017cal\u0105<br \/>\n<\/em><\/span><span style=\"font-family: times new roman, times, serif; font-size: 14pt;\"><em>Serca nasze w\u015br\u00f3d smutk\u00f3w i udr\u0119k ogromu &#8230;<br \/>\n<\/em><\/span><span style=\"font-family: times new roman, times, serif; font-size: 14pt;\"><em>Zas\u0142u\u017cmy cierpliwo\u015bci\u0105 na powr\u00f3t do domu ! ..<\/em><\/span><\/p>\n<p>El\u017cbieta Kuta<\/p>\n<p>Informacje i galerie zdj\u0119\u0107 na stronach:<\/p>\n<p><a href=\"https:\/\/ipn.gov.pl\/pl\/aktualnosci\/143150,W-76-rocznice-wyzwolenia-KL-Ravensbrck-w-Krakowie-oddano-hold-ofiarom-niemieckic.html\">https:\/\/ipn.gov.pl\/pl\/aktualnosci\/143150,W-76-rocznice-wyzwolenia-KL-Ravensbrck-w-Krakowie-oddano-hold-ofiarom-niemieckic.html<\/a><\/p>\n<p><a href=\"https:\/\/www.wnp.pl\/parlamentarny\/spoleczenstwo\/w-krakowie-upamietniono-ofiary-obozow-koncentracyjnych-ravensbruck-sachsenhausen-i-dachau,139341.html\">https:\/\/www.wnp.pl\/parlamentarny\/spoleczenstwo\/w-krakowie-upamietniono-ofiary-obozow-koncentracyjnych-ravensbruck-sachsenhausen-i-dachau,139341.html<\/a><\/p>\n<p><a href=\"https:\/\/krakow.tvp.pl\/53585573\/w-krakowie-upamietniono-ofiary-obozow-koncentracyjnych\">https:\/\/krakow.tvp.pl\/53585573\/w-krakowie-upamietniono-ofiary-obozow-koncentracyjnych<\/a><\/p>\n<p><a href=\"https:\/\/www.radiomaryja.pl\/informacje\/w-krakowie-upamietniono-ofiary-obozow-koncentracyjnych-ravensbruck-sachsenhausen-i-dachau\/\">https:\/\/www.radiomaryja.pl\/informacje\/w-krakowie-upamietniono-ofiary-obozow-koncentracyjnych-ravensbruck-sachsenhausen-i-dachau\/<\/a><\/p>\n<p><a href=\"https:\/\/dziennikpolski24.pl\/kwiaty-pod-debem-wolnosci-upamietniono-ofiary-obozow-koncentracyjnych\/ar\/c1-15589490\">https:\/\/dziennikpolski24.pl\/kwiaty-pod-debem-wolnosci-upamietniono-ofiary-obozow-koncentracyjnych\/ar\/c1-15589490<\/a><\/p>\n<p><a href=\"https:\/\/dziennikpolski24.pl\/kwiaty-pod-debem-wolnosci-upamietniono-ofiary-obozow-koncentracyjnych\/ga\/c1-15589490\/zd\/49271178\">https:\/\/dziennikpolski24.pl\/kwiaty-pod-debem-wolnosci-upamietniono-ofiary-obozow-koncentracyjnych\/ga\/c1-15589490\/zd\/49271178<\/a><\/p>\n<p>&nbsp;<\/p>\n","protected":false},"excerpt":{"rendered":"<p>30 kwietnia 2021 r. odby\u0142y si\u0119 w Krakowie uroczysto\u015bci upami\u0119tniaj\u0105ce. O godz. 16:00 z\u0142o\u017cono kwiaty pod tablic\u0105 upami\u0119tniaj\u0105c\u0105 miejsca martyrologii Polak\u00f3w znajduj\u0105c\u0105 si\u0119 pod D\u0119bem Wolno\u015bci przed Collegium Novum Uniwersytetu Jagiello\u0144skiego. Wielu Profesor\u00f3w Uniwersytetu Jagiello\u0144skiego w akcji pacyfikacyjnej Sonderaktion Krakau przeprowadzonej przez Niemc\u00f3w 6 listopada 1939 roku w Krakowie zosta\u0142o wywiezionych do niemieckich oboz\u00f3w koncentracyjnych.<\/p>\n","protected":false},"author":1,"featured_media":2524,"comment_status":"closed","ping_status":"open","sticky":false,"template":"","format":"standard","meta":{"ngg_post_thumbnail":0,"footnotes":""},"categories":[4],"tags":[],"class_list":["post-2522","post","type-post","status-publish","format-standard","has-post-thumbnail","hentry","category-aktualnosci"],"_links":{"self":[{"href":"https:\/\/www.rodzinaravensbruck.pl\/index.php\/wp-json\/wp\/v2\/posts\/2522","targetHints":{"allow":["GET"]}}],"collection":[{"href":"https:\/\/www.rodzinaravensbruck.pl\/index.php\/wp-json\/wp\/v2\/posts"}],"about":[{"href":"https:\/\/www.rodzinaravensbruck.pl\/index.php\/wp-json\/wp\/v2\/types\/post"}],"author":[{"embeddable":true,"href":"https:\/\/www.rodzinaravensbruck.pl\/index.php\/wp-json\/wp\/v2\/users\/1"}],"replies":[{"embeddable":true,"href":"https:\/\/www.rodzinaravensbruck.pl\/index.php\/wp-json\/wp\/v2\/comments?post=2522"}],"version-history":[{"count":5,"href":"https:\/\/www.rodzinaravensbruck.pl\/index.php\/wp-json\/wp\/v2\/posts\/2522\/revisions"}],"predecessor-version":[{"id":2530,"href":"https:\/\/www.rodzinaravensbruck.pl\/index.php\/wp-json\/wp\/v2\/posts\/2522\/revisions\/2530"}],"wp:featuredmedia":[{"embeddable":true,"href":"https:\/\/www.rodzinaravensbruck.pl\/index.php\/wp-json\/wp\/v2\/media\/2524"}],"wp:attachment":[{"href":"https:\/\/www.rodzinaravensbruck.pl\/index.php\/wp-json\/wp\/v2\/media?parent=2522"}],"wp:term":[{"taxonomy":"category","embeddable":true,"href":"https:\/\/www.rodzinaravensbruck.pl\/index.php\/wp-json\/wp\/v2\/categories?post=2522"},{"taxonomy":"post_tag","embeddable":true,"href":"https:\/\/www.rodzinaravensbruck.pl\/index.php\/wp-json\/wp\/v2\/tags?post=2522"}],"curies":[{"name":"wp","href":"https:\/\/api.w.org\/{rel}","templated":true}]}}