{"id":2531,"date":"2021-05-08T17:34:35","date_gmt":"2021-05-08T15:34:35","guid":{"rendered":"http:\/\/www.rodzinaravensbruck.pl\/?p=2531"},"modified":"2021-05-08T17:46:02","modified_gmt":"2021-05-08T15:46:02","slug":"szanowni-panstwo-rodziny-i-przyjaciele-wiezniarek-fkl-ravensbruck","status":"publish","type":"post","link":"https:\/\/www.rodzinaravensbruck.pl\/index.php\/2021\/05\/08\/szanowni-panstwo-rodziny-i-przyjaciele-wiezniarek-fkl-ravensbruck\/","title":{"rendered":"Szanowni Pa\u0144stwo, Rodziny i Przyjaciele wi\u0119\u017aniarek FKL Ravensbruck,"},"content":{"rendered":"<p>Serdecznie zapraszam na nasz\u0105 coroczn\u0105 pielgrzymk\u0119 na Jasn\u0105 G\u00f3r\u0119 w sobot\u0119 22 maja 2021 r. B\u0119dzie to bardzo wa\u017cna uroczysto\u015b\u0107, na kt\u00f3rej wr\u0119czymy nasze wotum \u2013 dar rodzin i przyjaci\u00f3\u0142 by\u0142ych wi\u0119\u017aniarek obozu, z podzi\u0119kowaniem za \u015bwiadectwo Ich \u017cycia w duchu wiary i warto\u015bci.<!--more--><\/p>\n<p>Wotum, pi\u0119kna r\u00f3\u017ca z alabastru, pod\u015bwietlona,\u00a0 podtrzymuj\u0105ca\u00a0 naczynie, w kt\u00f3rym znajduje si\u0119 ziemia z prochami rozstrzelanych kobiet i dziewcz\u0105t zebrana na cmentarzu w \u00a0F\u00fcrstenbergu Havel. Wotum zosta\u0142o wykonane przez artystk\u0119, Aleksandr\u0119 Kann-Bogomilsk\u0105, c\u00f3rk\u0119 by\u0142ej wi\u0119\u017aniarki KL Ravensbr\u00fcck \u015bp. Zofii\u00a0 Poci\u0142owskiej-Kann.<\/p>\n<div id=\"grid-gallery-45-83608\" data-gg-id=\"45\" data-title=\"Wotum\" data-grid-type=\"0\" data-offset=\"5.3\" data-area-position=\"center\" data-icons=\"\" data-preloader=\"true\" data-width=\"215\" data-height=\"215\" data-padding=\"0\" data-quicksand=\"disabled\" data-quicksand-duration=\"none\" data-popup-theme=\"theme_6\" data-popup-type=\"pretty-photo\" data-popup-image-text=\"data-description\" data-popup-widthsize=\"auto\" data-popup-heightsize=\"auto\" data-popup-i18n-words=\"{&quot;close&quot;:&quot;close&quot;,&quot;next&quot;:&quot;next&quot;,&quot;previous&quot;:&quot;previous&quot;,&quot;start_slideshow&quot;:&quot;start slideshow&quot;,&quot;stop_slideshow&quot;:&quot;stop slideshow&quot;,&quot;image&quot;:&quot;image&quot;,&quot;of&quot;:&quot;of&quot;,&quot;prev&quot;:&quot;prev&quot;,&quot;cExpand&quot;:&quot;Expand&quot;,&quot;cPrevious&quot;:&quot;Previous&quot;,&quot;cNext&quot;:&quot;Next&quot;,&quot;cExpandStr&quot;:&quot;Expand the image&quot;,&quot;cRotate&quot;:&quot;Rotate&quot;,&quot;cDetails&quot;:&quot;Details&quot;}\" data-popup-slideshow=\"false\" data-popup-slideshow-speed=\"2500\" data-popup-hoverstop=\"true\" data-popup-slideshow-auto=\"false\" data-popup-background=\"\" data-popup-transparency=\"30\" data-popup-disable-history=\"\" data-popup-disable-changed-url=\"\" data-popup-border-type=\"solid\" data-popup-border-color=\"\" data-popup-border-width=\"\" data-popup-border-enable=\"\" data-fullscreen=\"false\" data-hide-tooltip=\"false\" data-caption-font-family=\"Default\" data-caption-text-size=\"140\" data-is-mobile=\"0\" data-caption-mobile=\"false\" data-hide-long-tltp-title=\"0\" data-caption-disabled-on-mobile=\"false\" data-popup-placement-type=\"0\" data-social-sharing=\"{&quot;enabled&quot;:&quot;&quot;,&quot;gallerySharing&quot;:{&quot;enabled&quot;:null,&quot;position&quot;:null},&quot;imageSharing&quot;:{&quot;enabled&quot;:null,&quot;wrapperClass&quot;:&quot; vertical &quot;},&quot;popupSharing&quot;:{&quot;enabled&quot;:null,&quot;wrapperClass&quot;:&quot; vertical &quot;}}\" class=\"grid-gallery grid-gallery-fixed \" style=\" width:100%; height:auto; margin-left:auto; margin-right:auto;position:relative;\"> <div class=\"gallery-loading\"> <div class=\"blocks\"> <div class=\"block\"><\/div> <div class=\"block\"><\/div> <div class=\"block\"><\/div> <div class=\"block\"><\/div> <\/div> <\/div> <div class=\"gallery-sharing-top\" style=\"display:none;\"> <\/div> <div id=\"photos-45\" class=\"grid-gallery-photos\"><FIGURE class=\"grid-gallery-caption\" data-grid-gallery-type=\"quarter-slide-up\" data-index=\"0\" style=\"display:none;border-radius:00;; margin:5.3px; width:2150;\" ><div class=\"crop\" style=\" width:2150; height:2150; overflow:hidden;\"><img decoding=\"async\" src=\"http:\/\/www.rodzinaravensbruck.pl\/wp-content\/uploads\/2021\/05\/Pomnik-na-cmentarzu-w-Furstenbergu-Havel-215x215.jpg\" class=\"ggImg\" alt=\"Pomnik na cmentarzu w F\u00fcrstenbergu Havel\" title=\"Pomnik na cmentarzu w F\u00fcrstenbergu Havel\" data-description=\"Pomnik na cmentarzu w F\u00fcrstenbergu Havel\" data-caption=\"Pomnik na cmentarzu w F\u00fcrstenbergu Havel\" data-title=\"Pomnik na cmentarzu w F\u00fcrstenbergu Havel\" style=\" width:215px; height:215px;\" \/><\/div><FIGCAPTION class=\"\" data-alpha=\"5\" style=\"color:#ffffff; background-color:#6f0000; font-size:140; text-align:left; font-family:Default;\" ><div class=\"grid-gallery-figcaption-wrap\" style=\"\"><\/div><\/FIGCAPTION><\/FIGURE><FIGURE class=\"grid-gallery-caption\" data-grid-gallery-type=\"quarter-slide-up\" data-index=\"1\" style=\"display:none;border-radius:00;; margin:5.3px; width:2150;\" ><div class=\"crop\" style=\" width:2150; height:2150; overflow:hidden;\"><img decoding=\"async\" src=\"http:\/\/www.rodzinaravensbruck.pl\/wp-content\/uploads\/2021\/05\/Pomnik-na-cmentarzu-w-Furstenbergu-Havel-2-215x215.jpg\" class=\"ggImg\" alt=\"Pomnik na cmentarzu w F\u00fcrstenbergu Havel-2\" title=\"Pomnik na cmentarzu w F\u00fcrstenbergu Havel-2\" data-description=\"Pomnik na cmentarzu w F\u00fcrstenbergu Havel-2\" data-caption=\"Pomnik na cmentarzu w F\u00fcrstenbergu Havel-2\" data-title=\"Pomnik na cmentarzu w F\u00fcrstenbergu Havel-2\" style=\" width:215px; height:215px;\" \/><\/div><FIGCAPTION class=\"\" data-alpha=\"5\" style=\"color:#ffffff; background-color:#6f0000; font-size:140; text-align:left; font-family:Default;\" ><div class=\"grid-gallery-figcaption-wrap\" style=\"\"><\/div><\/FIGCAPTION><\/FIGURE><FIGURE class=\"grid-gallery-caption\" data-grid-gallery-type=\"quarter-slide-up\" data-index=\"2\" style=\"display:none;border-radius:00;; margin:5.3px; width:2150;\" ><div class=\"crop\" style=\" width:2150; height:2150; overflow:hidden;\"><img decoding=\"async\" src=\"http:\/\/www.rodzinaravensbruck.pl\/wp-content\/uploads\/2021\/05\/wotum-1-215x215.jpg\" class=\"ggImg\" alt=\"wotum-1\" title=\"wotum-1\" data-description=\"wotum-1\" data-caption=\"wotum-1\" data-title=\"wotum-1\" style=\" width:215px; height:215px;\" \/><\/div><FIGCAPTION class=\"\" data-alpha=\"5\" style=\"color:#ffffff; background-color:#6f0000; font-size:140; text-align:left; font-family:Default;\" ><div class=\"grid-gallery-figcaption-wrap\" style=\"\"><\/div><\/FIGCAPTION><\/FIGURE><FIGURE class=\"grid-gallery-caption\" data-grid-gallery-type=\"quarter-slide-up\" data-index=\"3\" style=\"display:none;border-radius:00;; margin:5.3px; width:2150;\" ><div class=\"crop\" style=\" width:2150; height:2150; overflow:hidden;\"><img decoding=\"async\" src=\"http:\/\/www.rodzinaravensbruck.pl\/wp-content\/uploads\/2021\/05\/wotum-2-215x215.jpg\" class=\"ggImg\" alt=\"wotum-2\" title=\"wotum-2\" data-description=\"wotum-2\" data-caption=\"wotum-2\" data-title=\"wotum-2\" style=\" width:215px; height:215px;\" \/><\/div><FIGCAPTION class=\"\" data-alpha=\"5\" style=\"color:#ffffff; background-color:#6f0000; font-size:140; text-align:left; font-family:Default;\" ><div class=\"grid-gallery-figcaption-wrap\" style=\"\"><\/div><\/FIGCAPTION><\/FIGURE> <div class=\"grid-gallery-clearfix\"><\/div> <\/div> <div class=\"gallery-sharing-bottom\" style=\"display:none;\"> <\/div> <div class=\"gallery-sharing-image\" style=\"display:none;\"> <\/div> <div class=\"gallery-sharing-popup\" style=\"display:none;\"> <\/div> <div class=\"grid-gallery-clearfix\"><\/div> <\/div> <!-- Gallery by Supsystic plugin1.16.0 --><a title=\"WordPress Image Gallery Plugin\" style=\"display:none;\" href=\"https:\/\/supsystic.com\/plugins\/photo-gallery\/?utm_medium=love_link\" target=\"_blank\">WordPress Image Gallery Plugin<\/a>\n<p>Do dnia dzisiejszego zosta\u0142y na tym cmentarzu odnalezione 43 urny z prochami ofiar przez grup\u0119 pod kierunkiem Profesora Krzysztofa Szwagrzyka z Biura Poszukiwa\u0144 i Identyfikacji Instytutu Pami\u0119ci Narodowej i zosta\u0142 postawiony pomnik. Oczekujemy na godny pa\u0144stwowy pogrzeb ofiar.<\/p>\n<p>Program uroczysto\u015bci:<\/p>\n<p>10:30\u00a0 \u2013 Spotkanie uczestnik\u00f3w Mszy \u015bw. przed wej\u015bciem do Kaplicy Cudownego\u00a0\u00a0\u00a0 Obrazu\u00a0 przy pomniku upami\u0119tniaj\u0105cym ofiary katastrofy smole\u0144skiej;<\/p>\n<p>11.00 \u2013 Msza \u015bw. Koncelebrowana w intencjach:<\/p>\n<p style=\"padding-left: 40px;\">1. Za pomordowane i zmar\u0142e wi\u0119\u017aniarki FKL Ravensbruck;<br \/>\n2. Za \u017cyj\u0105ce b. wi\u0119\u017aniarki, rodziny oraz przyjaci\u00f3\u0142;<br \/>\n3. Za Ojczyzn\u0119.<\/p>\n<p>Msz\u0119 \u015bw. odprawi I homili\u0119 wyg\u0142osi \u00a0ks. bp. Andrzej Przybylski,<br \/>\nw koncelebrze z ks. kustoszem, o. Waldemarem Pastusiakiem,<br \/>\ndyr. Danielem \u0141uk\u0105 oraz ks. Stanis\u0142awem Micha\u0142owskim.<\/p>\n<p>W trakcie Mszy \u015bw. Wr\u0119czenie Wotum na r\u0119ce kustosza Jasnej G\u00f3ry;<\/p>\n<p>12:00 \u2013 13:30 \u2013 spotkanie w Sali Maryjnej z udzia\u0142em ww. ksi\u0119\u017cy \u00a0oraz dr Wandy P\u00f3\u0142tawskiej.<\/p>\n<p>Niekt\u00f3rzy uczestnicy pielgrzymki przyjad\u0105 w\u00a0 pi\u0105tek 21 maja. W tym dniu na Wa\u0142ach Jasnog\u00f3rskich o godz. 18:30 p\u00f3jdziemy Drog\u0105 Krzy\u017cow\u0105, kt\u00f3r\u0105 poprowadzi ks. dyr. Daniel \u0141uka. We\u017amiemy udzia\u0142 w Apelu Jasnog\u00f3rskim. Serdecznie zapraszam wszystkich, kt\u00f3rzy mog\u0105 do\u0142\u0105czy\u0107. Spotkamy si\u0119 przy 1. stacji Drogi Krzy\u017cowej o godz. 18:30.<\/p>\n<p>Warto przeczyta\u0107 o d\u0142ugiej historii, od 3 maja 1946 r., pielgrzymowania by\u0142ych wi\u0119\u017aniarek FKL Ravensbr\u00fcck mojego autorstwa \u201eId\u0105c po Ich \u015bladach\u201d:<\/p>\n<p><a href=\"https:\/\/www.rodzinaravensbruck.pl\/index.php\/2020\/02\/23\/idac-po-ich-sladach\/\">https:\/\/www.rodzinaravensbruck.pl\/index.php\/2020\/02\/23\/idac-po-ich-sladach\/<\/a><\/p>\n<p>Do zobaczenia Maria Lorens<\/p>\n","protected":false},"excerpt":{"rendered":"<p>Serdecznie zapraszam na nasz\u0105 coroczn\u0105 pielgrzymk\u0119 na Jasn\u0105 G\u00f3r\u0119 w sobot\u0119 22 maja 2021 r. B\u0119dzie to bardzo wa\u017cna uroczysto\u015b\u0107, na kt\u00f3rej wr\u0119czymy nasze wotum \u2013 dar rodzin i przyjaci\u00f3\u0142 by\u0142ych wi\u0119\u017aniarek obozu, z podzi\u0119kowaniem za \u015bwiadectwo Ich \u017cycia w duchu wiary i warto\u015bci.<\/p>\n","protected":false},"author":1,"featured_media":2533,"comment_status":"closed","ping_status":"open","sticky":false,"template":"","format":"standard","meta":{"ngg_post_thumbnail":0,"footnotes":""},"categories":[4],"tags":[],"class_list":["post-2531","post","type-post","status-publish","format-standard","has-post-thumbnail","hentry","category-aktualnosci"],"_links":{"self":[{"href":"https:\/\/www.rodzinaravensbruck.pl\/index.php\/wp-json\/wp\/v2\/posts\/2531","targetHints":{"allow":["GET"]}}],"collection":[{"href":"https:\/\/www.rodzinaravensbruck.pl\/index.php\/wp-json\/wp\/v2\/posts"}],"about":[{"href":"https:\/\/www.rodzinaravensbruck.pl\/index.php\/wp-json\/wp\/v2\/types\/post"}],"author":[{"embeddable":true,"href":"https:\/\/www.rodzinaravensbruck.pl\/index.php\/wp-json\/wp\/v2\/users\/1"}],"replies":[{"embeddable":true,"href":"https:\/\/www.rodzinaravensbruck.pl\/index.php\/wp-json\/wp\/v2\/comments?post=2531"}],"version-history":[{"count":5,"href":"https:\/\/www.rodzinaravensbruck.pl\/index.php\/wp-json\/wp\/v2\/posts\/2531\/revisions"}],"predecessor-version":[{"id":2540,"href":"https:\/\/www.rodzinaravensbruck.pl\/index.php\/wp-json\/wp\/v2\/posts\/2531\/revisions\/2540"}],"wp:featuredmedia":[{"embeddable":true,"href":"https:\/\/www.rodzinaravensbruck.pl\/index.php\/wp-json\/wp\/v2\/media\/2533"}],"wp:attachment":[{"href":"https:\/\/www.rodzinaravensbruck.pl\/index.php\/wp-json\/wp\/v2\/media?parent=2531"}],"wp:term":[{"taxonomy":"category","embeddable":true,"href":"https:\/\/www.rodzinaravensbruck.pl\/index.php\/wp-json\/wp\/v2\/categories?post=2531"},{"taxonomy":"post_tag","embeddable":true,"href":"https:\/\/www.rodzinaravensbruck.pl\/index.php\/wp-json\/wp\/v2\/tags?post=2531"}],"curies":[{"name":"wp","href":"https:\/\/api.w.org\/{rel}","templated":true}]}}