{"id":254,"date":"2017-04-22T16:53:06","date_gmt":"2017-04-22T14:53:06","guid":{"rendered":"http:\/\/www.rodzinaravensbruck.pl\/?p=254"},"modified":"2017-04-22T17:30:40","modified_gmt":"2017-04-22T15:30:40","slug":"o-henryce-dembowskiej","status":"publish","type":"post","link":"https:\/\/www.rodzinaravensbruck.pl\/index.php\/2017\/04\/22\/o-henryce-dembowskiej\/","title":{"rendered":"O Henryce Dembowskiej"},"content":{"rendered":"<p>W ostatnich dniach uda\u0142o mi si\u0119 po\u0142\u0105czy\u0107 kilka fakt\u00f3w w jedn\u0105 ca\u0142o\u015b\u0107 i ustali\u0107 \u017ce Henryka Dembowska kt\u00f3rej prochy pochowane s\u0105 w grobie polskich kobiet na cmentarzu w F\u00fcrstenbergu to Matka biskupa seniora\u00a0 z diecezji w\u0142oc\u0142awskiej Bronis\u0142awa Dembowskiego.<!--more--> Henryka Dembowska zosta\u0142a rozstrzelana wraz z c\u00f3rk\u0105 Ma\u0142gorzat\u0105 25 wrze\u015bnia 1942 roku, prochy Ma\u0142gorzaty nie zosta\u0142y jeszcze odnalezione i to jest zadanie dla nas na nast\u0119pne lata .Nazwisko jej znajduje si\u0119 na niemieckiej tablicy umieszczonej obecnie na grobie i plakietka z urny wystawiona jest na ekspozycji w muzeum KL Ravensbr\u00fcck (w budynku komendantury). Rozmawia\u0142em telefonicznie z biskupem\u00a0 Dembowskim by\u0142 bardzo zaskoczony faktem odnalezienia grobu jego Matki i prosi\u0142 o przekazanie wyraz\u00f3w wdzi\u0119czno\u015bci dla wszystkich kt\u00f3rzy otoczyli opiek\u0105 to tak wa\u017cne dla niego osobi\u015bcie i dla nas wszystkich Polak\u00f3w miejsce. W za\u0142\u0105cznikach kilka informacji o Rodzinie Dembowskich kt\u00f3re znalaz\u0142em w internecie, niesamowici ludzie kt\u00f3rzy zap\u0142acili bardzo wysok\u0105 cen\u0119 za nasz\u0105 wolno\u015b\u0107 . Dlatego \u017ceby sp\u0142aci\u0107 d\u0142ug wdzi\u0119czno\u015bci wobec tych ludzi nasze pokolenie musi godnie uhonorowa\u0107 ich walk\u0119 i m\u0119cze\u0144stwo. Mam nadziej\u0119 \u017ce wsp\u00f3lnie uda si\u0119 nam doprowadzi\u0107 do ko\u0144ca spraw\u0119 poszukiwa\u0144 pozosta\u0142ych urn z prochami naszych Bohater\u00f3w i postawi\u0107 w tym miejscu pomnik, ale chyba spraw\u0105 najwa\u017cniejsz\u0105 jest chyba zaistnienie obozu Ravensbr\u00fcck w \u015bwiadomo\u015bci historycznej naszego narodu .<\/p>\n<p>Pozdrawiam serdecznie i do zobaczenia w Ravensbr\u00fcck<\/p>\n<p>Pawe\u0142 Wo\u017aniak<br \/>\n<div id=\"grid-gallery-1-96583\" data-gg-id=\"1\" data-title=\"Henryka Dembowska\" data-grid-type=\"0\" data-offset=\"5.3\" data-area-position=\"center\" data-icons=\"\" data-preloader=\"\" data-width=\"215\" data-height=\"215\" data-padding=\"\" data-quicksand=\"disabled\" data-quicksand-duration=\"none\" data-popup-theme=\"theme_6\" data-popup-type=\"pretty-photo\" data-popup-image-text=\"title\" data-popup-widthsize=\"auto\" data-popup-heightsize=\"auto\" data-popup-i18n-words=\"{&quot;close&quot;:&quot;close&quot;,&quot;next&quot;:&quot;next&quot;,&quot;previous&quot;:&quot;previous&quot;,&quot;start_slideshow&quot;:&quot;start slideshow&quot;,&quot;stop_slideshow&quot;:&quot;stop slideshow&quot;,&quot;image&quot;:&quot;image&quot;,&quot;of&quot;:&quot;of&quot;,&quot;prev&quot;:&quot;prev&quot;,&quot;cExpand&quot;:&quot;Expand&quot;,&quot;cPrevious&quot;:&quot;Previous&quot;,&quot;cNext&quot;:&quot;Next&quot;,&quot;cExpandStr&quot;:&quot;Expand the image&quot;,&quot;cRotate&quot;:&quot;Rotate&quot;,&quot;cDetails&quot;:&quot;Details&quot;}\" data-popup-slideshow=\"false\" data-popup-slideshow-speed=\"2500\" data-popup-hoverstop=\"true\" data-popup-slideshow-auto=\"false\" data-popup-background=\"\" data-popup-transparency=\"30\" data-popup-disable-history=\"\" data-popup-disable-changed-url=\"\" data-popup-border-type=\"\" data-popup-border-color=\"\" data-popup-border-width=\"\" data-popup-border-enable=\"\" data-fullscreen=\"false\" data-hide-tooltip=\"\" data-caption-font-family=\"\" data-caption-text-size=\"140\" data-is-mobile=\"0\" data-caption-mobile=\"false\" data-hide-long-tltp-title=\"0\" data-caption-disabled-on-mobile=\"false\" data-popup-placement-type=\"0\" data-social-sharing=\"{&quot;enabled&quot;:null,&quot;gallerySharing&quot;:{&quot;enabled&quot;:null,&quot;position&quot;:null},&quot;imageSharing&quot;:{&quot;enabled&quot;:null,&quot;wrapperClass&quot;:&quot; vertical &quot;},&quot;popupSharing&quot;:{&quot;enabled&quot;:null,&quot;wrapperClass&quot;:&quot; vertical &quot;}}\" class=\"grid-gallery grid-gallery-fixed \" style=\" width:100%; height:auto; margin-left:auto; margin-right:auto;position:relative;\"> <div class=\"gallery-loading\"> <div class=\"blocks\"> <div class=\"block\"><\/div> <div class=\"block\"><\/div> <div class=\"block\"><\/div> <div class=\"block\"><\/div> <\/div> <\/div> <div class=\"gallery-sharing-top\" style=\"display:none;\"> <\/div> <div id=\"photos-1\" class=\"grid-gallery-photos\"><FIGURE class=\"grid-gallery-caption\" data-grid-gallery-type=\"quarter-slide-up\" data-index=\"0\" style=\"display:none;border-radius:00;; margin:5.3px; width:2150;\" ><div class=\"crop\" style=\" width:2150; height:2150; overflow:hidden;\"><img decoding=\"async\" src=\"http:\/\/www.rodzinaravensbruck.pl\/wp-content\/uploads\/2017\/04\/Furstenberg-tablica-z-nzwiskami-215x215.jpg\" class=\"ggImg\" alt=\"Furstenberg-tablica z nzwiskami\" title=\"Furstenberg-tablica z nzwiskami\" data-description=\"Furstenberg-tablica z nzwiskami\" data-caption=\"Furstenberg-tablica z nzwiskami\" data-title=\"Furstenberg-tablica z nzwiskami\" style=\" width:215px; height:215px;\" \/><\/div><FIGCAPTION class=\"\" data-alpha=\"5\" style=\"color:#ffffff; background-color:#6f0000; font-size:140; text-align:2; font-family:;\" ><div class=\"grid-gallery-figcaption-wrap\" style=\"\"><\/div><\/FIGCAPTION><\/FIGURE><FIGURE class=\"grid-gallery-caption\" data-grid-gallery-type=\"quarter-slide-up\" data-index=\"1\" style=\"display:none;border-radius:00;; margin:5.3px; width:2150;\" ><div class=\"crop\" style=\" width:2150; height:2150; overflow:hidden;\"><img decoding=\"async\" src=\"http:\/\/www.rodzinaravensbruck.pl\/wp-content\/uploads\/2017\/04\/Furstenberg-tablica-215x215.jpg\" class=\"ggImg\" alt=\"Furstenberg-tablica\" title=\"Furstenberg-tablica\" data-description=\"Furstenberg-tablica\" data-caption=\"Furstenberg-tablica\" data-title=\"Furstenberg-tablica\" style=\" width:215px; height:215px;\" \/><\/div><FIGCAPTION class=\"\" data-alpha=\"5\" style=\"color:#ffffff; background-color:#6f0000; font-size:140; text-align:2; font-family:;\" ><div class=\"grid-gallery-figcaption-wrap\" style=\"\"><\/div><\/FIGCAPTION><\/FIGURE> <div class=\"grid-gallery-clearfix\"><\/div> <\/div> <div class=\"gallery-sharing-bottom\" style=\"display:none;\"> <\/div> <div class=\"gallery-sharing-image\" style=\"display:none;\"> <\/div> <div class=\"gallery-sharing-popup\" style=\"display:none;\"> <\/div> <div class=\"grid-gallery-clearfix\"><\/div> <\/div> <!-- Gallery by Supsystic plugin1.16.0 --><a title=\"WordPress Image Gallery Plugin\" style=\"display:none;\" href=\"https:\/\/supsystic.com\/plugins\/photo-gallery\/?utm_medium=love_link\" target=\"_blank\">WordPress Image Gallery Plugin<\/a><\/p>\n","protected":false},"excerpt":{"rendered":"<p>W ostatnich dniach uda\u0142o mi si\u0119 po\u0142\u0105czy\u0107 kilka fakt\u00f3w w jedn\u0105 ca\u0142o\u015b\u0107 i ustali\u0107 \u017ce Henryka Dembowska kt\u00f3rej prochy pochowane s\u0105 w grobie polskich kobiet na cmentarzu w F\u00fcrstenbergu to Matka biskupa seniora\u00a0 z diecezji w\u0142oc\u0142awskiej Bronis\u0142awa Dembowskiego.<\/p>\n","protected":false},"author":1,"featured_media":255,"comment_status":"closed","ping_status":"open","sticky":false,"template":"","format":"standard","meta":{"ngg_post_thumbnail":0,"footnotes":""},"categories":[27],"tags":[],"class_list":["post-254","post","type-post","status-publish","format-standard","has-post-thumbnail","hentry","category-wydarzenia"],"_links":{"self":[{"href":"https:\/\/www.rodzinaravensbruck.pl\/index.php\/wp-json\/wp\/v2\/posts\/254","targetHints":{"allow":["GET"]}}],"collection":[{"href":"https:\/\/www.rodzinaravensbruck.pl\/index.php\/wp-json\/wp\/v2\/posts"}],"about":[{"href":"https:\/\/www.rodzinaravensbruck.pl\/index.php\/wp-json\/wp\/v2\/types\/post"}],"author":[{"embeddable":true,"href":"https:\/\/www.rodzinaravensbruck.pl\/index.php\/wp-json\/wp\/v2\/users\/1"}],"replies":[{"embeddable":true,"href":"https:\/\/www.rodzinaravensbruck.pl\/index.php\/wp-json\/wp\/v2\/comments?post=254"}],"version-history":[{"count":2,"href":"https:\/\/www.rodzinaravensbruck.pl\/index.php\/wp-json\/wp\/v2\/posts\/254\/revisions"}],"predecessor-version":[{"id":259,"href":"https:\/\/www.rodzinaravensbruck.pl\/index.php\/wp-json\/wp\/v2\/posts\/254\/revisions\/259"}],"wp:featuredmedia":[{"embeddable":true,"href":"https:\/\/www.rodzinaravensbruck.pl\/index.php\/wp-json\/wp\/v2\/media\/255"}],"wp:attachment":[{"href":"https:\/\/www.rodzinaravensbruck.pl\/index.php\/wp-json\/wp\/v2\/media?parent=254"}],"wp:term":[{"taxonomy":"category","embeddable":true,"href":"https:\/\/www.rodzinaravensbruck.pl\/index.php\/wp-json\/wp\/v2\/categories?post=254"},{"taxonomy":"post_tag","embeddable":true,"href":"https:\/\/www.rodzinaravensbruck.pl\/index.php\/wp-json\/wp\/v2\/tags?post=254"}],"curies":[{"name":"wp","href":"https:\/\/api.w.org\/{rel}","templated":true}]}}