{"id":2630,"date":"2021-06-18T18:40:27","date_gmt":"2021-06-18T16:40:27","guid":{"rendered":"http:\/\/www.rodzinaravensbruck.pl\/?p=2630"},"modified":"2021-06-18T18:40:27","modified_gmt":"2021-06-18T16:40:27","slug":"czeslawa-stawiska-z-domu-rutkowska-1925-2021","status":"publish","type":"post","link":"https:\/\/www.rodzinaravensbruck.pl\/index.php\/2021\/06\/18\/czeslawa-stawiska-z-domu-rutkowska-1925-2021\/","title":{"rendered":"Czes\u0142awa Stawiska z domu Rutkowska 1925-2021"},"content":{"rendered":"<p>By\u0142a wi\u0119\u017aniark\u0105 KL Ravensbr\u00fcck (nr obozowy 29334). We wrze\u015bniu 1939 roku mia\u0142a 15 lat, zd\u0105\u017cy\u0142a sko\u0144czy\u0107 szko\u0142\u0119 podstawow\u0105 w P\u0142o\u0144sku, gdzie si\u0119 urodzi\u0142a i mieszka\u0142a z rodzin\u0105. Pracowa\u0142a w piekarni swojej siostry. Chleb sprzedawano na kartki, niekt\u00f3rzy mieszka\u0144cy ich nie mieli, innym przydzia\u0142 nie wystarcza\u0142 &#8211; prosili o chleb. I ten chleb by\u0142 im sprzedawany bez kartek przez siostr\u0119, ale 20 lutego 1943 r. Pani Czes\u0142awa te\u017c sprzeda\u0142a chleb bez kartek. <em>\u201e\u2026Przysz\u0142a do piekarni i prosi\u0142a, \u017ceby sprzeda\u0107 jej chleb, bo ma syna na przymusowych robotach w Niemczech i \u017ce tam ch\u0142opcy s\u0105 g\u0142odni. Nam nie wolno by\u0142o sprzedawa\u0107 bez kartek, ale czy w takiej sytuacji mo\u017cna komu\u015b odm\u00f3wi\u0107?&#8230;\u201d<\/em><!--more--><\/p>\n<p><strong><a href=\"https:\/\/www.rodzinaravensbruck.pl\/wp-content\/uploads\/2021\/06\/Notatki_50.rocznica-KL-Ravensbruck.jpeg\"><img loading=\"lazy\" decoding=\"async\" class=\"aligncenter size-full wp-image-2632\" src=\"https:\/\/www.rodzinaravensbruck.pl\/wp-content\/uploads\/2021\/06\/Notatki_50.rocznica-KL-Ravensbruck.jpeg\" alt=\"\" width=\"320\" height=\"240\" srcset=\"https:\/\/www.rodzinaravensbruck.pl\/wp-content\/uploads\/2021\/06\/Notatki_50.rocznica-KL-Ravensbruck.jpeg 320w, https:\/\/www.rodzinaravensbruck.pl\/wp-content\/uploads\/2021\/06\/Notatki_50.rocznica-KL-Ravensbruck-300x225.jpeg 300w\" sizes=\"auto, (max-width: 320px) 100vw, 320px\" \/><\/a>Mia\u0142a osiemna\u015bcie lat, gdy zosta\u0142a aresztowana przez gestapo za to, \u017ce sprzeda\u0142a chleb bez kartek i wywieziona do obozu w Ravensbr\u00fcck. <\/strong><\/p>\n<p><strong>Z KL Ravensbr\u00fcck zosta\u0142a wywieziona z innymi wi\u0119\u017aniarkami do Danii, potem do Szwecji w tzw. akcji bia\u0142e autobusy. Do Polski wr\u00f3ci\u0142a jesieni\u0105 1945 r. <\/strong><\/p>\n<p>W grudniu 1945 roku wysz\u0142a za m\u0105\u017c za Jana Wachola, piekarza, kt\u00f3rego pozna\u0142a przed wojn\u0105 (pracowa\u0142 w piekarni siostry). Z tego zwi\u0105zku urodzi\u0142a si\u0119 c\u00f3rka Zofia. Jan zmar\u0142 w 1953 r. w wieku 30 lat. W 1958 r. wysz\u0142a za m\u0105\u017c za Jana Stawiskiego i urodzi\u0142a si\u0119 c\u00f3rka Anna.<\/p>\n<p>W kwietniu 1995 r., w 50. rocznic\u0119 opuszczenia obozu, Czes\u0142awa Stawiska pojecha\u0142a do Ravensbr\u00fcck \u00a0aby zmierzy\u0107 si\u0119 ze wspomnieniami tamtych tragicznych lat jakie sp\u0119dzi\u0142a w tym niemieckim obozie koncentracyjnym.<\/p>\n<p>Pani Czes\u0142awa Stawiska zmar\u0142a w wieku 96 lat 11 czerwca 2021 r. w P\u0142o\u0144sku. Pogrzeb odby\u0142 si\u0119 16 czerwca 2021. Msza \u015bw. \u017ca\u0142obna zosta\u0142a odprawiona<strong>\u00a0 <\/strong>w Ko\u015bciele \u015aw. M. Kolbego w P\u0142o\u0144sku, po czym nast\u0105pi\u0142o z\u0142o\u017cenie cia\u0142a na cmentarzu komunalnym w Szerominku<strong><em>. <\/em><\/strong><\/p>\n<p><strong>Wspomnienia \u015bp. Pani Czes\u0142awy Stawiskiej, opowie\u015b\u0107 o Jej \u017cyciu przedwojennym, w czasie wojny i powojennym zosta\u0142y spisane na podstawie d\u0142ugiej rozmowy jak\u0105 przeprowadzi\u0142a Miros\u0142awa Krysiak 11 maja i 13 lipca 2004 r. w P\u0142o\u0144sku. Tytu\u0142 \u201eCena Chleba\u201d<\/strong>. Ca\u0142o\u015b\u0107 relacji Czes\u0142awy Stawiskiej mo\u017cna przeczyta\u0107 w zeszycie Pracowni Dokumentacji Dziej\u00f3w Miasta P\u0142o\u0144ska \u201eCena chleba\u201d (Zeszyty Pracowni. Seria: Wywiady. Zeszyt XIV. P\u0142o\u0144sk 2004).<a href=\"https:\/\/www.rodzinaravensbruck.pl\/wp-content\/uploads\/2021\/06\/Notatki_Kromka-Chleba.jpeg\"><img loading=\"lazy\" decoding=\"async\" class=\"aligncenter size-full wp-image-2633\" src=\"https:\/\/www.rodzinaravensbruck.pl\/wp-content\/uploads\/2021\/06\/Notatki_Kromka-Chleba.jpeg\" alt=\"\" width=\"320\" height=\"240\" srcset=\"https:\/\/www.rodzinaravensbruck.pl\/wp-content\/uploads\/2021\/06\/Notatki_Kromka-Chleba.jpeg 320w, https:\/\/www.rodzinaravensbruck.pl\/wp-content\/uploads\/2021\/06\/Notatki_Kromka-Chleba-300x225.jpeg 300w\" sizes=\"auto, (max-width: 320px) 100vw, 320px\" \/><\/a><\/p>\n<p>Dost\u0119pne: <a href=\"https:\/\/pddmp.pl\/zbiory-z-zakresu-wiedzy-historycznej-o-plonsku-i-ziemi-plonskiej-do-1989-roku\/materialy-pismiennicze\/zeszyty\/wywiady\/47-czeslawa-stawiska-cena-chleba?jjj=1623614173222\">https:\/\/pddmp.pl\/zbiory-z-zakresu-wiedzy-historycznej-o-plonsku-i-ziemi-plonskiej-do-1989-roku\/materialy-pismiennicze\/zeszyty\/wywiady\/47-czeslawa-stawiska-cena-chleba?jjj=1623614173222<\/a><\/p>\n<p>&nbsp;<\/p>\n<p>&nbsp;<\/p>\n","protected":false},"excerpt":{"rendered":"<p>By\u0142a wi\u0119\u017aniark\u0105 KL Ravensbr\u00fcck (nr obozowy 29334). We wrze\u015bniu 1939 roku mia\u0142a 15 lat, zd\u0105\u017cy\u0142a sko\u0144czy\u0107 szko\u0142\u0119 podstawow\u0105 w P\u0142o\u0144sku, gdzie si\u0119 urodzi\u0142a i mieszka\u0142a z rodzin\u0105. Pracowa\u0142a w piekarni swojej siostry. Chleb sprzedawano na kartki, niekt\u00f3rzy mieszka\u0144cy ich nie mieli, innym przydzia\u0142 nie wystarcza\u0142 &#8211; prosili o chleb. I ten chleb by\u0142 im sprzedawany &hellip; <\/p>\n<p class=\"link-more\"><a href=\"https:\/\/www.rodzinaravensbruck.pl\/index.php\/2021\/06\/18\/czeslawa-stawiska-z-domu-rutkowska-1925-2021\/\" class=\"more-link\">Czytaj dalej<span class=\"screen-reader-text\"> \u201eCzes\u0142awa Stawiska z domu Rutkowska 1925-2021\u201d<\/span><\/a><\/p>\n","protected":false},"author":1,"featured_media":2631,"comment_status":"closed","ping_status":"open","sticky":false,"template":"","format":"standard","meta":{"ngg_post_thumbnail":0,"footnotes":""},"categories":[6],"tags":[],"class_list":["post-2630","post","type-post","status-publish","format-standard","has-post-thumbnail","hentry","category-swiadectwa"],"_links":{"self":[{"href":"https:\/\/www.rodzinaravensbruck.pl\/index.php\/wp-json\/wp\/v2\/posts\/2630","targetHints":{"allow":["GET"]}}],"collection":[{"href":"https:\/\/www.rodzinaravensbruck.pl\/index.php\/wp-json\/wp\/v2\/posts"}],"about":[{"href":"https:\/\/www.rodzinaravensbruck.pl\/index.php\/wp-json\/wp\/v2\/types\/post"}],"author":[{"embeddable":true,"href":"https:\/\/www.rodzinaravensbruck.pl\/index.php\/wp-json\/wp\/v2\/users\/1"}],"replies":[{"embeddable":true,"href":"https:\/\/www.rodzinaravensbruck.pl\/index.php\/wp-json\/wp\/v2\/comments?post=2630"}],"version-history":[{"count":1,"href":"https:\/\/www.rodzinaravensbruck.pl\/index.php\/wp-json\/wp\/v2\/posts\/2630\/revisions"}],"predecessor-version":[{"id":2634,"href":"https:\/\/www.rodzinaravensbruck.pl\/index.php\/wp-json\/wp\/v2\/posts\/2630\/revisions\/2634"}],"wp:featuredmedia":[{"embeddable":true,"href":"https:\/\/www.rodzinaravensbruck.pl\/index.php\/wp-json\/wp\/v2\/media\/2631"}],"wp:attachment":[{"href":"https:\/\/www.rodzinaravensbruck.pl\/index.php\/wp-json\/wp\/v2\/media?parent=2630"}],"wp:term":[{"taxonomy":"category","embeddable":true,"href":"https:\/\/www.rodzinaravensbruck.pl\/index.php\/wp-json\/wp\/v2\/categories?post=2630"},{"taxonomy":"post_tag","embeddable":true,"href":"https:\/\/www.rodzinaravensbruck.pl\/index.php\/wp-json\/wp\/v2\/tags?post=2630"}],"curies":[{"name":"wp","href":"https:\/\/api.w.org\/{rel}","templated":true}]}}