{"id":2702,"date":"2021-08-31T19:02:09","date_gmt":"2021-08-31T17:02:09","guid":{"rendered":"http:\/\/www.rodzinaravensbruck.pl\/?p=2702"},"modified":"2021-09-01T16:15:00","modified_gmt":"2021-09-01T14:15:00","slug":"lichen-upamietnil-wiezniarki-kl-ravensbruck-neubrandenburg-lichen-commemorated-kl-ravensbruck-neubrandenburg-prisoners","status":"publish","type":"post","link":"https:\/\/www.rodzinaravensbruck.pl\/index.php\/2021\/08\/31\/lichen-upamietnil-wiezniarki-kl-ravensbruck-neubrandenburg-lichen-commemorated-kl-ravensbruck-neubrandenburg-prisoners\/","title":{"rendered":"Liche\u0144 upami\u0119tni\u0142 Wi\u0119\u017aniarki KL Ravensbr\u00fcck-Neubrandenburg\/ Lichen commemorated KL Ravensbr\u00fcck -Neubrandenburg Prisoners"},"content":{"rendered":"<p>28 sierpnia odby\u0142y si\u0119 uroczysto\u015bci w Licheniu \u2013 msza \u015bw. w Bazylice Liche\u0144skiej w intencji zmar\u0142ych Wi\u0119\u017aniarek oraz ods\u0142oni\u0119cie tablicy dedykowanej 45 polskim Wi\u0119\u017aniarkom z Neubrandenburga-podobozu KL Ravensbruck. Ksi\u0105dz Kustosz Sanktuarium Matki Bo\u017cej Liche\u0144skiej, Bolesnej Kr\u00f3lowej Polski ca\u0142\u0105 homili\u0119 po\u015bwi\u0119ci\u0142 Polskim wi\u0119\u017aniarkom w Ravensbr\u00fcck. W bardzo przejmuj\u0105cy spos\u00f3b m\u00f3wi\u0142 o ich losach i potrzebie Pami\u0119ci. Nawi\u0105za\u0142 r\u00f3wnie\u017c do Pani dr Wandy P\u00f3\u0142tawskiej. Tablica zosta\u0142a umieszczona na Liche\u0144skiej Golgocie. Ods\u0142oni\u0119cia tablicy dokona\u0142a Pani Halina Wo\u017cgin, c\u00f3rka Marii Ratajczak, by\u0142ej Wi\u0119\u017aniarki KL Ravensbr\u00fcck-filii Neubrandenburg razem z \u00a0dr hab. Rafa\u0142em Reczkiem, dyrektorem Oddzia\u0142u Instytutu Pami\u0119ci Narodowej w Poznaniu.<!--more--><\/p>\n<p>W sercu, kt\u00f3re jest przytwierdzone do tablicy znajduje si\u0119 ziemia z cmentarza w Neubrandenburgu (z relacji, Arkadiusza Szlachetki, prezesa Stowarzyszenia Forum Pami\u0119ci Niegos\u0142awice).<\/p>\n<p>Tablica z sercem, kt\u00f3re po ods\u0142oni\u0119ciu tablicy, dotkn\u0119\u0142a c\u00f3rka zmar\u0142ej Wi\u0119\u017aniarki to pi\u0119kny symbol &#8211;\u00a0nie mo\u017cna ustawa\u0107 w poszukiwaniach swoich bliskich-zaginionych i szcz\u0119\u015bcie\u00a0po Ich odnalezieniu po tylu latach. Niezwykle wzruszaj\u0105ce zdj\u0119cie\u00a0\u2013 c\u00f3rka symbolicznie dotyka \u201cserca swojej Matki\u201d. (Za\u0142\u0105czone zdj\u0119cie ze strony: <a href=\"https:\/\/konin.naszemiasto.pl\/lichen-upamietnili-wiezniarki-kl-ravensbruck\/ga\/c1-8429655\/zd\/64763425\">https:\/\/konin.naszemiasto.pl\/lichen-upamietnili-wiezniarki-kl-ravensbruck\/ga\/c1-8429655\/zd\/64763425<\/a>).<\/p>\n<p>Stowarzyszenie wystosowa\u0142o pismo\u00a0z okazji tej\u00a0wa\u017cnej uroczysto\u015bci, kt\u00f3re zosta\u0142o przes\u0142ane\u00a0do Pana Arkadiusza Szlachetko, prezesa Stowarzyszenia \u201cForum Pami\u0119ci Niegos\u0142awice\u201d i odczytane w czasie uroczysto\u015bci, oraz wi\u0105zank\u0119 z bia\u0142o czerwonych r\u00f3\u017c.<\/p>\n<p>Na Liche\u0144skiej Golgocie kolejna tablica Pami\u0119ci. \u201cEcho ich g\u0142os\u00f3w nie zamilknie\u201d<\/p>\n<p>Relacja z tej uroczysto\u015bci: <a href=\"https:\/\/konin.naszemiasto.pl\/lichen-upamietnili-wiezniarki-kl-ravensbruck\/ar\/c1-8429655\">https:\/\/konin.naszemiasto.pl\/lichen-upamietnili-wiezniarki-kl-ravensbruck\/ar\/c1-8429655<\/a><\/p>\n<p><u>\u00a0<\/u>Zdj\u0119cia z archiwum Arkadiusza Szlachetki<\/p>\n<p>&#8212;&#8212;&#8212;&#8212;-<\/p>\n<p>On August 28, celebrations took place in Liche\u0144 &#8211; the Holy Mass in the Liche\u0144 Basilica dedicated to deceased female prisoners, and the unveiling of a plaque dedicated to 45 Polish female prisoners from Neubrandenburg, a sub-camp of KL Ravensbr\u00fcck. The plaque was placed in Liche\u0144ska Golgotha. The plaque was unveiled by Mrs. Halina Wo\u017cgin, daughter of Maria Ratajczak, the former prisoner of KL Ravensbr\u00fcck-Neubrandenburg branch and dr. Rafa\u0142 Reczek, the director of the Institute of National Remembrance, branch in Pozna\u0144.<\/p>\n<p>The plaque with the heart in which the soil from the Neubrandenburg cemetery was deposited<\/p>\n<p>touched by the daughter of the deceased Prisoner is a beautiful symbol &#8211; you cannot stop searching for your lost relatives and happiness after finding them after so many years. An extremely touching photo &#8211; the daughter symbolically touches \u201cher mother&#8217;s heart\u201d. (The attached photo from the website: <a href=\"https:\/\/konin.naszemiasto.pl\/lichen-upamietnili-wiezniarki-kl-ravensbruck\/ga\/c1-8429655\/zd\/64763425\">https:\/\/konin.naszemiasto.pl\/lichen-upamietnili-wiezniarki-kl-ravensbruck\/ga\/c1-8429655\/zd\/64763425<\/a>)<\/p>\n<p>The Association issued a letter on this important occasion, which was sent to Mr. Arkadiusz Szlachetko, president of the \u201cForum Remembrance Niegos\u0142awice\u201d Association, and a bunch of red and white roses.<\/p>\n<p>Another memorial plaque at Liche\u0144ska Golgotha. &#8222;The echo of their voices will not be silent&#8221;<\/p>\n<p>Report from this ceremony: <a href=\"https:\/\/konin.naszemiasto.pl\/lichen-upamietnili-wiezniarki-kl-ravensbruck\/ar\/c1-8429655\">https:\/\/konin.naszemiasto.pl\/lichen-upamietnili-wiezniarki-kl-ravensbruck\/ar\/c1-8429655<\/a><\/p>\n<p>Photos from the Arkadiusz Szlachetko archive<\/p>\n<div id='gallery-1' class='gallery galleryid-2702 gallery-columns-3 gallery-size-thumbnail'><figure class='gallery-item'>\n\t\t\t<div class='gallery-icon landscape'>\n\t\t\t\t<a href='https:\/\/www.rodzinaravensbruck.pl\/index.php\/2021\/08\/31\/lichen-upamietnil-wiezniarki-kl-ravensbruck-neubrandenburg-lichen-commemorated-kl-ravensbruck-neubrandenburg-prisoners\/wiazanka-od-stowarzyszenia\/'><img loading=\"lazy\" decoding=\"async\" width=\"150\" height=\"150\" src=\"https:\/\/www.rodzinaravensbruck.pl\/wp-content\/uploads\/2021\/08\/wiazanka-od-stowarzyszenia-150x150.jpg\" class=\"attachment-thumbnail size-thumbnail\" alt=\"\" srcset=\"https:\/\/www.rodzinaravensbruck.pl\/wp-content\/uploads\/2021\/08\/wiazanka-od-stowarzyszenia-150x150.jpg 150w, https:\/\/www.rodzinaravensbruck.pl\/wp-content\/uploads\/2021\/08\/wiazanka-od-stowarzyszenia-100x100.jpg 100w\" sizes=\"auto, 100vw\" \/><\/a>\n\t\t\t<\/div><\/figure><figure class='gallery-item'>\n\t\t\t<div class='gallery-icon portrait'>\n\t\t\t\t<a href='https:\/\/www.rodzinaravensbruck.pl\/index.php\/2021\/08\/31\/lichen-upamietnil-wiezniarki-kl-ravensbruck-neubrandenburg-lichen-commemorated-kl-ravensbruck-neubrandenburg-prisoners\/tablica-z-ziema-z-neubrandenburga-w-sercu-na-tablicy-upamietniajacej\/'><img loading=\"lazy\" decoding=\"async\" width=\"150\" height=\"150\" src=\"https:\/\/www.rodzinaravensbruck.pl\/wp-content\/uploads\/2021\/08\/tablica-z-ziema-z-Neubrandenburga-w-sercu-na-tablicy-upamietniajacej-150x150.jpg\" class=\"attachment-thumbnail size-thumbnail\" alt=\"\" srcset=\"https:\/\/www.rodzinaravensbruck.pl\/wp-content\/uploads\/2021\/08\/tablica-z-ziema-z-Neubrandenburga-w-sercu-na-tablicy-upamietniajacej-150x150.jpg 150w, https:\/\/www.rodzinaravensbruck.pl\/wp-content\/uploads\/2021\/08\/tablica-z-ziema-z-Neubrandenburga-w-sercu-na-tablicy-upamietniajacej-100x100.jpg 100w\" sizes=\"auto, 100vw\" \/><\/a>\n\t\t\t<\/div><\/figure><figure class='gallery-item'>\n\t\t\t<div class='gallery-icon portrait'>\n\t\t\t\t<a href='https:\/\/www.rodzinaravensbruck.pl\/index.php\/2021\/08\/31\/lichen-upamietnil-wiezniarki-kl-ravensbruck-neubrandenburg-lichen-commemorated-kl-ravensbruck-neubrandenburg-prisoners\/tablica-upamietniajaca-wiezniarki-kl-ravensbruck-neubrandenburg\/'><img loading=\"lazy\" decoding=\"async\" width=\"150\" height=\"150\" src=\"https:\/\/www.rodzinaravensbruck.pl\/wp-content\/uploads\/2021\/08\/tablica-upamietniajaca-Wiezniarki-KL-Ravensbruck-Neubrandenburg-150x150.jpg\" class=\"attachment-thumbnail size-thumbnail\" alt=\"\" srcset=\"https:\/\/www.rodzinaravensbruck.pl\/wp-content\/uploads\/2021\/08\/tablica-upamietniajaca-Wiezniarki-KL-Ravensbruck-Neubrandenburg-150x150.jpg 150w, https:\/\/www.rodzinaravensbruck.pl\/wp-content\/uploads\/2021\/08\/tablica-upamietniajaca-Wiezniarki-KL-Ravensbruck-Neubrandenburg-100x100.jpg 100w\" sizes=\"auto, 100vw\" \/><\/a>\n\t\t\t<\/div><\/figure><figure class='gallery-item'>\n\t\t\t<div class='gallery-icon landscape'>\n\t\t\t\t<a href='https:\/\/www.rodzinaravensbruck.pl\/index.php\/2021\/08\/31\/lichen-upamietnil-wiezniarki-kl-ravensbruck-neubrandenburg-lichen-commemorated-kl-ravensbruck-neubrandenburg-prisoners\/tablica-upamietniajaca-wiezniarki-kl-ravensbruck-2\/'><img loading=\"lazy\" decoding=\"async\" width=\"150\" height=\"150\" src=\"https:\/\/www.rodzinaravensbruck.pl\/wp-content\/uploads\/2021\/08\/tablica-upamietniajaca-Wiezniarki-KL-Ravensbruck-150x150.jpg\" class=\"attachment-thumbnail size-thumbnail\" alt=\"\" srcset=\"https:\/\/www.rodzinaravensbruck.pl\/wp-content\/uploads\/2021\/08\/tablica-upamietniajaca-Wiezniarki-KL-Ravensbruck-150x150.jpg 150w, https:\/\/www.rodzinaravensbruck.pl\/wp-content\/uploads\/2021\/08\/tablica-upamietniajaca-Wiezniarki-KL-Ravensbruck-100x100.jpg 100w\" sizes=\"auto, 100vw\" \/><\/a>\n\t\t\t<\/div><\/figure><figure class='gallery-item'>\n\t\t\t<div class='gallery-icon landscape'>\n\t\t\t\t<a href='https:\/\/www.rodzinaravensbruck.pl\/index.php\/2021\/08\/31\/lichen-upamietnil-wiezniarki-kl-ravensbruck-neubrandenburg-lichen-commemorated-kl-ravensbruck-neubrandenburg-prisoners\/halina-wozgin-przy-tablicy-upamietniajacej-na-golgocie-lichenskiej\/'><img loading=\"lazy\" decoding=\"async\" width=\"150\" height=\"150\" src=\"https:\/\/www.rodzinaravensbruck.pl\/wp-content\/uploads\/2021\/08\/Halina-Wozgin-przy-tablicy-upamietniajacej-na-Golgocie-Lichenskiej-150x150.jpg\" class=\"attachment-thumbnail size-thumbnail\" alt=\"\" srcset=\"https:\/\/www.rodzinaravensbruck.pl\/wp-content\/uploads\/2021\/08\/Halina-Wozgin-przy-tablicy-upamietniajacej-na-Golgocie-Lichenskiej-150x150.jpg 150w, https:\/\/www.rodzinaravensbruck.pl\/wp-content\/uploads\/2021\/08\/Halina-Wozgin-przy-tablicy-upamietniajacej-na-Golgocie-Lichenskiej-100x100.jpg 100w\" sizes=\"auto, 100vw\" \/><\/a>\n\t\t\t<\/div><\/figure>\n\t\t<\/div>\n\n","protected":false},"excerpt":{"rendered":"<p>28 sierpnia odby\u0142y si\u0119 uroczysto\u015bci w Licheniu \u2013 msza \u015bw. w Bazylice Liche\u0144skiej w intencji zmar\u0142ych Wi\u0119\u017aniarek oraz ods\u0142oni\u0119cie tablicy dedykowanej 45 polskim Wi\u0119\u017aniarkom z Neubrandenburga-podobozu KL Ravensbruck. Ksi\u0105dz Kustosz Sanktuarium Matki Bo\u017cej Liche\u0144skiej, Bolesnej Kr\u00f3lowej Polski ca\u0142\u0105 homili\u0119 po\u015bwi\u0119ci\u0142 Polskim wi\u0119\u017aniarkom w Ravensbr\u00fcck. W bardzo przejmuj\u0105cy spos\u00f3b m\u00f3wi\u0142 o ich losach i potrzebie Pami\u0119ci. &hellip; <\/p>\n<p class=\"link-more\"><a href=\"https:\/\/www.rodzinaravensbruck.pl\/index.php\/2021\/08\/31\/lichen-upamietnil-wiezniarki-kl-ravensbruck-neubrandenburg-lichen-commemorated-kl-ravensbruck-neubrandenburg-prisoners\/\" class=\"more-link\">Czytaj dalej<span class=\"screen-reader-text\"> \u201eLiche\u0144 upami\u0119tni\u0142 Wi\u0119\u017aniarki KL Ravensbr\u00fcck-Neubrandenburg\/ Lichen commemorated KL Ravensbr\u00fcck -Neubrandenburg Prisoners\u201d<\/span><\/a><\/p>\n","protected":false},"author":1,"featured_media":2707,"comment_status":"closed","ping_status":"open","sticky":false,"template":"","format":"standard","meta":{"ngg_post_thumbnail":0,"footnotes":""},"categories":[4],"tags":[],"class_list":["post-2702","post","type-post","status-publish","format-standard","has-post-thumbnail","hentry","category-aktualnosci"],"_links":{"self":[{"href":"https:\/\/www.rodzinaravensbruck.pl\/index.php\/wp-json\/wp\/v2\/posts\/2702","targetHints":{"allow":["GET"]}}],"collection":[{"href":"https:\/\/www.rodzinaravensbruck.pl\/index.php\/wp-json\/wp\/v2\/posts"}],"about":[{"href":"https:\/\/www.rodzinaravensbruck.pl\/index.php\/wp-json\/wp\/v2\/types\/post"}],"author":[{"embeddable":true,"href":"https:\/\/www.rodzinaravensbruck.pl\/index.php\/wp-json\/wp\/v2\/users\/1"}],"replies":[{"embeddable":true,"href":"https:\/\/www.rodzinaravensbruck.pl\/index.php\/wp-json\/wp\/v2\/comments?post=2702"}],"version-history":[{"count":2,"href":"https:\/\/www.rodzinaravensbruck.pl\/index.php\/wp-json\/wp\/v2\/posts\/2702\/revisions"}],"predecessor-version":[{"id":2709,"href":"https:\/\/www.rodzinaravensbruck.pl\/index.php\/wp-json\/wp\/v2\/posts\/2702\/revisions\/2709"}],"wp:featuredmedia":[{"embeddable":true,"href":"https:\/\/www.rodzinaravensbruck.pl\/index.php\/wp-json\/wp\/v2\/media\/2707"}],"wp:attachment":[{"href":"https:\/\/www.rodzinaravensbruck.pl\/index.php\/wp-json\/wp\/v2\/media?parent=2702"}],"wp:term":[{"taxonomy":"category","embeddable":true,"href":"https:\/\/www.rodzinaravensbruck.pl\/index.php\/wp-json\/wp\/v2\/categories?post=2702"},{"taxonomy":"post_tag","embeddable":true,"href":"https:\/\/www.rodzinaravensbruck.pl\/index.php\/wp-json\/wp\/v2\/tags?post=2702"}],"curies":[{"name":"wp","href":"https:\/\/api.w.org\/{rel}","templated":true}]}}