{"id":2710,"date":"2021-09-03T11:34:17","date_gmt":"2021-09-03T09:34:17","guid":{"rendered":"http:\/\/www.rodzinaravensbruck.pl\/?p=2710"},"modified":"2021-09-03T11:34:22","modified_gmt":"2021-09-03T09:34:22","slug":"sluchowisko-poetki-z-ravensbruck","status":"publish","type":"post","link":"https:\/\/www.rodzinaravensbruck.pl\/index.php\/2021\/09\/03\/sluchowisko-poetki-z-ravensbruck\/","title":{"rendered":"S\u0142uchowisko &#8222;Poetki z Ravensbruck&#8221;"},"content":{"rendered":"<p>Scenariusz s\u0142uchowiska powsta\u0142 na podstawie dokument\u00f3w z Archiwum Polskiego w Lund\u00a0i w oparciu o prywatne zbiory wi\u0119\u017aniarek Ravensbruck: Marii Leliwa-\u017burowskiej i Ludwiki hr. Beoel-Plater oraz broszury wydanej przez Fundacj\u0119 Jana Paw\u0142a II w Lund.<!--more--><\/p>\n<p>S\u0142uchowisko w re\u017cyserii Jaros\u0142awa Gajewskiego, z muzyk\u0105 Piotra Mossa, jest pr\u00f3b\u0105 cofni\u0119cia si\u0119 w mroczne czasy II wojny \u015bwiatowej i oddania klimatu tamtych dni. Jerzy Marciniak za tekst &#8222;Poetek z Ravensbruck&#8221; otrzyma\u0142 III nagrod\u0119 w Konkursie im. Stanis\u0142awa Grochowiaka w Lesznie.<\/p>\n<p>***<\/p>\n<p>Jerzy Marciniak &#8222;Poetki z Ravensbruck&#8221;<\/p>\n<p>Re\u017cyseria:\u00a0Jaros\u0142aw Gajewski<\/p>\n<p>Realizacja akustyczna:\u00a0Andrzej Brzoska<\/p>\n<p>Realizacja d\u017awi\u0119ku:\u00a0Andrzej Brzoska<\/p>\n<p>Muzyka:\u00a0Piotr Moss<\/p>\n<p>Wyst\u0119puj\u0105:\u00a0Anna Chodakowska, Jolanta Olszewska, Marian Opania, Marcin Tro\u0144ski, Piotr Grabowski, Jaros\u0142aw Gajewski.<\/p>\n<p>Mo\u017cna wys\u0142ucha\u0107: <a href=\"https:\/\/player.polskieradio.pl\/kolejka\" target=\"_blank\" rel=\"noopener\">https:\/\/player.polskieradio.pl\/kolejka<\/a><\/p>\n<p>Przeczyta\u0107: <a href=\"https:\/\/pisarze.pl\/pdf\/poetki_z_ravensbruck.pdf\" target=\"_blank\" rel=\"noopener\">https:\/\/pisarze.pl\/pdf\/poetki_z_ravensbruck.pdf<\/a><\/p>\n<p>&nbsp;<\/p>\n","protected":false},"excerpt":{"rendered":"<p>Scenariusz s\u0142uchowiska powsta\u0142 na podstawie dokument\u00f3w z Archiwum Polskiego w Lund\u00a0i w oparciu o prywatne zbiory wi\u0119\u017aniarek Ravensbruck: Marii Leliwa-\u017burowskiej i Ludwiki hr. Beoel-Plater oraz broszury wydanej przez Fundacj\u0119 Jana Paw\u0142a II w Lund.<\/p>\n","protected":false},"author":1,"featured_media":2569,"comment_status":"closed","ping_status":"open","sticky":false,"template":"","format":"standard","meta":{"ngg_post_thumbnail":0,"footnotes":""},"categories":[4],"tags":[],"class_list":["post-2710","post","type-post","status-publish","format-standard","has-post-thumbnail","hentry","category-aktualnosci"],"_links":{"self":[{"href":"https:\/\/www.rodzinaravensbruck.pl\/index.php\/wp-json\/wp\/v2\/posts\/2710","targetHints":{"allow":["GET"]}}],"collection":[{"href":"https:\/\/www.rodzinaravensbruck.pl\/index.php\/wp-json\/wp\/v2\/posts"}],"about":[{"href":"https:\/\/www.rodzinaravensbruck.pl\/index.php\/wp-json\/wp\/v2\/types\/post"}],"author":[{"embeddable":true,"href":"https:\/\/www.rodzinaravensbruck.pl\/index.php\/wp-json\/wp\/v2\/users\/1"}],"replies":[{"embeddable":true,"href":"https:\/\/www.rodzinaravensbruck.pl\/index.php\/wp-json\/wp\/v2\/comments?post=2710"}],"version-history":[{"count":1,"href":"https:\/\/www.rodzinaravensbruck.pl\/index.php\/wp-json\/wp\/v2\/posts\/2710\/revisions"}],"predecessor-version":[{"id":2711,"href":"https:\/\/www.rodzinaravensbruck.pl\/index.php\/wp-json\/wp\/v2\/posts\/2710\/revisions\/2711"}],"wp:featuredmedia":[{"embeddable":true,"href":"https:\/\/www.rodzinaravensbruck.pl\/index.php\/wp-json\/wp\/v2\/media\/2569"}],"wp:attachment":[{"href":"https:\/\/www.rodzinaravensbruck.pl\/index.php\/wp-json\/wp\/v2\/media?parent=2710"}],"wp:term":[{"taxonomy":"category","embeddable":true,"href":"https:\/\/www.rodzinaravensbruck.pl\/index.php\/wp-json\/wp\/v2\/categories?post=2710"},{"taxonomy":"post_tag","embeddable":true,"href":"https:\/\/www.rodzinaravensbruck.pl\/index.php\/wp-json\/wp\/v2\/tags?post=2710"}],"curies":[{"name":"wp","href":"https:\/\/api.w.org\/{rel}","templated":true}]}}