{"id":2809,"date":"2021-09-23T23:10:39","date_gmt":"2021-09-23T21:10:39","guid":{"rendered":"http:\/\/www.rodzinaravensbruck.pl\/?p=2809"},"modified":"2021-09-24T10:54:44","modified_gmt":"2021-09-24T08:54:44","slug":"dziewczeta-w-kl-ravensbruck-to-nowa-wystawa-stala-w-oddziale-martyrologii-pod-zegarem-muzeum-narodowego-w-lublinie","status":"publish","type":"post","link":"https:\/\/www.rodzinaravensbruck.pl\/index.php\/2021\/09\/23\/dziewczeta-w-kl-ravensbruck-to-nowa-wystawa-stala-w-oddziale-martyrologii-pod-zegarem-muzeum-narodowego-w-lublinie\/","title":{"rendered":"\u201eDziewcz\u0119ta w KL Ravensbr\u00fcck\u201d to nowa wystawa sta\u0142a w Oddziale Martyrologii \u201ePod Zegarem\u201d &#8211; Muzeum Narodowego w Lublinie."},"content":{"rendered":"<p>Wystawa zosta\u0142a otworzona w 80. rocznic\u0119 transportu specjalnego (Sondertransportu) lubelsko-warszawskiego do KL Ravensbr\u00fcck oraz w 100. rocznic\u0119 urodzin prof. Wandy P\u00f3\u0142tawskiej, ostatniej \u017cyj\u0105cej wi\u0119\u017aniarki poddanej pseudomedycznym eksperymentom.<\/p>\n<p>Go\u015bciem specjalnym otwarcia wystawy \u201eDziewcz\u0119ta w KL Ravensbr\u00fcck\u201d by\u0142a prof. Wanda P\u00f3\u0142tawska. Na wernisa\u017cu wystawy byli obecni r\u00f3wnie\u017c cz\u0142onkowie rodzin wi\u0119\u017aniarek z Ravensbr\u00fcck.<!--more--><\/p>\n<p>Ekspozycja \u201eDziewcz\u0119ta w KL Ravensbr\u00fcck\u201d po\u015bwi\u0119cona zosta\u0142a siedemdziesi\u0119ciu czterem m\u0142odym Polkom, kt\u00f3re w niemieckim obozie koncentracyjnym zosta\u0142y poddane eksperymentom pseudomedycznym. Do\u015bwiadczenia przeprowadzano na lubelskich oraz warszawskich wi\u0119\u017aniarkach politycznych przez niemieckich lekarzy. W przestrzeni wystawienniczej pokazano dwa \u015bwiaty \u2013 m\u0142odzie\u0144czej wolno\u015bci i piek\u0142a obozowego. Ilustracj\u0105 rado\u015bci w pierwszej cz\u0119\u015bci ekspozycji jest bogata ikonografia przedstawiaj\u0105ca dziewcz\u0119ta w czasach przedwojennych. W drugiej cz\u0119\u015bci wystawy narracj\u0119 buduj\u0105 oryginalne listy obozowe pisane atramentem sympatycznym (moczem) przez operowane wi\u0119\u017aniarki, tzw. Kr\u00f3liki, do lubelskich rodzin. Dope\u0142nieniem tego w\u0105tku ekspozycji jest wstrz\u0105saj\u0105ca ikonografia okaleczonych n\u00f3g polskich m\u0142odych kobiet. Muzeum Martyrologii \u201ePod Zegarem\u201d od lat zbiera dokumenty i osobiste pami\u0105tki wi\u0119\u017aniarek.<\/p>\n<p>Otwarciu towarzyszy\u0142a msza \u015bw. odprawiona w intencji wi\u0119\u017aniarek oraz prof. Wandy P\u00f3\u0142tawskiej.<\/p>\n<p>W uroczysto\u015bci uczestniczy\u0142a Maria Lorens, wice-prezes Stowarzyszenia Rodzina Wi\u0119\u017aniarek Niemieckiego Obozu Koncentracyjnego \u00a0Ravensbr\u00fcck, kt\u00f3ra w imieniu Stowarzyszenia zabra\u0142a g\u0142os. Zosta\u0142y z\u0142o\u017cone kwiaty pod tablic\u0105 upami\u0119tniaj\u0105ca na Zamku.<\/p>\n<p>W czasie uroczysto\u015bci zosta\u0142 wyemitowany film w re\u017cyserii Magdaleny i Rafa\u0142a Ko\u0142odziejczyk\u00f3w dedykowany Gra\u017cynie Chrostowskiej, wi\u0119\u017aniarce KL Ravensbr\u00fcck, poetce, harcerce, w 100. rocznic\u0119 urodzin: <a href=\"https:\/\/wetransfer.com\/downloads\/5d39aed81f5cd95e1573273f8bf663e220210924043127\/8dd9c3\" target=\"_blank\" rel=\"noopener\">https:\/\/wetransfer.com\/downloads\/5d39aed81f5cd95e1573273f8bf663e220210924043127\/8dd9c3<\/a><\/p>\n<p><a href=\"https:\/\/www.polskieradio24.pl\/5\/1222\/Artykul\/2811805,Msza-sw-w-intencji-wiezniarek-KL-Ravensbr%C3%BCck-i-wystawa-w-muzeum-Trzeba-bronic-pamieci-ofiar\" target=\"_blank\" rel=\"noopener\">https:\/\/www.polskieradio24.pl\/5\/1222\/Artykul\/2811805,Msza-sw-w-intencji-wiezniarek-KL-Ravensbr%C3%BCck-i-wystawa-w-muzeum-Trzeba-bronic-pamieci-ofiar<\/a><\/p>\n<p>Tekst: \u0141ukasz Krzysiak, kierownik Muzeum Martyrologii &#8222;Pod Zegarem&#8221; Oddzia\u0142 Muzeum Narodowego w Lublinie<\/p>\n<p>Autorka zdj\u0119\u0107:Agnieszka Bo\u017cechowska z Dzia\u0142u Promocji Muzeum Narodowego w Lublinie<\/p>\n<div id=\"grid-gallery-50-63472\" data-gg-id=\"50\" data-title=\"Dziewcz\u0119ta w KL Ravensbr\u00fcck\" data-grid-type=\"1\" data-offset=\"0\" data-area-position=\"center\" data-icons=\"\" data-preloader=\"true\" data-width=\"215\" data-height=\"\" data-padding=\"0\" data-quicksand=\"disabled\" data-quicksand-duration=\"none\" data-popup-theme=\"theme_6\" data-popup-type=\"pretty-photo\" data-popup-image-text=\"data-description\" data-popup-widthsize=\"auto\" data-popup-heightsize=\"auto\" data-popup-i18n-words=\"{&quot;close&quot;:&quot;close&quot;,&quot;next&quot;:&quot;next&quot;,&quot;previous&quot;:&quot;previous&quot;,&quot;start_slideshow&quot;:&quot;start slideshow&quot;,&quot;stop_slideshow&quot;:&quot;stop slideshow&quot;,&quot;image&quot;:&quot;image&quot;,&quot;of&quot;:&quot;of&quot;,&quot;prev&quot;:&quot;prev&quot;,&quot;cExpand&quot;:&quot;Expand&quot;,&quot;cPrevious&quot;:&quot;Previous&quot;,&quot;cNext&quot;:&quot;Next&quot;,&quot;cExpandStr&quot;:&quot;Expand the image&quot;,&quot;cRotate&quot;:&quot;Rotate&quot;,&quot;cDetails&quot;:&quot;Details&quot;}\" data-popup-slideshow=\"false\" data-popup-slideshow-speed=\"2500\" data-popup-hoverstop=\"true\" data-popup-slideshow-auto=\"false\" data-popup-background=\"\" data-popup-transparency=\"30\" data-popup-disable-history=\"\" data-popup-disable-changed-url=\"\" data-popup-border-type=\"solid\" data-popup-border-color=\"\" data-popup-border-width=\"\" data-popup-border-enable=\"\" data-fullscreen=\"false\" data-hide-tooltip=\"false\" data-caption-font-family=\"Default\" data-caption-text-size=\"140\" data-is-mobile=\"0\" data-caption-mobile=\"false\" data-hide-long-tltp-title=\"0\" data-caption-disabled-on-mobile=\"false\" data-popup-placement-type=\"0\" data-social-sharing=\"{&quot;enabled&quot;:&quot;&quot;,&quot;gallerySharing&quot;:{&quot;enabled&quot;:null,&quot;position&quot;:null},&quot;imageSharing&quot;:{&quot;enabled&quot;:null,&quot;wrapperClass&quot;:&quot; vertical &quot;},&quot;popupSharing&quot;:{&quot;enabled&quot;:null,&quot;wrapperClass&quot;:&quot; vertical &quot;}}\" class=\"grid-gallery grid-gallery-fluid-height \" style=\" width:100%; height:auto; margin-left:auto; margin-right:auto;position:relative;\"> <div class=\"gallery-loading\"> <div class=\"blocks\"> <div class=\"block\"><\/div> <div class=\"block\"><\/div> <div class=\"block\"><\/div> <div class=\"block\"><\/div> <\/div> <\/div> <div class=\"gallery-sharing-top\" style=\"display:none;\"> <\/div> <div id=\"photos-50\" class=\"grid-gallery-photos\"><FIGURE class=\"grid-gallery-caption\" data-grid-gallery-type=\"revolving-door-left\" data-index=\"0\" style=\"display:none;border-radius:00;; margin:0px; width:2150;\" ><div class=\"crop\" style=\"\"><img decoding=\"async\" src=\"http:\/\/www.rodzinaravensbruck.pl\/wp-content\/uploads\/2021\/09\/DSC_0838-scaled-215x143.jpg\" class=\"ggImg\" alt=\"DSC_0838\" title=\"DSC_0838\" data-description=\"DSC_0838\" data-caption=\"DSC_0838\" data-title=\"DSC_0838\" style=\" width:215px;\" \/><\/div><FIGCAPTION class=\"\" data-alpha=\"5\" style=\"color:#ffffff; background-color:#0a076d; font-size:140; text-align:left; font-family:Default;\" ><div class=\"grid-gallery-figcaption-wrap\" style=\"\"><\/div><\/FIGCAPTION><\/FIGURE><FIGURE class=\"grid-gallery-caption\" data-grid-gallery-type=\"revolving-door-left\" data-index=\"1\" style=\"display:none;border-radius:00;; margin:0px; width:2150;\" ><div class=\"crop\" style=\"\"><img decoding=\"async\" src=\"http:\/\/www.rodzinaravensbruck.pl\/wp-content\/uploads\/2021\/09\/DSC_0853-scaled-215x143.jpg\" class=\"ggImg\" alt=\"DSC_0853\" title=\"DSC_0853\" data-description=\"DSC_0853\" data-caption=\"DSC_0853\" data-title=\"DSC_0853\" style=\" width:215px;\" \/><\/div><FIGCAPTION class=\"\" data-alpha=\"5\" style=\"color:#ffffff; background-color:#0a076d; font-size:140; text-align:left; font-family:Default;\" ><div class=\"grid-gallery-figcaption-wrap\" style=\"\"><\/div><\/FIGCAPTION><\/FIGURE><FIGURE class=\"grid-gallery-caption\" data-grid-gallery-type=\"revolving-door-left\" data-index=\"2\" style=\"display:none;border-radius:00;; margin:0px; width:2150;\" ><div class=\"crop\" style=\"\"><img decoding=\"async\" src=\"http:\/\/www.rodzinaravensbruck.pl\/wp-content\/uploads\/2021\/09\/DSC_0858-scaled-215x143.jpg\" class=\"ggImg\" alt=\"DSC_0858\" title=\"DSC_0858\" data-description=\"DSC_0858\" data-caption=\"DSC_0858\" data-title=\"DSC_0858\" style=\" width:215px;\" \/><\/div><FIGCAPTION class=\"\" data-alpha=\"5\" style=\"color:#ffffff; background-color:#0a076d; font-size:140; text-align:left; font-family:Default;\" ><div class=\"grid-gallery-figcaption-wrap\" style=\"\"><\/div><\/FIGCAPTION><\/FIGURE><FIGURE class=\"grid-gallery-caption\" data-grid-gallery-type=\"revolving-door-left\" data-index=\"3\" style=\"display:none;border-radius:00;; margin:0px; width:2150;\" ><div class=\"crop\" style=\"\"><img decoding=\"async\" src=\"http:\/\/www.rodzinaravensbruck.pl\/wp-content\/uploads\/2021\/09\/DSC_0863-scaled-215x143.jpg\" class=\"ggImg\" alt=\"DSC_0863\" title=\"DSC_0863\" data-description=\"DSC_0863\" data-caption=\"DSC_0863\" data-title=\"DSC_0863\" style=\" width:215px;\" \/><\/div><FIGCAPTION class=\"\" data-alpha=\"5\" style=\"color:#ffffff; background-color:#0a076d; font-size:140; text-align:left; font-family:Default;\" ><div class=\"grid-gallery-figcaption-wrap\" style=\"\"><\/div><\/FIGCAPTION><\/FIGURE><FIGURE class=\"grid-gallery-caption\" data-grid-gallery-type=\"revolving-door-left\" data-index=\"4\" style=\"display:none;border-radius:00;; margin:0px; width:2150;\" ><div class=\"crop\" style=\"\"><img decoding=\"async\" src=\"http:\/\/www.rodzinaravensbruck.pl\/wp-content\/uploads\/2021\/09\/DSC_0870-scaled-215x143.jpg\" class=\"ggImg\" alt=\"DSC_0870\" title=\"DSC_0870\" data-description=\"DSC_0870\" data-caption=\"DSC_0870\" data-title=\"DSC_0870\" style=\" width:215px;\" \/><\/div><FIGCAPTION class=\"\" data-alpha=\"5\" style=\"color:#ffffff; background-color:#0a076d; font-size:140; text-align:left; font-family:Default;\" ><div class=\"grid-gallery-figcaption-wrap\" style=\"\"><\/div><\/FIGCAPTION><\/FIGURE><FIGURE class=\"grid-gallery-caption\" data-grid-gallery-type=\"revolving-door-left\" data-index=\"5\" style=\"display:none;border-radius:00;; margin:0px; width:2150;\" ><div class=\"crop\" style=\"\"><img decoding=\"async\" src=\"http:\/\/www.rodzinaravensbruck.pl\/wp-content\/uploads\/2021\/09\/DSC_0871-scaled-215x143.jpg\" class=\"ggImg\" alt=\"DSC_0871\" title=\"DSC_0871\" data-description=\"DSC_0871\" data-caption=\"DSC_0871\" data-title=\"DSC_0871\" style=\" width:215px;\" \/><\/div><FIGCAPTION class=\"\" data-alpha=\"5\" style=\"color:#ffffff; background-color:#0a076d; font-size:140; text-align:left; font-family:Default;\" ><div class=\"grid-gallery-figcaption-wrap\" style=\"\"><\/div><\/FIGCAPTION><\/FIGURE><FIGURE class=\"grid-gallery-caption\" data-grid-gallery-type=\"revolving-door-left\" data-index=\"6\" style=\"display:none;border-radius:00;; margin:0px; width:2150;\" ><div class=\"crop\" style=\"\"><img decoding=\"async\" src=\"http:\/\/www.rodzinaravensbruck.pl\/wp-content\/uploads\/2021\/09\/DSC_0873-scaled-215x143.jpg\" class=\"ggImg\" alt=\"DSC_0873\" title=\"DSC_0873\" data-description=\"DSC_0873\" data-caption=\"DSC_0873\" data-title=\"DSC_0873\" style=\" width:215px;\" \/><\/div><FIGCAPTION class=\"\" data-alpha=\"5\" style=\"color:#ffffff; background-color:#0a076d; font-size:140; text-align:left; font-family:Default;\" ><div class=\"grid-gallery-figcaption-wrap\" style=\"\"><\/div><\/FIGCAPTION><\/FIGURE><FIGURE class=\"grid-gallery-caption\" data-grid-gallery-type=\"revolving-door-left\" data-index=\"7\" style=\"display:none;border-radius:00;; margin:0px; width:2150;\" ><div class=\"crop\" style=\"\"><img decoding=\"async\" src=\"http:\/\/www.rodzinaravensbruck.pl\/wp-content\/uploads\/2021\/09\/DSC_0883-scaled-215x143.jpg\" class=\"ggImg\" alt=\"DSC_0883\" title=\"DSC_0883\" data-description=\"DSC_0883\" data-caption=\"DSC_0883\" data-title=\"DSC_0883\" style=\" width:215px;\" \/><\/div><FIGCAPTION class=\"\" data-alpha=\"5\" style=\"color:#ffffff; background-color:#0a076d; font-size:140; text-align:left; font-family:Default;\" ><div class=\"grid-gallery-figcaption-wrap\" style=\"\"><\/div><\/FIGCAPTION><\/FIGURE><FIGURE class=\"grid-gallery-caption\" data-grid-gallery-type=\"revolving-door-left\" data-index=\"8\" style=\"display:none;border-radius:00;; margin:0px; width:2150;\" ><div class=\"crop\" style=\"\"><img decoding=\"async\" src=\"http:\/\/www.rodzinaravensbruck.pl\/wp-content\/uploads\/2021\/09\/DSC_0986-scaled-215x143.jpg\" class=\"ggImg\" alt=\"DSC_0986\" title=\"DSC_0986\" data-description=\"DSC_0986\" data-caption=\"DSC_0986\" data-title=\"DSC_0986\" style=\" width:215px;\" \/><\/div><FIGCAPTION class=\"\" data-alpha=\"5\" style=\"color:#ffffff; background-color:#0a076d; font-size:140; text-align:left; font-family:Default;\" ><div class=\"grid-gallery-figcaption-wrap\" style=\"\"><\/div><\/FIGCAPTION><\/FIGURE><FIGURE class=\"grid-gallery-caption\" data-grid-gallery-type=\"revolving-door-left\" data-index=\"9\" style=\"display:none;border-radius:00;; margin:0px; width:2150;\" ><div class=\"crop\" style=\"\"><img decoding=\"async\" src=\"http:\/\/www.rodzinaravensbruck.pl\/wp-content\/uploads\/2021\/09\/DSC_1009-scaled-215x143.jpg\" class=\"ggImg\" alt=\"DSC_1009\" title=\"DSC_1009\" data-description=\"DSC_1009\" data-caption=\"DSC_1009\" data-title=\"DSC_1009\" style=\" width:215px;\" \/><\/div><FIGCAPTION class=\"\" data-alpha=\"5\" style=\"color:#ffffff; background-color:#0a076d; font-size:140; text-align:left; font-family:Default;\" ><div class=\"grid-gallery-figcaption-wrap\" style=\"\"><\/div><\/FIGCAPTION><\/FIGURE><FIGURE class=\"grid-gallery-caption\" data-grid-gallery-type=\"revolving-door-left\" data-index=\"10\" style=\"display:none;border-radius:00;; margin:0px; width:2150;\" ><div class=\"crop\" style=\"\"><img decoding=\"async\" src=\"http:\/\/www.rodzinaravensbruck.pl\/wp-content\/uploads\/2021\/09\/DSC_1017-scaled-215x143.jpg\" class=\"ggImg\" alt=\"DSC_1017\" title=\"DSC_1017\" data-description=\"DSC_1017\" data-caption=\"DSC_1017\" data-title=\"DSC_1017\" style=\" width:215px;\" \/><\/div><FIGCAPTION class=\"\" data-alpha=\"5\" style=\"color:#ffffff; background-color:#0a076d; font-size:140; text-align:left; font-family:Default;\" ><div class=\"grid-gallery-figcaption-wrap\" style=\"\"><\/div><\/FIGCAPTION><\/FIGURE><FIGURE class=\"grid-gallery-caption\" data-grid-gallery-type=\"revolving-door-left\" data-index=\"11\" style=\"display:none;border-radius:00;; margin:0px; width:2150;\" ><div class=\"crop\" style=\"\"><img decoding=\"async\" src=\"http:\/\/www.rodzinaravensbruck.pl\/wp-content\/uploads\/2021\/09\/DSC_1025-scaled-215x143.jpg\" class=\"ggImg\" alt=\"DSC_1025\" title=\"DSC_1025\" data-description=\"DSC_1025\" data-caption=\"DSC_1025\" data-title=\"DSC_1025\" style=\" width:215px;\" \/><\/div><FIGCAPTION class=\"\" data-alpha=\"5\" style=\"color:#ffffff; background-color:#0a076d; font-size:140; text-align:left; font-family:Default;\" ><div class=\"grid-gallery-figcaption-wrap\" style=\"\"><\/div><\/FIGCAPTION><\/FIGURE><FIGURE class=\"grid-gallery-caption\" data-grid-gallery-type=\"revolving-door-left\" data-index=\"12\" style=\"display:none;border-radius:00;; margin:0px; width:2150;\" ><div class=\"crop\" style=\"\"><img decoding=\"async\" src=\"http:\/\/www.rodzinaravensbruck.pl\/wp-content\/uploads\/2021\/09\/DSC_1032-scaled-215x143.jpg\" class=\"ggImg\" alt=\"DSC_1032\" title=\"DSC_1032\" data-description=\"DSC_1032\" data-caption=\"DSC_1032\" data-title=\"DSC_1032\" style=\" width:215px;\" \/><\/div><FIGCAPTION class=\"\" data-alpha=\"5\" style=\"color:#ffffff; background-color:#0a076d; font-size:140; text-align:left; font-family:Default;\" ><div class=\"grid-gallery-figcaption-wrap\" style=\"\"><\/div><\/FIGCAPTION><\/FIGURE><FIGURE class=\"grid-gallery-caption\" data-grid-gallery-type=\"revolving-door-left\" data-index=\"13\" style=\"display:none;border-radius:00;; margin:0px; width:2150;\" ><div class=\"crop\" style=\"\"><img decoding=\"async\" src=\"http:\/\/www.rodzinaravensbruck.pl\/wp-content\/uploads\/2021\/09\/DSC_1053-scaled-215x143.jpg\" class=\"ggImg\" alt=\"DSC_1053\" title=\"DSC_1053\" data-description=\"DSC_1053\" data-caption=\"DSC_1053\" data-title=\"DSC_1053\" style=\" width:215px;\" \/><\/div><FIGCAPTION class=\"\" data-alpha=\"5\" style=\"color:#ffffff; background-color:#0a076d; font-size:140; text-align:left; font-family:Default;\" ><div class=\"grid-gallery-figcaption-wrap\" style=\"\"><\/div><\/FIGCAPTION><\/FIGURE><FIGURE class=\"grid-gallery-caption\" data-grid-gallery-type=\"revolving-door-left\" data-index=\"14\" style=\"display:none;border-radius:00;; margin:0px; width:2150;\" ><div class=\"crop\" style=\"\"><img decoding=\"async\" src=\"http:\/\/www.rodzinaravensbruck.pl\/wp-content\/uploads\/2021\/09\/DSC_1075-scaled-215x143.jpg\" class=\"ggImg\" alt=\"DSC_1075\" title=\"DSC_1075\" data-description=\"DSC_1075\" data-caption=\"DSC_1075\" data-title=\"DSC_1075\" style=\" width:215px;\" \/><\/div><FIGCAPTION class=\"\" data-alpha=\"5\" style=\"color:#ffffff; background-color:#0a076d; font-size:140; text-align:left; font-family:Default;\" ><div class=\"grid-gallery-figcaption-wrap\" style=\"\"><\/div><\/FIGCAPTION><\/FIGURE><FIGURE class=\"grid-gallery-caption\" data-grid-gallery-type=\"revolving-door-left\" data-index=\"15\" style=\"display:none;border-radius:00;; margin:0px; width:2150;\" ><div class=\"crop\" style=\"\"><img decoding=\"async\" src=\"http:\/\/www.rodzinaravensbruck.pl\/wp-content\/uploads\/2021\/09\/DSC_1089-scaled-215x143.jpg\" class=\"ggImg\" alt=\"DSC_1089\" title=\"DSC_1089\" data-description=\"DSC_1089\" data-caption=\"DSC_1089\" data-title=\"DSC_1089\" style=\" width:215px;\" \/><\/div><FIGCAPTION class=\"\" data-alpha=\"5\" style=\"color:#ffffff; background-color:#0a076d; font-size:140; text-align:left; font-family:Default;\" ><div class=\"grid-gallery-figcaption-wrap\" style=\"\"><\/div><\/FIGCAPTION><\/FIGURE><FIGURE class=\"grid-gallery-caption\" data-grid-gallery-type=\"revolving-door-left\" data-index=\"16\" style=\"display:none;border-radius:00;; margin:0px; width:2150;\" ><div class=\"crop\" style=\"\"><img decoding=\"async\" src=\"http:\/\/www.rodzinaravensbruck.pl\/wp-content\/uploads\/2021\/09\/DSC_1112-scaled-215x143.jpg\" class=\"ggImg\" alt=\"DSC_1112\" title=\"DSC_1112\" data-description=\"DSC_1112\" data-caption=\"DSC_1112\" data-title=\"DSC_1112\" style=\" width:215px;\" \/><\/div><FIGCAPTION class=\"\" data-alpha=\"5\" style=\"color:#ffffff; background-color:#0a076d; font-size:140; text-align:left; font-family:Default;\" ><div class=\"grid-gallery-figcaption-wrap\" style=\"\"><\/div><\/FIGCAPTION><\/FIGURE><FIGURE class=\"grid-gallery-caption\" data-grid-gallery-type=\"revolving-door-left\" data-index=\"17\" style=\"display:none;border-radius:00;; margin:0px; width:2150;\" ><div class=\"crop\" style=\"\"><img decoding=\"async\" src=\"http:\/\/www.rodzinaravensbruck.pl\/wp-content\/uploads\/2021\/09\/DSC_1129-scaled-215x143.jpg\" class=\"ggImg\" alt=\"DSC_1129\" title=\"DSC_1129\" data-description=\"DSC_1129\" data-caption=\"DSC_1129\" data-title=\"DSC_1129\" style=\" width:215px;\" \/><\/div><FIGCAPTION class=\"\" data-alpha=\"5\" style=\"color:#ffffff; background-color:#0a076d; font-size:140; text-align:left; font-family:Default;\" ><div class=\"grid-gallery-figcaption-wrap\" style=\"\"><\/div><\/FIGCAPTION><\/FIGURE><FIGURE class=\"grid-gallery-caption\" data-grid-gallery-type=\"revolving-door-left\" data-index=\"18\" style=\"display:none;border-radius:00;; margin:0px; width:2150;\" ><div class=\"crop\" style=\"\"><img decoding=\"async\" src=\"http:\/\/www.rodzinaravensbruck.pl\/wp-content\/uploads\/2021\/09\/DSC_1147-scaled-215x143.jpg\" class=\"ggImg\" alt=\"DSC_1147\" title=\"DSC_1147\" data-description=\"DSC_1147\" data-caption=\"DSC_1147\" data-title=\"DSC_1147\" style=\" width:215px;\" \/><\/div><FIGCAPTION class=\"\" data-alpha=\"5\" style=\"color:#ffffff; background-color:#0a076d; font-size:140; text-align:left; font-family:Default;\" ><div class=\"grid-gallery-figcaption-wrap\" style=\"\"><\/div><\/FIGCAPTION><\/FIGURE><FIGURE class=\"grid-gallery-caption\" data-grid-gallery-type=\"revolving-door-left\" data-index=\"19\" style=\"display:none;border-radius:00;; margin:0px; width:2150;\" ><div class=\"crop\" style=\"\"><img decoding=\"async\" src=\"http:\/\/www.rodzinaravensbruck.pl\/wp-content\/uploads\/2021\/09\/DSC_1165-scaled-215x143.jpg\" class=\"ggImg\" alt=\"DSC_1165\" title=\"DSC_1165\" data-description=\"DSC_1165\" data-caption=\"DSC_1165\" data-title=\"DSC_1165\" style=\" width:215px;\" \/><\/div><FIGCAPTION class=\"\" data-alpha=\"5\" style=\"color:#ffffff; background-color:#0a076d; font-size:140; text-align:left; font-family:Default;\" ><div class=\"grid-gallery-figcaption-wrap\" style=\"\"><\/div><\/FIGCAPTION><\/FIGURE><FIGURE class=\"grid-gallery-caption\" data-grid-gallery-type=\"revolving-door-left\" data-index=\"20\" style=\"display:none;border-radius:00;; margin:0px; width:2150;\" ><div class=\"crop\" style=\"\"><img decoding=\"async\" src=\"http:\/\/www.rodzinaravensbruck.pl\/wp-content\/uploads\/2021\/09\/DSC_1208-scaled-215x143.jpg\" class=\"ggImg\" alt=\"DSC_1208\" title=\"DSC_1208\" data-description=\"DSC_1208\" data-caption=\"DSC_1208\" data-title=\"DSC_1208\" style=\" width:215px;\" \/><\/div><FIGCAPTION class=\"\" data-alpha=\"5\" style=\"color:#ffffff; background-color:#0a076d; font-size:140; text-align:left; font-family:Default;\" ><div class=\"grid-gallery-figcaption-wrap\" style=\"\"><\/div><\/FIGCAPTION><\/FIGURE><FIGURE class=\"grid-gallery-caption\" data-grid-gallery-type=\"revolving-door-left\" data-index=\"21\" style=\"display:none;border-radius:00;; margin:0px; width:2150;\" ><div class=\"crop\" style=\"\"><img decoding=\"async\" src=\"http:\/\/www.rodzinaravensbruck.pl\/wp-content\/uploads\/2021\/09\/DSC_1214-scaled-215x143.jpg\" class=\"ggImg\" alt=\"DSC_1214\" title=\"DSC_1214\" data-description=\"DSC_1214\" data-caption=\"DSC_1214\" data-title=\"DSC_1214\" style=\" width:215px;\" \/><\/div><FIGCAPTION class=\"\" data-alpha=\"5\" style=\"color:#ffffff; background-color:#0a076d; font-size:140; text-align:left; font-family:Default;\" ><div class=\"grid-gallery-figcaption-wrap\" style=\"\"><\/div><\/FIGCAPTION><\/FIGURE><FIGURE class=\"grid-gallery-caption\" data-grid-gallery-type=\"revolving-door-left\" data-index=\"22\" style=\"display:none;border-radius:00;; margin:0px; width:2150;\" ><div class=\"crop\" style=\"\"><img decoding=\"async\" src=\"http:\/\/www.rodzinaravensbruck.pl\/wp-content\/uploads\/2021\/09\/DSC_1220-scaled-215x143.jpg\" class=\"ggImg\" alt=\"DSC_1220\" title=\"DSC_1220\" data-description=\"DSC_1220\" data-caption=\"DSC_1220\" data-title=\"DSC_1220\" style=\" width:215px;\" \/><\/div><FIGCAPTION class=\"\" data-alpha=\"5\" style=\"color:#ffffff; background-color:#0a076d; font-size:140; text-align:left; font-family:Default;\" ><div class=\"grid-gallery-figcaption-wrap\" style=\"\"><\/div><\/FIGCAPTION><\/FIGURE><FIGURE class=\"grid-gallery-caption\" data-grid-gallery-type=\"revolving-door-left\" data-index=\"23\" style=\"display:none;border-radius:00;; margin:0px; width:2150;\" ><div class=\"crop\" style=\"\"><img decoding=\"async\" src=\"http:\/\/www.rodzinaravensbruck.pl\/wp-content\/uploads\/2021\/09\/DSC_1230-scaled-215x143.jpg\" class=\"ggImg\" alt=\"DSC_1230\" title=\"DSC_1230\" data-description=\"DSC_1230\" data-caption=\"DSC_1230\" data-title=\"DSC_1230\" style=\" width:215px;\" \/><\/div><FIGCAPTION class=\"\" data-alpha=\"5\" style=\"color:#ffffff; background-color:#0a076d; font-size:140; text-align:left; font-family:Default;\" ><div class=\"grid-gallery-figcaption-wrap\" style=\"\"><\/div><\/FIGCAPTION><\/FIGURE><FIGURE class=\"grid-gallery-caption\" data-grid-gallery-type=\"revolving-door-left\" data-index=\"24\" style=\"display:none;border-radius:00;; margin:0px; width:2150;\" ><div class=\"crop\" style=\"\"><img decoding=\"async\" src=\"http:\/\/www.rodzinaravensbruck.pl\/wp-content\/uploads\/2021\/09\/DSC_1236-scaled-215x143.jpg\" class=\"ggImg\" alt=\"DSC_1236\" title=\"DSC_1236\" data-description=\"DSC_1236\" data-caption=\"DSC_1236\" data-title=\"DSC_1236\" style=\" width:215px;\" \/><\/div><FIGCAPTION class=\"\" data-alpha=\"5\" style=\"color:#ffffff; background-color:#0a076d; font-size:140; text-align:left; font-family:Default;\" ><div class=\"grid-gallery-figcaption-wrap\" style=\"\"><\/div><\/FIGCAPTION><\/FIGURE><FIGURE class=\"grid-gallery-caption\" data-grid-gallery-type=\"revolving-door-left\" data-index=\"25\" style=\"display:none;border-radius:00;; margin:0px; width:2150;\" ><div class=\"crop\" style=\"\"><img decoding=\"async\" src=\"http:\/\/www.rodzinaravensbruck.pl\/wp-content\/uploads\/2021\/09\/DSC_1240-scaled-215x143.jpg\" class=\"ggImg\" alt=\"DSC_1240\" title=\"DSC_1240\" data-description=\"DSC_1240\" data-caption=\"DSC_1240\" data-title=\"DSC_1240\" style=\" width:215px;\" \/><\/div><FIGCAPTION class=\"\" data-alpha=\"5\" style=\"color:#ffffff; background-color:#0a076d; font-size:140; text-align:left; font-family:Default;\" ><div class=\"grid-gallery-figcaption-wrap\" style=\"\"><\/div><\/FIGCAPTION><\/FIGURE><FIGURE class=\"grid-gallery-caption\" data-grid-gallery-type=\"revolving-door-left\" data-index=\"26\" style=\"display:none;border-radius:00;; margin:0px; width:2150;\" ><div class=\"crop\" style=\"\"><img decoding=\"async\" src=\"http:\/\/www.rodzinaravensbruck.pl\/wp-content\/uploads\/2021\/09\/DSC_1301-scaled-215x143.jpg\" class=\"ggImg\" alt=\"DSC_1301\" title=\"DSC_1301\" data-description=\"DSC_1301\" data-caption=\"DSC_1301\" data-title=\"DSC_1301\" style=\" width:215px;\" \/><\/div><FIGCAPTION class=\"\" data-alpha=\"5\" style=\"color:#ffffff; background-color:#0a076d; font-size:140; text-align:left; font-family:Default;\" ><div class=\"grid-gallery-figcaption-wrap\" style=\"\"><\/div><\/FIGCAPTION><\/FIGURE><FIGURE class=\"grid-gallery-caption\" data-grid-gallery-type=\"revolving-door-left\" data-index=\"27\" style=\"display:none;border-radius:00;; margin:0px; width:2150;\" ><div class=\"crop\" style=\"\"><img decoding=\"async\" src=\"http:\/\/www.rodzinaravensbruck.pl\/wp-content\/uploads\/2021\/09\/DSC_1368-scaled-215x143.jpg\" class=\"ggImg\" alt=\"DSC_1368\" title=\"DSC_1368\" data-description=\"DSC_1368\" data-caption=\"DSC_1368\" data-title=\"DSC_1368\" style=\" width:215px;\" \/><\/div><FIGCAPTION class=\"\" data-alpha=\"5\" style=\"color:#ffffff; background-color:#0a076d; font-size:140; text-align:left; font-family:Default;\" ><div class=\"grid-gallery-figcaption-wrap\" style=\"\"><\/div><\/FIGCAPTION><\/FIGURE><FIGURE class=\"grid-gallery-caption\" data-grid-gallery-type=\"revolving-door-left\" data-index=\"28\" style=\"display:none;border-radius:00;; margin:0px; width:2150;\" ><div class=\"crop\" style=\"\"><img decoding=\"async\" src=\"http:\/\/www.rodzinaravensbruck.pl\/wp-content\/uploads\/2021\/09\/DSC_1383-scaled-215x143.jpg\" class=\"ggImg\" alt=\"DSC_1383\" title=\"DSC_1383\" data-description=\"DSC_1383\" data-caption=\"DSC_1383\" data-title=\"DSC_1383\" style=\" width:215px;\" \/><\/div><FIGCAPTION class=\"\" data-alpha=\"5\" style=\"color:#ffffff; background-color:#0a076d; font-size:140; text-align:left; font-family:Default;\" ><div class=\"grid-gallery-figcaption-wrap\" style=\"\"><\/div><\/FIGCAPTION><\/FIGURE><FIGURE class=\"grid-gallery-caption\" data-grid-gallery-type=\"revolving-door-left\" data-index=\"29\" style=\"display:none;border-radius:00;; margin:0px; width:2150;\" ><div class=\"crop\" style=\"\"><img decoding=\"async\" src=\"http:\/\/www.rodzinaravensbruck.pl\/wp-content\/uploads\/2021\/09\/DSC_1388-scaled-215x143.jpg\" class=\"ggImg\" alt=\"DSC_1388\" title=\"DSC_1388\" data-description=\"DSC_1388\" data-caption=\"DSC_1388\" data-title=\"DSC_1388\" style=\" width:215px;\" \/><\/div><FIGCAPTION class=\"\" data-alpha=\"5\" style=\"color:#ffffff; background-color:#0a076d; font-size:140; text-align:left; font-family:Default;\" ><div class=\"grid-gallery-figcaption-wrap\" style=\"\"><\/div><\/FIGCAPTION><\/FIGURE><FIGURE class=\"grid-gallery-caption\" data-grid-gallery-type=\"revolving-door-left\" data-index=\"30\" style=\"display:none;border-radius:00;; margin:0px; width:2150;\" ><div class=\"crop\" style=\"\"><img decoding=\"async\" src=\"http:\/\/www.rodzinaravensbruck.pl\/wp-content\/uploads\/2021\/09\/DSC_1390-scaled-215x143.jpg\" class=\"ggImg\" alt=\"DSC_1390\" title=\"DSC_1390\" data-description=\"DSC_1390\" data-caption=\"DSC_1390\" data-title=\"DSC_1390\" style=\" width:215px;\" \/><\/div><FIGCAPTION class=\"\" data-alpha=\"5\" style=\"color:#ffffff; background-color:#0a076d; font-size:140; text-align:left; font-family:Default;\" ><div class=\"grid-gallery-figcaption-wrap\" style=\"\"><\/div><\/FIGCAPTION><\/FIGURE><FIGURE class=\"grid-gallery-caption\" data-grid-gallery-type=\"revolving-door-left\" data-index=\"31\" style=\"display:none;border-radius:00;; margin:0px; width:2150;\" ><div class=\"crop\" style=\"\"><img decoding=\"async\" src=\"http:\/\/www.rodzinaravensbruck.pl\/wp-content\/uploads\/2021\/09\/DSC_1408-scaled-215x143.jpg\" class=\"ggImg\" alt=\"DSC_1408\" title=\"DSC_1408\" data-description=\"DSC_1408\" data-caption=\"DSC_1408\" data-title=\"DSC_1408\" style=\" width:215px;\" \/><\/div><FIGCAPTION class=\"\" data-alpha=\"5\" style=\"color:#ffffff; background-color:#0a076d; font-size:140; text-align:left; font-family:Default;\" ><div class=\"grid-gallery-figcaption-wrap\" style=\"\"><\/div><\/FIGCAPTION><\/FIGURE><FIGURE class=\"grid-gallery-caption\" data-grid-gallery-type=\"revolving-door-left\" data-index=\"32\" style=\"display:none;border-radius:00;; margin:0px; width:2150;\" ><div class=\"crop\" style=\"\"><img decoding=\"async\" src=\"http:\/\/www.rodzinaravensbruck.pl\/wp-content\/uploads\/2021\/09\/DSC_1420-scaled-215x143.jpg\" class=\"ggImg\" alt=\"DSC_1420\" title=\"DSC_1420\" data-description=\"DSC_1420\" data-caption=\"DSC_1420\" data-title=\"DSC_1420\" style=\" width:215px;\" \/><\/div><FIGCAPTION class=\"\" data-alpha=\"5\" style=\"color:#ffffff; background-color:#0a076d; font-size:140; text-align:left; font-family:Default;\" ><div class=\"grid-gallery-figcaption-wrap\" style=\"\"><\/div><\/FIGCAPTION><\/FIGURE><FIGURE class=\"grid-gallery-caption\" data-grid-gallery-type=\"revolving-door-left\" data-index=\"33\" style=\"display:none;border-radius:00;; margin:0px; width:2150;\" ><div class=\"crop\" style=\"\"><img decoding=\"async\" src=\"http:\/\/www.rodzinaravensbruck.pl\/wp-content\/uploads\/2021\/09\/DSC_1430-scaled-215x143.jpg\" class=\"ggImg\" alt=\"DSC_1430\" title=\"DSC_1430\" data-description=\"DSC_1430\" data-caption=\"DSC_1430\" data-title=\"DSC_1430\" style=\" width:215px;\" \/><\/div><FIGCAPTION class=\"\" data-alpha=\"5\" style=\"color:#ffffff; background-color:#0a076d; font-size:140; text-align:left; font-family:Default;\" ><div class=\"grid-gallery-figcaption-wrap\" style=\"\"><\/div><\/FIGCAPTION><\/FIGURE><FIGURE class=\"grid-gallery-caption\" data-grid-gallery-type=\"revolving-door-left\" data-index=\"34\" style=\"display:none;border-radius:00;; margin:0px; width:2150;\" ><div class=\"crop\" style=\"\"><img decoding=\"async\" src=\"http:\/\/www.rodzinaravensbruck.pl\/wp-content\/uploads\/2021\/09\/DSC_1439-scaled-215x143.jpg\" class=\"ggImg\" alt=\"DSC_1439\" title=\"DSC_1439\" data-description=\"DSC_1439\" data-caption=\"DSC_1439\" data-title=\"DSC_1439\" style=\" width:215px;\" \/><\/div><FIGCAPTION class=\"\" data-alpha=\"5\" style=\"color:#ffffff; background-color:#0a076d; font-size:140; text-align:left; font-family:Default;\" ><div class=\"grid-gallery-figcaption-wrap\" style=\"\"><\/div><\/FIGCAPTION><\/FIGURE><FIGURE class=\"grid-gallery-caption\" data-grid-gallery-type=\"revolving-door-left\" data-index=\"35\" style=\"display:none;border-radius:00;; margin:0px; width:2150;\" ><div class=\"crop\" style=\"\"><img decoding=\"async\" src=\"http:\/\/www.rodzinaravensbruck.pl\/wp-content\/uploads\/2021\/09\/DSC_1462-scaled-215x143.jpg\" class=\"ggImg\" alt=\"DSC_1462\" title=\"DSC_1462\" data-description=\"DSC_1462\" data-caption=\"DSC_1462\" data-title=\"DSC_1462\" style=\" width:215px;\" \/><\/div><FIGCAPTION class=\"\" data-alpha=\"5\" style=\"color:#ffffff; background-color:#0a076d; font-size:140; text-align:left; font-family:Default;\" ><div class=\"grid-gallery-figcaption-wrap\" style=\"\"><\/div><\/FIGCAPTION><\/FIGURE><FIGURE class=\"grid-gallery-caption\" data-grid-gallery-type=\"revolving-door-left\" data-index=\"36\" style=\"display:none;border-radius:00;; margin:0px; width:2150;\" ><div class=\"crop\" style=\"\"><img decoding=\"async\" src=\"http:\/\/www.rodzinaravensbruck.pl\/wp-content\/uploads\/2021\/09\/DSC_1468-scaled-215x143.jpg\" class=\"ggImg\" alt=\"DSC_1468\" title=\"DSC_1468\" data-description=\"DSC_1468\" data-caption=\"DSC_1468\" data-title=\"DSC_1468\" style=\" width:215px;\" \/><\/div><FIGCAPTION class=\"\" data-alpha=\"5\" style=\"color:#ffffff; background-color:#0a076d; font-size:140; text-align:left; font-family:Default;\" ><div class=\"grid-gallery-figcaption-wrap\" style=\"\"><\/div><\/FIGCAPTION><\/FIGURE><FIGURE class=\"grid-gallery-caption\" data-grid-gallery-type=\"revolving-door-left\" data-index=\"37\" style=\"display:none;border-radius:00;; margin:0px; width:2150;\" ><div class=\"crop\" style=\"\"><img decoding=\"async\" src=\"http:\/\/www.rodzinaravensbruck.pl\/wp-content\/uploads\/2021\/09\/DSC_1479-scaled-215x143.jpg\" class=\"ggImg\" alt=\"DSC_1479\" title=\"DSC_1479\" data-description=\"DSC_1479\" data-caption=\"DSC_1479\" data-title=\"DSC_1479\" style=\" width:215px;\" \/><\/div><FIGCAPTION class=\"\" data-alpha=\"5\" style=\"color:#ffffff; background-color:#0a076d; font-size:140; text-align:left; font-family:Default;\" ><div class=\"grid-gallery-figcaption-wrap\" style=\"\"><\/div><\/FIGCAPTION><\/FIGURE><FIGURE class=\"grid-gallery-caption\" data-grid-gallery-type=\"revolving-door-left\" data-index=\"38\" style=\"display:none;border-radius:00;; margin:0px; width:2150;\" ><div class=\"crop\" style=\"\"><img decoding=\"async\" src=\"http:\/\/www.rodzinaravensbruck.pl\/wp-content\/uploads\/2021\/09\/DSC_1493-scaled-215x143.jpg\" class=\"ggImg\" alt=\"DSC_1493\" title=\"DSC_1493\" data-description=\"DSC_1493\" data-caption=\"DSC_1493\" data-title=\"DSC_1493\" style=\" width:215px;\" \/><\/div><FIGCAPTION class=\"\" data-alpha=\"5\" style=\"color:#ffffff; background-color:#0a076d; font-size:140; text-align:left; font-family:Default;\" ><div class=\"grid-gallery-figcaption-wrap\" style=\"\"><\/div><\/FIGCAPTION><\/FIGURE><FIGURE class=\"grid-gallery-caption\" data-grid-gallery-type=\"revolving-door-left\" data-index=\"39\" style=\"display:none;border-radius:00;; margin:0px; width:2150;\" ><div class=\"crop\" style=\"\"><img decoding=\"async\" src=\"http:\/\/www.rodzinaravensbruck.pl\/wp-content\/uploads\/2021\/09\/DSC_1504-scaled-215x143.jpg\" class=\"ggImg\" alt=\"DSC_1504\" title=\"DSC_1504\" data-description=\"DSC_1504\" data-caption=\"DSC_1504\" data-title=\"DSC_1504\" style=\" width:215px;\" \/><\/div><FIGCAPTION class=\"\" data-alpha=\"5\" style=\"color:#ffffff; background-color:#0a076d; font-size:140; text-align:left; font-family:Default;\" ><div class=\"grid-gallery-figcaption-wrap\" style=\"\"><\/div><\/FIGCAPTION><\/FIGURE><FIGURE class=\"grid-gallery-caption\" data-grid-gallery-type=\"revolving-door-left\" data-index=\"40\" style=\"display:none;border-radius:00;; margin:0px; width:2150;\" ><div class=\"crop\" style=\"\"><img decoding=\"async\" src=\"http:\/\/www.rodzinaravensbruck.pl\/wp-content\/uploads\/2021\/09\/DSC_1505-scaled-215x143.jpg\" class=\"ggImg\" alt=\"DSC_1505\" title=\"DSC_1505\" data-description=\"DSC_1505\" data-caption=\"DSC_1505\" data-title=\"DSC_1505\" style=\" width:215px;\" \/><\/div><FIGCAPTION class=\"\" data-alpha=\"5\" style=\"color:#ffffff; background-color:#0a076d; font-size:140; text-align:left; font-family:Default;\" ><div class=\"grid-gallery-figcaption-wrap\" style=\"\"><\/div><\/FIGCAPTION><\/FIGURE><FIGURE class=\"grid-gallery-caption\" data-grid-gallery-type=\"revolving-door-left\" data-index=\"41\" style=\"display:none;border-radius:00;; margin:0px; width:2150;\" ><div class=\"crop\" style=\"\"><img decoding=\"async\" src=\"http:\/\/www.rodzinaravensbruck.pl\/wp-content\/uploads\/2021\/09\/DSC_1511-scaled-215x143.jpg\" class=\"ggImg\" alt=\"DSC_1511\" title=\"DSC_1511\" data-description=\"DSC_1511\" data-caption=\"DSC_1511\" data-title=\"DSC_1511\" style=\" width:215px;\" \/><\/div><FIGCAPTION class=\"\" data-alpha=\"5\" style=\"color:#ffffff; background-color:#0a076d; font-size:140; text-align:left; font-family:Default;\" ><div class=\"grid-gallery-figcaption-wrap\" style=\"\"><\/div><\/FIGCAPTION><\/FIGURE><FIGURE class=\"grid-gallery-caption\" data-grid-gallery-type=\"revolving-door-left\" data-index=\"42\" style=\"display:none;border-radius:00;; margin:0px; width:2150;\" ><div class=\"crop\" style=\"\"><img decoding=\"async\" src=\"http:\/\/www.rodzinaravensbruck.pl\/wp-content\/uploads\/2021\/09\/DSC_1521-scaled-215x143.jpg\" class=\"ggImg\" alt=\"DSC_1521\" title=\"DSC_1521\" data-description=\"DSC_1521\" data-caption=\"DSC_1521\" data-title=\"DSC_1521\" style=\" width:215px;\" \/><\/div><FIGCAPTION class=\"\" data-alpha=\"5\" style=\"color:#ffffff; background-color:#0a076d; font-size:140; text-align:left; font-family:Default;\" ><div class=\"grid-gallery-figcaption-wrap\" style=\"\"><\/div><\/FIGCAPTION><\/FIGURE><FIGURE class=\"grid-gallery-caption\" data-grid-gallery-type=\"revolving-door-left\" data-index=\"43\" style=\"display:none;border-radius:00;; margin:0px; width:2150;\" ><div class=\"crop\" style=\"\"><img decoding=\"async\" src=\"http:\/\/www.rodzinaravensbruck.pl\/wp-content\/uploads\/2021\/09\/DSC_1055-scaled-215x143.jpg\" class=\"ggImg\" alt=\"DSC_1055\" title=\"DSC_1055\" data-description=\"DSC_1055\" data-caption=\"DSC_1055\" data-title=\"DSC_1055\" style=\" width:215px;\" \/><\/div><FIGCAPTION class=\"\" data-alpha=\"5\" style=\"color:#ffffff; background-color:#0a076d; font-size:140; text-align:left; font-family:Default;\" ><div class=\"grid-gallery-figcaption-wrap\" style=\"\"><\/div><\/FIGCAPTION><\/FIGURE> <div class=\"grid-gallery-clearfix\"><\/div> <\/div> <div class=\"gallery-sharing-bottom\" style=\"display:none;\"> <\/div> <div class=\"gallery-sharing-image\" style=\"display:none;\"> <\/div> <div class=\"gallery-sharing-popup\" style=\"display:none;\"> <\/div> <div class=\"grid-gallery-clearfix\"><\/div> <\/div> <!-- Gallery by Supsystic plugin1.16.0 --><a title=\"WordPress Image Gallery Plugin\" style=\"display:none;\" href=\"https:\/\/supsystic.com\/plugins\/photo-gallery\/?utm_medium=love_link\" target=\"_blank\">WordPress Image Gallery Plugin<\/a>\n","protected":false},"excerpt":{"rendered":"<p>Wystawa zosta\u0142a otworzona w 80. rocznic\u0119 transportu specjalnego (Sondertransportu) lubelsko-warszawskiego do KL Ravensbr\u00fcck oraz w 100. rocznic\u0119 urodzin prof. Wandy P\u00f3\u0142tawskiej, ostatniej \u017cyj\u0105cej wi\u0119\u017aniarki poddanej pseudomedycznym eksperymentom. Go\u015bciem specjalnym otwarcia wystawy \u201eDziewcz\u0119ta w KL Ravensbr\u00fcck\u201d by\u0142a prof. Wanda P\u00f3\u0142tawska. Na wernisa\u017cu wystawy byli obecni r\u00f3wnie\u017c cz\u0142onkowie rodzin wi\u0119\u017aniarek z Ravensbr\u00fcck.<\/p>\n","protected":false},"author":1,"featured_media":2785,"comment_status":"closed","ping_status":"open","sticky":false,"template":"","format":"standard","meta":{"ngg_post_thumbnail":0,"footnotes":""},"categories":[27],"tags":[],"class_list":["post-2809","post","type-post","status-publish","format-standard","has-post-thumbnail","hentry","category-wydarzenia"],"_links":{"self":[{"href":"https:\/\/www.rodzinaravensbruck.pl\/index.php\/wp-json\/wp\/v2\/posts\/2809","targetHints":{"allow":["GET"]}}],"collection":[{"href":"https:\/\/www.rodzinaravensbruck.pl\/index.php\/wp-json\/wp\/v2\/posts"}],"about":[{"href":"https:\/\/www.rodzinaravensbruck.pl\/index.php\/wp-json\/wp\/v2\/types\/post"}],"author":[{"embeddable":true,"href":"https:\/\/www.rodzinaravensbruck.pl\/index.php\/wp-json\/wp\/v2\/users\/1"}],"replies":[{"embeddable":true,"href":"https:\/\/www.rodzinaravensbruck.pl\/index.php\/wp-json\/wp\/v2\/comments?post=2809"}],"version-history":[{"count":4,"href":"https:\/\/www.rodzinaravensbruck.pl\/index.php\/wp-json\/wp\/v2\/posts\/2809\/revisions"}],"predecessor-version":[{"id":2813,"href":"https:\/\/www.rodzinaravensbruck.pl\/index.php\/wp-json\/wp\/v2\/posts\/2809\/revisions\/2813"}],"wp:featuredmedia":[{"embeddable":true,"href":"https:\/\/www.rodzinaravensbruck.pl\/index.php\/wp-json\/wp\/v2\/media\/2785"}],"wp:attachment":[{"href":"https:\/\/www.rodzinaravensbruck.pl\/index.php\/wp-json\/wp\/v2\/media?parent=2809"}],"wp:term":[{"taxonomy":"category","embeddable":true,"href":"https:\/\/www.rodzinaravensbruck.pl\/index.php\/wp-json\/wp\/v2\/categories?post=2809"},{"taxonomy":"post_tag","embeddable":true,"href":"https:\/\/www.rodzinaravensbruck.pl\/index.php\/wp-json\/wp\/v2\/tags?post=2809"}],"curies":[{"name":"wp","href":"https:\/\/api.w.org\/{rel}","templated":true}]}}