{"id":2824,"date":"2021-10-14T22:56:06","date_gmt":"2021-10-14T20:56:06","guid":{"rendered":"http:\/\/www.rodzinaravensbruck.pl\/?p=2824"},"modified":"2021-10-14T22:56:06","modified_gmt":"2021-10-14T20:56:06","slug":"jubileusz-100-lecia-dr-wandy-poltawskiej","status":"publish","type":"post","link":"https:\/\/www.rodzinaravensbruck.pl\/index.php\/2021\/10\/14\/jubileusz-100-lecia-dr-wandy-poltawskiej\/","title":{"rendered":"JUBILEUSZ 100-LECIA DR WANDY P\u00d3\u0141TAWSKIEJ"},"content":{"rendered":"<p>2 listopada 2021 r. Pani dr Wanda P\u00f3\u0142tawska b\u0119dzie obchodzi\u0142a 100-lecie urodzin.<\/p>\n<p>Z tej okazji <strong>8 listopada o godzinie 18:00<\/strong> w sali koncertowej Muzeum Sztuki i Techniki Japo\u0144skiej \u201eManggha\u201d w Krakowie odb\u0119dzie si\u0119 benefis dr Wandy P\u00f3\u0142tawskiej po\u0142\u0105czony z koncertem \u201eSi\u0142a Mi\u0142o\u015bci\u201d \u2013 b\u0119dzie to ju\u017c X edycja koncertu pami\u0119ci ofiar obozu w Ravensbr\u00fcck.<!--more--><\/p>\n<p>Zaproszenie na koncert w za\u0142\u0105czeniu.<\/p>\n<p>Wej\u015bcie na koncert z zaproszeniem.<\/p>\n<p>Uprzejmie prosimy o wydrukowanie zaproszenia lub skopiowanie do samrtfona i okazanie przy wej\u015bciu.<\/p>\n<p>Uprzejmie prosimy o potwierdzenie uczestnictwa do <strong>30 pa\u017adziernika b.r.<\/strong> drog\u0105 mailow\u0105 na adres: <a href=\"mailto:kontakt@rodzinaravensbruck.pl\">kontakt@rodzinaravensbruck.pl<\/a><\/p>\n<p>Transmisja internetowa na kanale YT <a href=\"http:\/\/www.prawybrzeg.org\/\">http:\/\/www.prawybrzeg.org\/<\/a><\/p>\n<p>na stronach IPN i na profilach FB<\/p>\n<p>Z wyrazami szacunku i serdecznym zaproszeniem na koncert.<\/p>\n<p>El\u017cbieta Kuta, prezes<br \/>\nStowarzyszenia \u201eRodzina Wi\u0119\u017aniarek Niemieckiego Obozu Koncentracyjnego Ravensbr\u00fcck\u201d<\/p>\n<p>Andrzej R\u00f3g, prezes<br \/>\nStowarzyszenia \u201ePrawy Brzeg\u201d<\/p>\n<p data-wp-editing=\"1\"><a href=\"https:\/\/www.rodzinaravensbruck.pl\/wp-content\/uploads\/2021\/10\/Zaproszenie2-scaled.jpg\" target=\"_blank\" rel=\"noopener\"><img loading=\"lazy\" decoding=\"async\" class=\"alignleft wp-image-2826 size-large\" src=\"https:\/\/www.rodzinaravensbruck.pl\/wp-content\/uploads\/2021\/10\/Zaproszenie2-1024x372.jpg\" alt=\"\" width=\"525\" height=\"191\" srcset=\"https:\/\/www.rodzinaravensbruck.pl\/wp-content\/uploads\/2021\/10\/Zaproszenie2-1024x372.jpg 1024w, https:\/\/www.rodzinaravensbruck.pl\/wp-content\/uploads\/2021\/10\/Zaproszenie2-300x109.jpg 300w, https:\/\/www.rodzinaravensbruck.pl\/wp-content\/uploads\/2021\/10\/Zaproszenie2-768x279.jpg 768w, https:\/\/www.rodzinaravensbruck.pl\/wp-content\/uploads\/2021\/10\/Zaproszenie2-1536x558.jpg 1536w, https:\/\/www.rodzinaravensbruck.pl\/wp-content\/uploads\/2021\/10\/Zaproszenie2-2048x744.jpg 2048w\" sizes=\"auto, (max-width: 525px) 100vw, 525px\" \/><\/a> <a href=\"https:\/\/www.rodzinaravensbruck.pl\/wp-content\/uploads\/2021\/10\/Zaproszenie1-scaled.jpg\" target=\"_blank\" rel=\"noopener\"><img loading=\"lazy\" decoding=\"async\" class=\"alignleft wp-image-2825 size-large\" src=\"https:\/\/www.rodzinaravensbruck.pl\/wp-content\/uploads\/2021\/10\/Zaproszenie1-1024x372.jpg\" alt=\"\" width=\"525\" height=\"191\" srcset=\"https:\/\/www.rodzinaravensbruck.pl\/wp-content\/uploads\/2021\/10\/Zaproszenie1-1024x372.jpg 1024w, https:\/\/www.rodzinaravensbruck.pl\/wp-content\/uploads\/2021\/10\/Zaproszenie1-300x109.jpg 300w, https:\/\/www.rodzinaravensbruck.pl\/wp-content\/uploads\/2021\/10\/Zaproszenie1-768x279.jpg 768w, https:\/\/www.rodzinaravensbruck.pl\/wp-content\/uploads\/2021\/10\/Zaproszenie1-1536x558.jpg 1536w, https:\/\/www.rodzinaravensbruck.pl\/wp-content\/uploads\/2021\/10\/Zaproszenie1-2048x744.jpg 2048w\" sizes=\"auto, (max-width: 525px) 100vw, 525px\" \/><\/a><\/p>\n","protected":false},"excerpt":{"rendered":"<p>2 listopada 2021 r. Pani dr Wanda P\u00f3\u0142tawska b\u0119dzie obchodzi\u0142a 100-lecie urodzin. Z tej okazji 8 listopada o godzinie 18:00 w sali koncertowej Muzeum Sztuki i Techniki Japo\u0144skiej \u201eManggha\u201d w Krakowie odb\u0119dzie si\u0119 benefis dr Wandy P\u00f3\u0142tawskiej po\u0142\u0105czony z koncertem \u201eSi\u0142a Mi\u0142o\u015bci\u201d \u2013 b\u0119dzie to ju\u017c X edycja koncertu pami\u0119ci ofiar obozu w Ravensbr\u00fcck.<\/p>\n","protected":false},"author":1,"featured_media":2825,"comment_status":"closed","ping_status":"open","sticky":false,"template":"","format":"standard","meta":{"ngg_post_thumbnail":0,"footnotes":""},"categories":[4],"tags":[],"class_list":["post-2824","post","type-post","status-publish","format-standard","has-post-thumbnail","hentry","category-aktualnosci"],"_links":{"self":[{"href":"https:\/\/www.rodzinaravensbruck.pl\/index.php\/wp-json\/wp\/v2\/posts\/2824","targetHints":{"allow":["GET"]}}],"collection":[{"href":"https:\/\/www.rodzinaravensbruck.pl\/index.php\/wp-json\/wp\/v2\/posts"}],"about":[{"href":"https:\/\/www.rodzinaravensbruck.pl\/index.php\/wp-json\/wp\/v2\/types\/post"}],"author":[{"embeddable":true,"href":"https:\/\/www.rodzinaravensbruck.pl\/index.php\/wp-json\/wp\/v2\/users\/1"}],"replies":[{"embeddable":true,"href":"https:\/\/www.rodzinaravensbruck.pl\/index.php\/wp-json\/wp\/v2\/comments?post=2824"}],"version-history":[{"count":1,"href":"https:\/\/www.rodzinaravensbruck.pl\/index.php\/wp-json\/wp\/v2\/posts\/2824\/revisions"}],"predecessor-version":[{"id":2827,"href":"https:\/\/www.rodzinaravensbruck.pl\/index.php\/wp-json\/wp\/v2\/posts\/2824\/revisions\/2827"}],"wp:featuredmedia":[{"embeddable":true,"href":"https:\/\/www.rodzinaravensbruck.pl\/index.php\/wp-json\/wp\/v2\/media\/2825"}],"wp:attachment":[{"href":"https:\/\/www.rodzinaravensbruck.pl\/index.php\/wp-json\/wp\/v2\/media?parent=2824"}],"wp:term":[{"taxonomy":"category","embeddable":true,"href":"https:\/\/www.rodzinaravensbruck.pl\/index.php\/wp-json\/wp\/v2\/categories?post=2824"},{"taxonomy":"post_tag","embeddable":true,"href":"https:\/\/www.rodzinaravensbruck.pl\/index.php\/wp-json\/wp\/v2\/tags?post=2824"}],"curies":[{"name":"wp","href":"https:\/\/api.w.org\/{rel}","templated":true}]}}