{"id":2864,"date":"2021-11-12T11:07:27","date_gmt":"2021-11-12T10:07:27","guid":{"rendered":"http:\/\/www.rodzinaravensbruck.pl\/?p=2864"},"modified":"2025-01-27T16:16:15","modified_gmt":"2025-01-27T15:16:15","slug":"uczcilismy-jubileusz-100-lecia-pani-dr-wandy-poltawskiej-w-krakowie-8-11-2021-koncertem-benefisem-sila-milosci","status":"publish","type":"post","link":"https:\/\/www.rodzinaravensbruck.pl\/index.php\/2021\/11\/12\/uczcilismy-jubileusz-100-lecia-pani-dr-wandy-poltawskiej-w-krakowie-8-11-2021-koncertem-benefisem-sila-milosci\/","title":{"rendered":"Uczcili\u015bmy Jubileusz 100-lecia Pani dr Wandy P\u00f3\u0142tawskiej w Krakowie 8.11.2021  koncertem-benefisem \u201eSi\u0142a Mi\u0142o\u015bci\u201d"},"content":{"rendered":"<p>Szanowni Pa\u0144stwo,<\/p>\n<p>Dzi\u0119kujemy za tak liczny udzia\u0142 w koncercie \u201eSi\u0142a Mi\u0142o\u015bci\u201d dedykowanym Pani dr Wandzie P\u00f3\u0142tawskiej w 100-lecie urodzin. Wielu z Szanownych Uczestnik\u00f3w spotkania przyjecha\u0142o z odleg\u0142ych rejon\u00f3w Polski, za co im szczeg\u00f3lnie serdecznie dzi\u0119kujemy. Dzi\u0119kujemy Paniom Dyrektorkom Memorial Ravensbr\u00fcck Museum za przybycie z Miejsca Pami\u0119ci w Ravensbr\u00fcck. Dzi\u0119kujemy za pe\u0142ne serdeczno\u015bci, uznania i podziwu s\u0142owa dla dokona\u0144 Szanownej Jubilatki przekazywane w adresach gratulacyjnych.<!--more--><\/p>\n<p>Dzi\u0119kujemy za opraw\u0119 muzyczn\u0105 wspania\u0142ym artystom zespo\u0142u Piwnicy \u015bw. Norberta pod kierownictwem Stefana B\u0142aszczy\u0144skiego, a Solistkom z Warszawy, \u0141odzi i Krakowa za niezwykle wzruszaj\u0105cy przekaz prze\u017cy\u0107 Wi\u0119\u017aniarek KL Ravensbr\u00fcck &#8211; niepokoju, mi\u0142o\u015bci do bliskich, t\u0119sknoty, nadziei na powr\u00f3t do Polski, do swoich dom\u00f3w &#8211; w interpretacji Ich wierszy.<\/p>\n<p>Dzi\u0119kujemy uczniom i dzieciom, kt\u00f3re towarzyszy\u0142y rodzicom i w tak wzruszaj\u0105cej formie sk\u0142ada\u0142y \u017cyczenia Czcigodnej Jubilatce. Dla Pani Doktor, m\u0142odzie\u017c jest nadziej\u0105 na przysz\u0142o\u015b\u0107, na odnowienie \u201eelity narodu\u201d.<\/p>\n<p>Dzi\u0119kujemy Patronom Honorowym, Przedstawicielom Trybuna\u0142u Konstytucyjnego, Ministrom,&nbsp; Dyrektorom i pracownikom Instytutu Pami\u0119ci Narodowej oddzia\u0142\u00f3w: Krakowskiego, Katowickiego, w Bia\u0142ymstoku i Wroc\u0142awiu, Ma\u0142opolskiej Kurator O\u015bwiaty, Dyrektorom i pracownikom Urz\u0119du Wojewody Ma\u0142opolskiego, Prezydentom i Burmistrzom polskich miast, Dyrektorom Muzeum Narodowego w Lublinie, Harcerstwa w Warszawie Parafialnego im. \u015aw. Jana Sarkandra w Skoczowie, ksi\u0119\u017com Kurii Krakowskiej, <em>Apostolstwa Chorych,<\/em> Edycji \u015bw. Paw\u0142a, bazyliki \u015bw. Franciszka z Asy\u017cu w Krakowie, Prezesom fundacji i Stowarzysze\u0144: &nbsp;Fundacji Polsko Niemieckie Pojednanie, Stowarzysze\u0144: Rodzina Wi\u0119\u017aniarek Niemieckiego Obozu Koncentracyjnego Ravensbr\u00fcck, Panorama Sztuki Chrze\u015bcija\u0144skiej \u201eMusica Sacra\u201d, Forum Pami\u0119ci Niegos\u0142awice, Ne Cedat Academia, Dyrektorom Szk\u00f3\u0142 i Teatr\u00f3w: Szko\u0142y w K\u0142odnem, Limanowa, Szko\u0142y Podstawowej Si\u00f3str Urszulanek w Lublinie, Szko\u0142y Podstawowej w Pi\u0144czycach, Teatru im St. Jaracza w Olsztynie, Teatru Stygmator w Krakowie, t\u0142umaczom, redaktorom.<\/p>\n<p>Dzi\u0119kujemy Mecenasom Projektu, kt\u00f3ry zosta\u0142 zrealizowany przy wsparciu finansowym Instytutu Pami\u0119ci Narodowej, Urz\u0119du do Spraw Kombatant\u00f3w i Os\u00f3b Represjonowanych, Wojewody i Marsza\u0142ka Wojew\u00f3dztwa Ma\u0142opolskiego<\/p>\n<p>Dzi\u0119kujemy Partnerom: Muzeum Narodowego w Lublinie, Muzeum Sztuki i Techniki Japo\u0144skiej \u201eManggha\u201d w Krakowie, Stowarzyszeniu Piwnica \u015bw. Norberta, Zwi\u0105zkowi Harcerstwa Polskiego, Zwi\u0105zkowi Harcerstwa Rzeczpospolitej<\/p>\n<p>Dzi\u0119kujemy Patronom medialnym: TVP3, Radiu Krak\u00f3w, tygodnikowi Go\u015b\u0107 Niedzielny<\/p>\n<p>To by\u0142a wyj\u0105tkowa uroczysto\u015b\u0107 i cieszymy si\u0119, \u017ce tak godnie i w tak \u017cyczliwej atmosferze uczcili\u015bmy naszego Honorowego Go\u015bcia Pani\u0105 dr Wand\u0119 P\u00f3\u0142tawsk\u0105, kt\u00f3rej wa\u017cne przes\u0142anie zabrali\u015bmy, zachowali\u015bmy w naszych sercach na kolejne dni, miesi\u0105ce, lata naszego \u017cycia.<\/p>\n<p>Dla tych z Pa\u0144stwa, kt\u00f3rzy nie mogli uczestniczy\u0107 osobi\u015bcie w koncercie, jest mo\u017cliwo\u015b\u0107 ods\u0142uchania ca\u0142ej uroczysto\u015bci:<\/p>\n<p><span style=\"background-color: #ccffff;\">Przem\u00f3wienie Wandy P\u00f3\u0142tawskiej <a style=\"background-color: #ccffff;\" href=\"https:\/\/www.youtube.com\/watch?v=kjqY52tCX1c\">https:\/\/www.youtube.com\/watch?v=kjqY52tCX1c<\/a><\/span><\/p>\n<p><span style=\"background-color: #ccffff;\">Gratulacje i \u017cyczenia <a style=\"background-color: #ccffff;\" href=\"https:\/\/www.youtube.com\/watch?v=SNSDRjRmoXs\">https:\/\/www.youtube.com\/watch?v=SNSDRjRmoXs<\/a><\/span><\/p>\n<p><span style=\"background-color: #000080;\"><span style=\"background-color: #ccffff;\">Koncert SI\u0141A MI\u0141O\u015aCI <\/span><a style=\"background-color: #000080;\" href=\"https:\/\/www.youtube.com\/watch?v=8cxwqIydYec\"><span style=\"background-color: #ccffff;\">https:\/\/www.youtube.com\/watch?v=8cxwqIydYec<\/span><\/a><\/span><\/p>\n<p>&nbsp;<\/p>\n<p>Informacje w mediach o uroczysto\u015bci:<\/p>\n<p><span style=\"background-color: #ccffff;\"><a style=\"background-color: #ccffff;\" href=\"https:\/\/krakow.tvp.pl\/56822586\/sila-milosci-koncert-pamieci-ofiar-niemieckiego-obozu-koncentracyjnego-ravensbrck\">https:\/\/krakow.tvp.pl\/56822586\/sila-milosci-koncert-pamieci-ofiar-niemieckiego-obozu-koncentracyjnego-ravensbrck<\/a><\/span><\/p>\n<p><span style=\"background-color: #ccffff;\"><a style=\"background-color: #ccffff;\" href=\"https:\/\/www.radioem.pl\/doc\/7209533.Krakow-Milosc-silniejsza-od-nienawisci\">https:\/\/www.radioem.pl\/doc\/7209533.Krakow-Milosc-silniejsza-od-nienawisci<\/a><\/span><\/p>\n<p>Galerie zdj\u0119\u0107:<\/p>\n<p><span style=\"background-color: #ccffff;\">Si\u0142a Mi\u0142o\u015bci koncert: <a style=\"background-color: #ccffff;\" href=\"https:\/\/www.radioem.pl\/gal\/spis\/7209536.Koncert-Sila-milosci-na-100-rocznice-urodzin-dr-Wandy\">https:\/\/www.radioem.pl\/gal\/spis\/7209536.Koncert-Sila-milosci-na-100-rocznice-urodzin-dr-Wandy<\/a><\/span><\/p>\n<p><span style=\"background-color: #ccffff;\">Si\u0142a Mi\u0142o\u015bci cz. II: <a style=\"background-color: #ccffff;\" href=\"https:\/\/www.radioem.pl\/gal\/pokaz\/7209607.Koncert-Sila-milosci-na-100-rocznice-urodzin-dr-Wandy\/22#gt\">https:\/\/www.radioem.pl\/gal\/pokaz\/7209607.Koncert-Sila-milosci-na-100-rocznice-urodzin-dr-Wandy\/22#gt<\/a><\/span><\/p>\n<p>Plakat i program koncertu do\u0142\u0105czone.<br>Z wyrazami szacunku organizatorzy Koncertu<br>Andrzej R\u00f3g, prezes Stowarzyszenia \u201ePrawy Brzeg\u201d<\/p>\n<p>El\u017cbieta Kuta, prezes Stowarzyszenia \u201eRodzina Wi\u0119\u017aniarek Niemieckiego Obozu Koncentracyjnego Ravensbr\u00fcck\u201d<\/p>\n<p><a href=\"https:\/\/www.rodzinaravensbruck.pl\/wp-content\/uploads\/2021\/11\/plakat2.jpg\" target=\"_blank\" rel=\"noopener\"><img loading=\"lazy\" decoding=\"async\" class=\"alignleft wp-image-2866 size-medium\" src=\"https:\/\/www.rodzinaravensbruck.pl\/wp-content\/uploads\/2021\/11\/plakat2-144x300.jpg\" alt=\"\" width=\"144\" height=\"300\" srcset=\"https:\/\/www.rodzinaravensbruck.pl\/wp-content\/uploads\/2021\/11\/plakat2-144x300.jpg 144w, https:\/\/www.rodzinaravensbruck.pl\/wp-content\/uploads\/2021\/11\/plakat2-490x1024.jpg 490w, https:\/\/www.rodzinaravensbruck.pl\/wp-content\/uploads\/2021\/11\/plakat2-768x1604.jpg 768w, https:\/\/www.rodzinaravensbruck.pl\/wp-content\/uploads\/2021\/11\/plakat2-736x1536.jpg 736w, https:\/\/www.rodzinaravensbruck.pl\/wp-content\/uploads\/2021\/11\/plakat2-981x2048.jpg 981w, https:\/\/www.rodzinaravensbruck.pl\/wp-content\/uploads\/2021\/11\/plakat2.jpg 1205w\" sizes=\"auto, (max-width: 144px) 100vw, 144px\" \/><\/a> <a href=\"https:\/\/www.rodzinaravensbruck.pl\/wp-content\/uploads\/2021\/11\/Program1-2.jpg\" target=\"_blank\" rel=\"noopener\"><img loading=\"lazy\" decoding=\"async\" class=\"alignleft wp-image-2867 size-medium\" src=\"https:\/\/www.rodzinaravensbruck.pl\/wp-content\/uploads\/2021\/11\/Program1-2-144x300.jpg\" alt=\"\" width=\"144\" height=\"300\" srcset=\"https:\/\/www.rodzinaravensbruck.pl\/wp-content\/uploads\/2021\/11\/Program1-2-144x300.jpg 144w, https:\/\/www.rodzinaravensbruck.pl\/wp-content\/uploads\/2021\/11\/Program1-2-490x1024.jpg 490w, https:\/\/www.rodzinaravensbruck.pl\/wp-content\/uploads\/2021\/11\/Program1-2-768x1604.jpg 768w, https:\/\/www.rodzinaravensbruck.pl\/wp-content\/uploads\/2021\/11\/Program1-2-736x1536.jpg 736w, https:\/\/www.rodzinaravensbruck.pl\/wp-content\/uploads\/2021\/11\/Program1-2-981x2048.jpg 981w, https:\/\/www.rodzinaravensbruck.pl\/wp-content\/uploads\/2021\/11\/Program1-2.jpg 1205w\" sizes=\"auto, (max-width: 144px) 100vw, 144px\" \/><\/a><\/p>\n<p>&nbsp;<\/p>\n<p>&nbsp;<\/p>\n<p>&nbsp;<\/p>\n<p>&nbsp;<\/p>\n<p>&nbsp;<\/p>\n<p>&nbsp;<\/p>\n\n\n<div data-wp-interactive=\"core\/file\" class=\"wp-block-file\"><object data-wp-bind--hidden=\"!state.hasPdfPreview\" hidden class=\"wp-block-file__embed\" data=\"https:\/\/www.rodzinaravensbruck.pl\/wp-content\/uploads\/2021\/11\/plakat-do-wydruku-skompresowany.pdf\" type=\"application\/pdf\" style=\"width:100%;height:600px\" aria-label=\"Osadzone z Si\u0142\u0105 mi\u0142o\u015bci.\"><\/object><a id=\"wp-block-file--media-6932db79-b7b3-4103-9da2-eba449e548d4\" href=\"https:\/\/www.rodzinaravensbruck.pl\/wp-content\/uploads\/2021\/11\/plakat-do-wydruku-skompresowany.pdf\">Si\u0142\u0105 mi\u0142o\u015bci<\/a><a href=\"https:\/\/www.rodzinaravensbruck.pl\/wp-content\/uploads\/2021\/11\/plakat-do-wydruku-skompresowany.pdf\" class=\"wp-block-file__button wp-element-button\" download aria-describedby=\"wp-block-file--media-6932db79-b7b3-4103-9da2-eba449e548d4\">Pobierz<\/a><\/div>\n\n\n\n<p>Fotografia tytu\u0142owa: https:\/\/krakow.tvp.pl<\/p>\n","protected":false},"excerpt":{"rendered":"<p>Szanowni Pa\u0144stwo, Dzi\u0119kujemy za tak liczny udzia\u0142 w koncercie \u201eSi\u0142a Mi\u0142o\u015bci\u201d dedykowanym Pani dr Wandzie P\u00f3\u0142tawskiej w 100-lecie urodzin. Wielu z Szanownych Uczestnik\u00f3w spotkania przyjecha\u0142o z odleg\u0142ych rejon\u00f3w Polski, za co im szczeg\u00f3lnie serdecznie dzi\u0119kujemy. Dzi\u0119kujemy Paniom Dyrektorkom Memorial Ravensbr\u00fcck Museum za przybycie z Miejsca Pami\u0119ci w Ravensbr\u00fcck. Dzi\u0119kujemy za pe\u0142ne serdeczno\u015bci, uznania i podziwu &hellip; <\/p>\n<p class=\"link-more\"><a href=\"https:\/\/www.rodzinaravensbruck.pl\/index.php\/2021\/11\/12\/uczcilismy-jubileusz-100-lecia-pani-dr-wandy-poltawskiej-w-krakowie-8-11-2021-koncertem-benefisem-sila-milosci\/\" class=\"more-link\">Czytaj dalej<span class=\"screen-reader-text\"> \u201eUczcili\u015bmy Jubileusz 100-lecia Pani dr Wandy P\u00f3\u0142tawskiej w Krakowie 8.11.2021  koncertem-benefisem \u201eSi\u0142a Mi\u0142o\u015bci\u201d\u201d<\/span><\/a><\/p>\n","protected":false},"author":1,"featured_media":2865,"comment_status":"closed","ping_status":"open","sticky":false,"template":"","format":"standard","meta":{"ngg_post_thumbnail":0,"footnotes":""},"categories":[4],"tags":[],"class_list":["post-2864","post","type-post","status-publish","format-standard","has-post-thumbnail","hentry","category-aktualnosci"],"_links":{"self":[{"href":"https:\/\/www.rodzinaravensbruck.pl\/index.php\/wp-json\/wp\/v2\/posts\/2864","targetHints":{"allow":["GET"]}}],"collection":[{"href":"https:\/\/www.rodzinaravensbruck.pl\/index.php\/wp-json\/wp\/v2\/posts"}],"about":[{"href":"https:\/\/www.rodzinaravensbruck.pl\/index.php\/wp-json\/wp\/v2\/types\/post"}],"author":[{"embeddable":true,"href":"https:\/\/www.rodzinaravensbruck.pl\/index.php\/wp-json\/wp\/v2\/users\/1"}],"replies":[{"embeddable":true,"href":"https:\/\/www.rodzinaravensbruck.pl\/index.php\/wp-json\/wp\/v2\/comments?post=2864"}],"version-history":[{"count":5,"href":"https:\/\/www.rodzinaravensbruck.pl\/index.php\/wp-json\/wp\/v2\/posts\/2864\/revisions"}],"predecessor-version":[{"id":4552,"href":"https:\/\/www.rodzinaravensbruck.pl\/index.php\/wp-json\/wp\/v2\/posts\/2864\/revisions\/4552"}],"wp:featuredmedia":[{"embeddable":true,"href":"https:\/\/www.rodzinaravensbruck.pl\/index.php\/wp-json\/wp\/v2\/media\/2865"}],"wp:attachment":[{"href":"https:\/\/www.rodzinaravensbruck.pl\/index.php\/wp-json\/wp\/v2\/media?parent=2864"}],"wp:term":[{"taxonomy":"category","embeddable":true,"href":"https:\/\/www.rodzinaravensbruck.pl\/index.php\/wp-json\/wp\/v2\/categories?post=2864"},{"taxonomy":"post_tag","embeddable":true,"href":"https:\/\/www.rodzinaravensbruck.pl\/index.php\/wp-json\/wp\/v2\/tags?post=2864"}],"curies":[{"name":"wp","href":"https:\/\/api.w.org\/{rel}","templated":true}]}}