{"id":2876,"date":"2021-11-13T11:47:05","date_gmt":"2021-11-13T10:47:05","guid":{"rendered":"http:\/\/www.rodzinaravensbruck.pl\/?p=2876"},"modified":"2025-01-27T17:45:22","modified_gmt":"2025-01-27T16:45:22","slug":"historia-rodziny-nowakow-stanislawy-danieli-i-mieczyslawa","status":"publish","type":"post","link":"https:\/\/www.rodzinaravensbruck.pl\/index.php\/2021\/11\/13\/historia-rodziny-nowakow-stanislawy-danieli-i-mieczyslawa\/","title":{"rendered":"HISTORIA RODZINY NOWAK\u00d3W STANIS\u0141AWY, DANIELI i MIECZYS\u0141AWA"},"content":{"rendered":"<p><strong>Mine\u0142o 76 lat od zako\u0144czenia II wojny \u015bwiatowej <\/strong><strong>&#8211; Rodziny ci\u0105gle szukaj\u0105 swoich zaginionych krewnych <\/strong><strong>infromacji o losach uwi\u0119zionych w obozach koncentracyjnych <\/strong><\/p>\n<p><strong>&nbsp;<\/strong>Zwr\u00f3ci\u0142a si\u0119 do Stowarzyszenia Pani Renata Nowak z Rzeszowa, wnuczka Stanis\u0142awy Nowak, kt\u00f3ra poszukuje wojennych i powojennych \u015blad\u00f3w swoich krewnych: Danieli, c\u00f3rki, &nbsp;Stanis\u0142awy oraz jej syna Mieczys\u0142awa. Nie znane s\u0105 powojenne losy Danieli i Mieczys\u0142awa. Pani Renata ma ci\u0105gle nadziej\u0119, \u017ce Mieczys\u0142aw \u017cyje i kiedy\u015b jeszcze si\u0119 spotkaj\u0105.<!--more--><\/p>\n\n\n\n\n<div data-wp-interactive=\"core\/file\" class=\"wp-block-file\"><object data-wp-bind--hidden=\"!state.hasPdfPreview\" hidden class=\"wp-block-file__embed\" data=\"https:\/\/www.rodzinaravensbruck.pl\/wp-content\/uploads\/2021\/11\/Rodzina-Nowakow-z-Rzeszowa-na-strone.pdf\" type=\"application\/pdf\" style=\"width:100%;height:600px\" aria-label=\"Osadzone z Rodzina Nowak\u00f3w z Rzeszowa-na stron\u0119.\"><\/object><a id=\"wp-block-file--media-fea5faed-4047-40cb-a302-83aa9597eb3f\" href=\"https:\/\/www.rodzinaravensbruck.pl\/wp-content\/uploads\/2021\/11\/Rodzina-Nowakow-z-Rzeszowa-na-strone.pdf\">Rodzina Nowak\u00f3w z Rzeszowa-na stron\u0119<\/a><a href=\"https:\/\/www.rodzinaravensbruck.pl\/wp-content\/uploads\/2021\/11\/Rodzina-Nowakow-z-Rzeszowa-na-strone.pdf\" class=\"wp-block-file__button wp-element-button\" download aria-describedby=\"wp-block-file--media-fea5faed-4047-40cb-a302-83aa9597eb3f\">Pobierz<\/a><\/div>\n","protected":false},"excerpt":{"rendered":"<p>Mine\u0142o 76 lat od zako\u0144czenia II wojny \u015bwiatowej &#8211; Rodziny ci\u0105gle szukaj\u0105 swoich zaginionych krewnych infromacji o losach uwi\u0119zionych w obozach koncentracyjnych &nbsp;Zwr\u00f3ci\u0142a si\u0119 do Stowarzyszenia Pani Renata Nowak z Rzeszowa, wnuczka Stanis\u0142awy Nowak, kt\u00f3ra poszukuje wojennych i powojennych \u015blad\u00f3w swoich krewnych: Danieli, c\u00f3rki, &nbsp;Stanis\u0142awy oraz jej syna Mieczys\u0142awa. Nie znane s\u0105 powojenne losy Danieli &hellip; <\/p>\n<p class=\"link-more\"><a href=\"https:\/\/www.rodzinaravensbruck.pl\/index.php\/2021\/11\/13\/historia-rodziny-nowakow-stanislawy-danieli-i-mieczyslawa\/\" class=\"more-link\">Czytaj dalej<span class=\"screen-reader-text\"> \u201eHISTORIA RODZINY NOWAK\u00d3W STANIS\u0141AWY, DANIELI i MIECZYS\u0141AWA\u201d<\/span><\/a><\/p>\n","protected":false},"author":1,"featured_media":2879,"comment_status":"closed","ping_status":"open","sticky":false,"template":"","format":"standard","meta":{"ngg_post_thumbnail":0,"footnotes":""},"categories":[6],"tags":[],"class_list":["post-2876","post","type-post","status-publish","format-standard","has-post-thumbnail","hentry","category-swiadectwa"],"_links":{"self":[{"href":"https:\/\/www.rodzinaravensbruck.pl\/index.php\/wp-json\/wp\/v2\/posts\/2876","targetHints":{"allow":["GET"]}}],"collection":[{"href":"https:\/\/www.rodzinaravensbruck.pl\/index.php\/wp-json\/wp\/v2\/posts"}],"about":[{"href":"https:\/\/www.rodzinaravensbruck.pl\/index.php\/wp-json\/wp\/v2\/types\/post"}],"author":[{"embeddable":true,"href":"https:\/\/www.rodzinaravensbruck.pl\/index.php\/wp-json\/wp\/v2\/users\/1"}],"replies":[{"embeddable":true,"href":"https:\/\/www.rodzinaravensbruck.pl\/index.php\/wp-json\/wp\/v2\/comments?post=2876"}],"version-history":[{"count":2,"href":"https:\/\/www.rodzinaravensbruck.pl\/index.php\/wp-json\/wp\/v2\/posts\/2876\/revisions"}],"predecessor-version":[{"id":4586,"href":"https:\/\/www.rodzinaravensbruck.pl\/index.php\/wp-json\/wp\/v2\/posts\/2876\/revisions\/4586"}],"wp:featuredmedia":[{"embeddable":true,"href":"https:\/\/www.rodzinaravensbruck.pl\/index.php\/wp-json\/wp\/v2\/media\/2879"}],"wp:attachment":[{"href":"https:\/\/www.rodzinaravensbruck.pl\/index.php\/wp-json\/wp\/v2\/media?parent=2876"}],"wp:term":[{"taxonomy":"category","embeddable":true,"href":"https:\/\/www.rodzinaravensbruck.pl\/index.php\/wp-json\/wp\/v2\/categories?post=2876"},{"taxonomy":"post_tag","embeddable":true,"href":"https:\/\/www.rodzinaravensbruck.pl\/index.php\/wp-json\/wp\/v2\/tags?post=2876"}],"curies":[{"name":"wp","href":"https:\/\/api.w.org\/{rel}","templated":true}]}}