{"id":2896,"date":"2021-11-19T20:22:02","date_gmt":"2021-11-19T19:22:02","guid":{"rendered":"http:\/\/www.rodzinaravensbruck.pl\/?p=2896"},"modified":"2021-11-19T20:22:02","modified_gmt":"2021-11-19T19:22:02","slug":"otwarcie-plenerowej-wystawy-pokolenie-baczynskiego-odbylo-sie-19-11-2021-r-w-krakowie-na-placu-szczepanskim","status":"publish","type":"post","link":"https:\/\/www.rodzinaravensbruck.pl\/index.php\/2021\/11\/19\/otwarcie-plenerowej-wystawy-pokolenie-baczynskiego-odbylo-sie-19-11-2021-r-w-krakowie-na-placu-szczepanskim\/","title":{"rendered":"Otwarcie plenerowej wystawy \u201ePokolenie Baczy\u0144skiego\u201d odby\u0142o si\u0119 19.11. 2021 r. w Krakowie na placu Szczepa\u0144skim"},"content":{"rendered":"<p>Sejm og\u0142osi\u0142 rok 2021 Rokiem Krzysztofa Kamila Baczy\u0144skiego. Symbolizuje on ca\u0142e pokolenie m\u0142odych Polak\u00f3w, wychowanych w odrodzonym po zaborach, wolnym kraju. Pokolenie, jakie zdarza si\u0119 raz na stulecia.<\/p>\n<p>W\u015br\u00f3d r\u00f3wie\u015bnik\u00f3w Baczy\u0144skiego s\u0105 postacie znane, ale tak\u017ce wielu zapomnianych bohater\u00f3w. Ich wszystkich upami\u0119tnia wystawa \u201ePokolenie Baczy\u0144skiego\u201d, <!--more-->przygotowana w j\u0119zyku polskim i angielskim przez Biuro Edukacji Narodowej IPN. Sk\u0142ada si\u0119 z cz\u0119\u015bci og\u00f3lnopolskiej oraz trzynastu wersji regionalnych, przygotowanych przez oddzia\u0142y i delegatury IPN. W cz\u0119\u015bci ma\u0142opolskiej przypominamy Stanis\u0142awa Lema (1921-2006), Helen\u0119 Marusarz\u00f3wn\u0119 (1918-1941) i Wand\u0119 P\u00f3\u0142tawsk\u0105 (ur. 1921). W cz\u0119\u015bci og\u00f3lnopolskiej nie mog\u0142o rzecz jasna zabrakn\u0105\u0107 Karola Wojty\u0142y \u2013 \u015bw. Jana Paw\u0142a II.<\/p>\n<p>Relacja i galeria zdj\u0119\u0107: <a href=\"https:\/\/krakow.ipn.gov.pl\/pl4\/aktualnosci\/154385,Otwarcie-wystawy-Pokolenie-Baczynskiego-Krakow-19-listopada-2021.html\">https:\/\/krakow.ipn.gov.pl\/pl4\/aktualnosci\/154385,Otwarcie-wystawy-Pokolenie-Baczynskiego-Krakow-19-listopada-2021.html<\/a><\/p>\n<p><strong>\u00a0<\/strong><\/p>\n<p><strong>\u00a0<\/strong><\/p>\n<p><strong>\u00a0<\/strong><\/p>\n<p><strong>\u00a0<\/strong><\/p>\n<p><strong>Do 15 grudnia 2021 r. na pl. Szczepa\u0144ski w Krakowie mo\u017cna ogl\u0105da\u0107 wystaw\u0119 IPN \u201ePokolenie Baczy\u0144skiego\u201d, kt\u00f3r\u0105 otworzy\u0142 dyrektor oddzia\u0142u Instytutu dr hab. Filip Musia\u0142.<\/strong><\/p>\n","protected":false},"excerpt":{"rendered":"<p>Sejm og\u0142osi\u0142 rok 2021 Rokiem Krzysztofa Kamila Baczy\u0144skiego. Symbolizuje on ca\u0142e pokolenie m\u0142odych Polak\u00f3w, wychowanych w odrodzonym po zaborach, wolnym kraju. Pokolenie, jakie zdarza si\u0119 raz na stulecia. W\u015br\u00f3d r\u00f3wie\u015bnik\u00f3w Baczy\u0144skiego s\u0105 postacie znane, ale tak\u017ce wielu zapomnianych bohater\u00f3w. Ich wszystkich upami\u0119tnia wystawa \u201ePokolenie Baczy\u0144skiego\u201d,<\/p>\n","protected":false},"author":1,"featured_media":2897,"comment_status":"closed","ping_status":"open","sticky":false,"template":"","format":"standard","meta":{"ngg_post_thumbnail":0,"footnotes":""},"categories":[4],"tags":[],"class_list":["post-2896","post","type-post","status-publish","format-standard","has-post-thumbnail","hentry","category-aktualnosci"],"_links":{"self":[{"href":"https:\/\/www.rodzinaravensbruck.pl\/index.php\/wp-json\/wp\/v2\/posts\/2896","targetHints":{"allow":["GET"]}}],"collection":[{"href":"https:\/\/www.rodzinaravensbruck.pl\/index.php\/wp-json\/wp\/v2\/posts"}],"about":[{"href":"https:\/\/www.rodzinaravensbruck.pl\/index.php\/wp-json\/wp\/v2\/types\/post"}],"author":[{"embeddable":true,"href":"https:\/\/www.rodzinaravensbruck.pl\/index.php\/wp-json\/wp\/v2\/users\/1"}],"replies":[{"embeddable":true,"href":"https:\/\/www.rodzinaravensbruck.pl\/index.php\/wp-json\/wp\/v2\/comments?post=2896"}],"version-history":[{"count":1,"href":"https:\/\/www.rodzinaravensbruck.pl\/index.php\/wp-json\/wp\/v2\/posts\/2896\/revisions"}],"predecessor-version":[{"id":2898,"href":"https:\/\/www.rodzinaravensbruck.pl\/index.php\/wp-json\/wp\/v2\/posts\/2896\/revisions\/2898"}],"wp:featuredmedia":[{"embeddable":true,"href":"https:\/\/www.rodzinaravensbruck.pl\/index.php\/wp-json\/wp\/v2\/media\/2897"}],"wp:attachment":[{"href":"https:\/\/www.rodzinaravensbruck.pl\/index.php\/wp-json\/wp\/v2\/media?parent=2896"}],"wp:term":[{"taxonomy":"category","embeddable":true,"href":"https:\/\/www.rodzinaravensbruck.pl\/index.php\/wp-json\/wp\/v2\/categories?post=2896"},{"taxonomy":"post_tag","embeddable":true,"href":"https:\/\/www.rodzinaravensbruck.pl\/index.php\/wp-json\/wp\/v2\/tags?post=2896"}],"curies":[{"name":"wp","href":"https:\/\/api.w.org\/{rel}","templated":true}]}}