{"id":3077,"date":"2022-04-13T14:20:50","date_gmt":"2022-04-13T12:20:50","guid":{"rendered":"http:\/\/www.rodzinaravensbruck.pl\/?p=3077"},"modified":"2022-04-21T09:57:56","modified_gmt":"2022-04-21T07:57:56","slug":"koncert-sila-milosci-xi-edycja-25-kwietnia-2022","status":"publish","type":"post","link":"https:\/\/www.rodzinaravensbruck.pl\/index.php\/2022\/04\/13\/koncert-sila-milosci-xi-edycja-25-kwietnia-2022\/","title":{"rendered":"Koncert \u201eSi\u0142a Mi\u0142o\u015bci\u201d \u2013 XI edycja 25 kwietnia 2022"},"content":{"rendered":"<p>Tegoroczny koncert b\u0119dzie dedykowany pami\u0119ci Wi\u0119\u017aniarkom KL Ravensbr\u00fcck rozstrzelanych w kwietniu 1942 roku.<\/p>\n<p>13 kwietnia 1942 roku 17 kobiet i dziewczyn zosta\u0142o rozstrzelanych (najstarsza mia\u0142a 60 lat, najm\u0142odsza 22 lata)<!--more--><br \/>\n18 kwietnia 1942 roku 14 kobiet i dziewczyn, g\u0142\u00f3wnie z transportu lubelskiego, zosta\u0142o rozstrzelanych (najstarsza mia\u0142a 42 lata, najm\u0142odsza 18 lat). W tej grupie rozstrzelanych by\u0142y dwie siostry Chrostowskie \u2013 Apolonia (Pola) i Gra\u017cyna (Gra\u017cynka), poetka, kt\u00f3rej poruszaj\u0105ce wiersze b\u0119d\u0105 wy\u015bpiewane w czasie koncertu.<\/p>\n<p>Informacje o koncercie za\u0142\u0105czone.<\/p>\n<p>&nbsp;<\/p>\n","protected":false},"excerpt":{"rendered":"<p>Tegoroczny koncert b\u0119dzie dedykowany pami\u0119ci Wi\u0119\u017aniarkom KL Ravensbr\u00fcck rozstrzelanych w kwietniu 1942 roku. 13 kwietnia 1942 roku 17 kobiet i dziewczyn zosta\u0142o rozstrzelanych (najstarsza mia\u0142a 60 lat, najm\u0142odsza 22 lata)<\/p>\n","protected":false},"author":1,"featured_media":3078,"comment_status":"closed","ping_status":"open","sticky":false,"template":"","format":"standard","meta":{"ngg_post_thumbnail":0,"footnotes":""},"categories":[4],"tags":[],"class_list":["post-3077","post","type-post","status-publish","format-standard","has-post-thumbnail","hentry","category-aktualnosci"],"_links":{"self":[{"href":"https:\/\/www.rodzinaravensbruck.pl\/index.php\/wp-json\/wp\/v2\/posts\/3077","targetHints":{"allow":["GET"]}}],"collection":[{"href":"https:\/\/www.rodzinaravensbruck.pl\/index.php\/wp-json\/wp\/v2\/posts"}],"about":[{"href":"https:\/\/www.rodzinaravensbruck.pl\/index.php\/wp-json\/wp\/v2\/types\/post"}],"author":[{"embeddable":true,"href":"https:\/\/www.rodzinaravensbruck.pl\/index.php\/wp-json\/wp\/v2\/users\/1"}],"replies":[{"embeddable":true,"href":"https:\/\/www.rodzinaravensbruck.pl\/index.php\/wp-json\/wp\/v2\/comments?post=3077"}],"version-history":[{"count":4,"href":"https:\/\/www.rodzinaravensbruck.pl\/index.php\/wp-json\/wp\/v2\/posts\/3077\/revisions"}],"predecessor-version":[{"id":3096,"href":"https:\/\/www.rodzinaravensbruck.pl\/index.php\/wp-json\/wp\/v2\/posts\/3077\/revisions\/3096"}],"wp:featuredmedia":[{"embeddable":true,"href":"https:\/\/www.rodzinaravensbruck.pl\/index.php\/wp-json\/wp\/v2\/media\/3078"}],"wp:attachment":[{"href":"https:\/\/www.rodzinaravensbruck.pl\/index.php\/wp-json\/wp\/v2\/media?parent=3077"}],"wp:term":[{"taxonomy":"category","embeddable":true,"href":"https:\/\/www.rodzinaravensbruck.pl\/index.php\/wp-json\/wp\/v2\/categories?post=3077"},{"taxonomy":"post_tag","embeddable":true,"href":"https:\/\/www.rodzinaravensbruck.pl\/index.php\/wp-json\/wp\/v2\/tags?post=3077"}],"curies":[{"name":"wp","href":"https:\/\/api.w.org\/{rel}","templated":true}]}}