{"id":3167,"date":"2022-05-20T08:44:49","date_gmt":"2022-05-20T06:44:49","guid":{"rendered":"http:\/\/www.rodzinaravensbruck.pl\/?p=3167"},"modified":"2022-05-20T08:47:43","modified_gmt":"2022-05-20T06:47:43","slug":"blogoslawiona-natalia-tulasiewicz-patronka-nauczycieli-w-polsce-tablica-pamiatkowa-i-konferencja-w-rzeszowie","status":"publish","type":"post","link":"https:\/\/www.rodzinaravensbruck.pl\/index.php\/2022\/05\/20\/blogoslawiona-natalia-tulasiewicz-patronka-nauczycieli-w-polsce-tablica-pamiatkowa-i-konferencja-w-rzeszowie\/","title":{"rendered":"B\u0141OGOS\u0141AWIONA NATALIA TU\u0141ASIEWICZ PATRONK\u0104 NAUCZYCIELI W POLSCE \u2013 Tablica Pami\u0105tkowa i Konferencja w Rzeszowie \u2013"},"content":{"rendered":"<p><strong>9 maja 2022<\/strong> roku odby\u0142y si\u0119 uroczysto\u015bci w Rzeszowie ods\u0142oni\u0119cia i po\u015bwi\u0119cenia tablicy b\u0142. Natalii Tu\u0142asiewicz w ko\u015bciele farnym pw. \u015bw. Wojciecha i \u015bw. Stanis\u0142awa oraz konferencja \u00a0inspirowana Jej przes\u0142aniem\u00a0 \u201eB\u0105d\u017acie awangard\u0105 Polski i \u015awiata \u2013 pedagogia b\u0142. Natalii Tu\u0142asiewicz\u201d , w kt\u00f3rej uczestniczy\u0142a Rodzina b\u0142. Natalii Tu\u0142asiewicz, przedstawiciele w\u0142adz miejskich, nauczyciele, kuratorzy, bibliotekarze, przedstawiciele Solidarno\u015bci, Stowarzysze\u0144, duchowni.<!--more--><\/p>\n<p>B\u0142ogos\u0142awiona Natalia Tu\u0142asiewicz by\u0142a wi\u0119\u017aniark\u0105 KL Ravensbr\u00fcck. W 1944 r. z wyrokiem \u015bmierci trafi\u0142a do obozu. Tam, mimo wycie\u0144czenia ci\u0119\u017ck\u0105 fizyczn\u0105 prac\u0105, gru\u017alic\u0105, g\u0142odem, nie ustawa\u0142a w swojej misji ewangelizacyjnej. W Wielki Pi\u0105tek 30 marca 1945 r., podczas ostatniej selekcji w obozie, zosta\u0142a wskazana do stracenia. 31 marca 1945 r. zgin\u0119\u0142a w komorze gazowej: <a href=\"http:\/\/blogoslawionanatalia.eu\/\" target=\"_blank\" rel=\"noopener\">http:\/\/blogoslawionanatalia.eu\/<\/a><\/p>\n<p>Relacje z po\u015bwi\u0119cenia tablicy b\u0142. Natalii Tu\u0142asiewicz i konferencji w Rzeszowie:<\/p>\n<p><a href=\"https:\/\/rzeszow.tvp.pl\/60078757\/tablica-poswiecona-blogoslawionej-natalii-tulasiewicz\" target=\"_blank\" rel=\"noopener\">https:\/\/rzeszow.tvp.pl\/60078757\/tablica-poswiecona-blogoslawionej-natalii-tulasiewicz<\/a><\/p>\n<p><a href=\"http:\/\/czytajrzeszow.pl\/?idd=10&amp;id=24310&amp;poz=mr1&amp;show=-1&amp;pagebl1=0\" target=\"_blank\" rel=\"noopener\">http:\/\/czytajrzeszow.pl\/?idd=10&amp;id=24310&amp;poz=mr1&amp;show=-1&amp;pagebl1=0<\/a><\/p>\n<p><a href=\"https:\/\/radiovia.com.pl\/informacje-z-diecezji\/badzcie-awangarda-polski-i-swiata-pedagogia-bl-natalii-tulasiewicz-konferencja-w-rzeszowie\" target=\"_blank\" rel=\"noopener\">https:\/\/radiovia.com.pl\/informacje-z-diecezji\/badzcie-awangarda-polski-i-swiata-pedagogia-bl-natalii-tulasiewicz-konferencja-w-rzeszowie<\/a><\/p>\n<p><a href=\"https:\/\/rzeszow.pbw.org.pl\/aktualnosci,16\" target=\"_blank\" rel=\"noopener\">https:\/\/rzeszow.pbw.org.pl\/aktualnosci,16<\/a><\/p>\n<p><a href=\"https:\/\/radio.rzeszow.pl\/wiadomosci\/w-rzeszowie-upamietniono-blogoslawiona-natalie-tulasiewicz\" target=\"_blank\" rel=\"noopener\">https:\/\/radio.rzeszow.pl\/wiadomosci\/w-rzeszowie-upamietniono-blogoslawiona-natalie-tulasiewicz<\/a><\/p>\n<p>&nbsp;<\/p>\n","protected":false},"excerpt":{"rendered":"<p>9 maja 2022 roku odby\u0142y si\u0119 uroczysto\u015bci w Rzeszowie ods\u0142oni\u0119cia i po\u015bwi\u0119cenia tablicy b\u0142. Natalii Tu\u0142asiewicz w ko\u015bciele farnym pw. \u015bw. Wojciecha i \u015bw. Stanis\u0142awa oraz konferencja \u00a0inspirowana Jej przes\u0142aniem\u00a0 \u201eB\u0105d\u017acie awangard\u0105 Polski i \u015awiata \u2013 pedagogia b\u0142. Natalii Tu\u0142asiewicz\u201d , w kt\u00f3rej uczestniczy\u0142a Rodzina b\u0142. Natalii Tu\u0142asiewicz, przedstawiciele w\u0142adz miejskich, nauczyciele, kuratorzy, bibliotekarze, przedstawiciele &hellip; <\/p>\n<p class=\"link-more\"><a href=\"https:\/\/www.rodzinaravensbruck.pl\/index.php\/2022\/05\/20\/blogoslawiona-natalia-tulasiewicz-patronka-nauczycieli-w-polsce-tablica-pamiatkowa-i-konferencja-w-rzeszowie\/\" class=\"more-link\">Czytaj dalej<span class=\"screen-reader-text\"> \u201eB\u0141OGOS\u0141AWIONA NATALIA TU\u0141ASIEWICZ PATRONK\u0104 NAUCZYCIELI W POLSCE \u2013 Tablica Pami\u0105tkowa i Konferencja w Rzeszowie \u2013\u201d<\/span><\/a><\/p>\n","protected":false},"author":1,"featured_media":3169,"comment_status":"closed","ping_status":"open","sticky":false,"template":"","format":"standard","meta":{"ngg_post_thumbnail":0,"footnotes":""},"categories":[27],"tags":[],"class_list":["post-3167","post","type-post","status-publish","format-standard","has-post-thumbnail","hentry","category-wydarzenia"],"_links":{"self":[{"href":"https:\/\/www.rodzinaravensbruck.pl\/index.php\/wp-json\/wp\/v2\/posts\/3167","targetHints":{"allow":["GET"]}}],"collection":[{"href":"https:\/\/www.rodzinaravensbruck.pl\/index.php\/wp-json\/wp\/v2\/posts"}],"about":[{"href":"https:\/\/www.rodzinaravensbruck.pl\/index.php\/wp-json\/wp\/v2\/types\/post"}],"author":[{"embeddable":true,"href":"https:\/\/www.rodzinaravensbruck.pl\/index.php\/wp-json\/wp\/v2\/users\/1"}],"replies":[{"embeddable":true,"href":"https:\/\/www.rodzinaravensbruck.pl\/index.php\/wp-json\/wp\/v2\/comments?post=3167"}],"version-history":[{"count":1,"href":"https:\/\/www.rodzinaravensbruck.pl\/index.php\/wp-json\/wp\/v2\/posts\/3167\/revisions"}],"predecessor-version":[{"id":3168,"href":"https:\/\/www.rodzinaravensbruck.pl\/index.php\/wp-json\/wp\/v2\/posts\/3167\/revisions\/3168"}],"wp:featuredmedia":[{"embeddable":true,"href":"https:\/\/www.rodzinaravensbruck.pl\/index.php\/wp-json\/wp\/v2\/media\/3169"}],"wp:attachment":[{"href":"https:\/\/www.rodzinaravensbruck.pl\/index.php\/wp-json\/wp\/v2\/media?parent=3167"}],"wp:term":[{"taxonomy":"category","embeddable":true,"href":"https:\/\/www.rodzinaravensbruck.pl\/index.php\/wp-json\/wp\/v2\/categories?post=3167"},{"taxonomy":"post_tag","embeddable":true,"href":"https:\/\/www.rodzinaravensbruck.pl\/index.php\/wp-json\/wp\/v2\/tags?post=3167"}],"curies":[{"name":"wp","href":"https:\/\/api.w.org\/{rel}","templated":true}]}}