{"id":3174,"date":"2022-05-20T08:55:32","date_gmt":"2022-05-20T06:55:32","guid":{"rendered":"http:\/\/www.rodzinaravensbruck.pl\/?p=3174"},"modified":"2022-05-20T08:55:49","modified_gmt":"2022-05-20T06:55:49","slug":"kwiecien-2022-miesiac-pamieci-o-wiezniarkach-kl-ravensbruck","status":"publish","type":"post","link":"https:\/\/www.rodzinaravensbruck.pl\/index.php\/2022\/05\/20\/kwiecien-2022-miesiac-pamieci-o-wiezniarkach-kl-ravensbruck\/","title":{"rendered":"KWIECIE\u0143 2022  &#8211; MIESI\u0104C PAMI\u0118CI O WI\u0118\u0179NIARKACH KL RAVENSBR\u00dcCK"},"content":{"rendered":"<p>Stowarzyszenie by\u0142o organizatorem\/wsp\u00f3\u0142organizatorem wielu uroczysto\u015bci w r\u00f3\u017cnych miastach Polski i w Ravensbr\u00fcck \u2013 \u201eEcho Ich g\u0142os\u00f3w nie zamilknie\u201d \u2013 Pami\u0119tamy<\/p>\n<p><strong>4 kwietnia<\/strong> \u2013\u00a0 promocja ksi\u0105\u017cki \u201eW szponach nadludzi\u201d \u2013 wspomnienia Ireny Lachowskiej-Kurowskiej, wi\u0119\u017aniarki KL Ravensbr\u00fcck, Dom Polonii (Zamek) w Pu\u0142tusku:<\/p>\n<p><a href=\"https:\/\/www.rodzinaravensbruck.pl\/index.php\/2022\/04\/11\/w-szponach-nadludzi-wspomnienia-obozowe-ireny-lachowskiej-kurowskiej-promocja-ksiazki\/\" target=\"_blank\" rel=\"noopener\">https:\/\/www.rodzinaravensbruck.pl\/index.php\/2022\/04\/11\/w-szponach-nadludzi-wspomnienia-obozowe-ireny-lachowskiej-kurowskiej-promocja-ksiazki\/<\/a><!--more--><\/p>\n<hr \/>\n<p><strong>6 kwietnia<\/strong> \u2013 gala fina\u0142owa VIII Og\u00f3lnopolskiego Konkursu Recytatorskiego \u201eW kr\u0119gu poezji i prozy lagrowej wi\u0119\u017aniarek KL Ravensbr\u00fcck&#8221; w Rudzie \u015al\u0105skiej:<\/p>\n<p><a href=\"https:\/\/rudaslaska.com.pl\/i,za-nami-konkurs-recytatorski-w-kregu-poezji-i-prozy-lagrowej-wiezniarek-kl-ravensbruck,200274,1491270.html\" target=\"_blank\" rel=\"noopener\">https:\/\/rudaslaska.com.pl\/i,za-nami-konkurs-recytatorski-w-kregu-poezji-i-prozy-lagrowej-wiezniarek-kl-ravensbruck,200274,1491270.html<\/a><\/p>\n<hr \/>\n<p><strong>\u00a0<\/strong><strong>6 kwietnia \u2013 <\/strong>otwarcie wystawy \u201eLubelskie harcmistrzynie. Maria Walciszewska, Maria \u015awitalska\u201d; Muzeum Martyrologii \u201ePod Zegarem\u201d w Lublinie.<\/p>\n<hr \/>\n<p><strong>9 kwietnia<\/strong> \u2013 Msza \u015bw. na Jasnej G\u00f3rze w Cz\u0119stochowie w intencji wi\u0119\u017aniarek Niemieckiego Obozu Koncentracyjnego Ravensbr\u00fcck oraz Ich Rodzin:<\/p>\n<p><a href=\"https:\/\/www.rodzinaravensbruck.pl\/index.php\/2022\/04\/11\/msza-sw-na-jasnej-gorze-w-intencji-wiezniarek-kl-ravensbruck-i-ich-rodzin-czestochowa-9-kwietnia-2022\/\" target=\"_blank\" rel=\"noopener\">https:\/\/www.rodzinaravensbruck.pl\/index.php\/2022\/04\/11\/msza-sw-na-jasnej-gorze-w-intencji-wiezniarek-kl-ravensbruck-i-ich-rodzin-czestochowa-9-kwietnia-2022\/<\/a><\/p>\n<hr \/>\n<p><strong>20 kwietnia<\/strong> \u2013 w Muzeum Martyrologii \u201ePod Zegarem\u201d w Lublinie w 80. rocznic\u0119 \u015bmierci, przez rozstrzelanie, Gra\u017cyny Chrostowskiej, wi\u0119\u017aniarki KL Ravensbr\u00fcck, poetki, uczniowie recytowali wiersze i fragmenty prozy obozowej<\/p>\n<hr \/>\n<p><strong>22-25 kwietnia <\/strong>\u2013 finali\u015bci VIII Og\u00f3lnopolskiego Konkursu Recytatorskiego \u201eW kr\u0119gu poezji i prozy lagrowej wi\u0119\u017aniarek KL Ravensbr\u00fcck&#8221; w Ravensbr\u00fcck:<\/p>\n<p><a href=\"https:\/\/www.rodzinaravensbruck.pl\/index.php\/2022\/05\/07\/finalisci-konkursu-w-kregu-pamieci-i-prozy-lagrowej-wiezniarek-kl-ravensbruck-w-miejscu-pamieci-i-przestrogi-ravensbruck-22-25-kwietnia-2022\/\" target=\"_blank\" rel=\"noopener\">https:\/\/www.rodzinaravensbruck.pl\/index.php\/2022\/05\/07\/finalisci-konkursu-w-kregu-pamieci-i-prozy-lagrowej-wiezniarek-kl-ravensbruck-w-miejscu-pamieci-i-przestrogi-ravensbruck-22-25-kwietnia-2022\/<\/a><\/p>\n<hr \/>\n<p><strong>25 kwietnia <\/strong>\u2013\u00a0 XI edycja koncertu \u201eSi\u0142a Mi\u0142o\u015bci\u201d opartego na poezji wi\u0119\u017aniarek KL Ravensbr\u00fcck\u2013 Muzeum Sztuki i Techniki Japo\u0144skiej Manggha w Krakowie:<\/p>\n<p><a href=\"https:\/\/www.youtube.com\/watch?v=BrHRxx5CWZQ\" target=\"_blank\" rel=\"noopener\">https:\/\/www.youtube.com\/watch?v=BrHRxx5CWZQ<\/a><\/p>\n<p>Radio Krak\u00f3w- zapowied\u017a koncertu:\u00a0 <a href=\"https:\/\/www.radiokrakow.pl\/audycje\/koncert-sila-milosci\" target=\"_blank\" rel=\"noopener\">https:\/\/www.radiokrakow.pl\/audycje\/koncert-sila-milosci<\/a><\/p>\n<hr \/>\n<p><strong>27 kwietnia<\/strong> \u2013 fina\u0142 III Og\u00f3lnopolskiego Konkursu Plastycznego: <strong>\u201e<\/strong>W kr\u0119gu poezji i prozy lagrowej wi\u0119\u017aniarek KL Ravensbr\u00fcck\u201d w Domu Kultury w Limanowej:<\/p>\n<p><a href=\"https:\/\/www.rodzinaravensbruck.pl\/index.php\/2022\/05\/17\/final-iii-ogolnopolskiego-konkursu-plastycznego\/\" target=\"_blank\" rel=\"noopener\">https:\/\/www.rodzinaravensbruck.pl\/index.php\/2022\/05\/17\/final-iii-ogolnopolskiego-konkursu-plastycznego\/<\/a><\/p>\n<p>&nbsp;<\/p>\n<p><strong>29 kwietnia <\/strong>\u2013 Msza \u015bw. w Bazylice Mariackiej w Krakowie w intencji wi\u0119\u017ani\u00f3w KL Ravensbruck, Sachsenhausen i Dachau; sk\u0142adanie wi\u0105zanek kwiat\u00f3w pod D\u0119bem Pami\u0119ci przed Collegium Novum:<\/p>\n<p><a href=\"https:\/\/fotoamicus.photo.blog\/2022\/04\/29\/ofiarom-niemieckich-obozow-koncentracyjnych-ravensbruck-sachsenhausen-i-dachau\/\" target=\"_blank\" rel=\"noopener\">https:\/\/fotoamicus.photo.blog\/2022\/04\/29\/ofiarom-niemieckich-obozow-koncentracyjnych-ravensbruck-sachsenhausen-i-dachau\/<\/a><\/p>\n<p><strong>29 kwietnia <\/strong>\u2013 wiecz\u00f3r poetycki Teatru Stygmator \u2013 promocja albumu \u201eSi\u0142a Mi\u0142o\u015bci\u201d, poetki Krakowa poetkom z Ravensbr\u00fcck<strong>; <\/strong>Klub Kazimierz w Krakowie:<\/p>\n<p><a href=\"https:\/\/www.youtube.com\/watch?v=u-VKkAmlyOU\">https:\/\/www.youtube.com\/watch?v=u-VKkAmlyOU<\/a><\/p>\n<p>&nbsp;<\/p>\n<p><strong>1 maja<\/strong> \u2013 uroczysto\u015bci w Ravensbr\u00fcck w 77. rocznic\u0119 wyzwolenia by\u0142ego niemieckiego obozu koncentracyjnego w Ravensbr\u00fcck. Informacje o centralnych uroczysto\u015bciach i licznych wydarzeniach towarzysz\u0105cych zamieszczone na stronie Stowarzyszenia:<\/p>\n<p><a href=\"https:\/\/www.rodzinaravensbruck.pl\/index.php\/2022\/04\/26\/zbliza-sie-77-rocznica-wyzwolenia-kl-ravensbruck-glowne-uroczystosci-odbeda-sie-1-maja-2022-r\/\" target=\"_blank\" rel=\"noopener\">https:\/\/www.rodzinaravensbruck.pl\/index.php\/2022\/04\/26\/zbliza-sie-77-rocznica-wyzwolenia-kl-ravensbruck-glowne-uroczystosci-odbeda-sie-1-maja-2022-r\/<\/a><\/p>\n<p>Dzi\u0119kuj\u0119 za udzia\u0142 w tych wydarzeniach.<\/p>\n<p>Dla Pa\u0144stwa, kt\u00f3rzy nie mogli uczestniczy\u0107, powy\u017cej s\u0105 linki do niekt\u00f3rych wydarze\u0144.<\/p>\n<p>&nbsp;<\/p>\n<p>El\u017cbieta Kuta<\/p>\n","protected":false},"excerpt":{"rendered":"<p>Stowarzyszenie by\u0142o organizatorem\/wsp\u00f3\u0142organizatorem wielu uroczysto\u015bci w r\u00f3\u017cnych miastach Polski i w Ravensbr\u00fcck \u2013 \u201eEcho Ich g\u0142os\u00f3w nie zamilknie\u201d \u2013 Pami\u0119tamy 4 kwietnia \u2013\u00a0 promocja ksi\u0105\u017cki \u201eW szponach nadludzi\u201d \u2013 wspomnienia Ireny Lachowskiej-Kurowskiej, wi\u0119\u017aniarki KL Ravensbr\u00fcck, Dom Polonii (Zamek) w Pu\u0142tusku: https:\/\/www.rodzinaravensbruck.pl\/index.php\/2022\/04\/11\/w-szponach-nadludzi-wspomnienia-obozowe-ireny-lachowskiej-kurowskiej-promocja-ksiazki\/<\/p>\n","protected":false},"author":1,"featured_media":1801,"comment_status":"closed","ping_status":"open","sticky":false,"template":"","format":"standard","meta":{"ngg_post_thumbnail":0,"footnotes":""},"categories":[27],"tags":[],"class_list":["post-3174","post","type-post","status-publish","format-standard","has-post-thumbnail","hentry","category-wydarzenia"],"_links":{"self":[{"href":"https:\/\/www.rodzinaravensbruck.pl\/index.php\/wp-json\/wp\/v2\/posts\/3174","targetHints":{"allow":["GET"]}}],"collection":[{"href":"https:\/\/www.rodzinaravensbruck.pl\/index.php\/wp-json\/wp\/v2\/posts"}],"about":[{"href":"https:\/\/www.rodzinaravensbruck.pl\/index.php\/wp-json\/wp\/v2\/types\/post"}],"author":[{"embeddable":true,"href":"https:\/\/www.rodzinaravensbruck.pl\/index.php\/wp-json\/wp\/v2\/users\/1"}],"replies":[{"embeddable":true,"href":"https:\/\/www.rodzinaravensbruck.pl\/index.php\/wp-json\/wp\/v2\/comments?post=3174"}],"version-history":[{"count":2,"href":"https:\/\/www.rodzinaravensbruck.pl\/index.php\/wp-json\/wp\/v2\/posts\/3174\/revisions"}],"predecessor-version":[{"id":3176,"href":"https:\/\/www.rodzinaravensbruck.pl\/index.php\/wp-json\/wp\/v2\/posts\/3174\/revisions\/3176"}],"wp:featuredmedia":[{"embeddable":true,"href":"https:\/\/www.rodzinaravensbruck.pl\/index.php\/wp-json\/wp\/v2\/media\/1801"}],"wp:attachment":[{"href":"https:\/\/www.rodzinaravensbruck.pl\/index.php\/wp-json\/wp\/v2\/media?parent=3174"}],"wp:term":[{"taxonomy":"category","embeddable":true,"href":"https:\/\/www.rodzinaravensbruck.pl\/index.php\/wp-json\/wp\/v2\/categories?post=3174"},{"taxonomy":"post_tag","embeddable":true,"href":"https:\/\/www.rodzinaravensbruck.pl\/index.php\/wp-json\/wp\/v2\/tags?post=3174"}],"curies":[{"name":"wp","href":"https:\/\/api.w.org\/{rel}","templated":true}]}}