{"id":3178,"date":"2022-06-05T19:27:00","date_gmt":"2022-06-05T17:27:00","guid":{"rendered":"http:\/\/www.rodzinaravensbruck.pl\/?p=3178"},"modified":"2022-06-05T19:27:00","modified_gmt":"2022-06-05T17:27:00","slug":"otwarcie-specjalnej-wystawy-fragmenty-45-sprawa-nazistowskiej-przemocy-wyzwolenia-w-brandenburgii","status":"publish","type":"post","link":"https:\/\/www.rodzinaravensbruck.pl\/index.php\/2022\/06\/05\/otwarcie-specjalnej-wystawy-fragmenty-45-sprawa-nazistowskiej-przemocy-wyzwolenia-w-brandenburgii\/","title":{"rendered":"Otwarcie specjalnej wystawy\u00a0 FRAGMENTY &#8217;45\u202f\u202f \u2013  sprawa nazistowskiej przemocy, wyzwolenia w Brandenburgii"},"content":{"rendered":"<p>ZAPROSZENIE<\/p>\n<p>Serdecznie zapraszamy na wernisa\u017c wystawy <strong>BRUCHST\u00dcCKE &#8217;45.<br \/>\n<\/strong>45 FRAGMENT\u00d3W: Rzeczy, kt\u00f3re pozosta\u0142y, starannie przechowywane. S\u0105 one punktem wyj\u015bcia dla 45 historii, kt\u00f3re zosta\u0142y zebrane na wystawie z okazji 75. rocznicy wyzwolenia wszystkich miejsc pami\u0119ci pod patronatem Brandenburskiej Fundacji Pami\u0119ci. Po og\u00f3lnej prezentacji w Poczdamie w zesz\u0142ym roku, cz\u0119\u015b\u0107 dotycz\u0105ca obozu koncentracyjnego kobiet Ravensbr\u00fcck i miasta F\u00fcrstenberg mo\u017cna teraz zobaczy\u0107 w Miejscu Pami\u0119ci Ravensbr\u00fcck.<\/p>\n<p>Z przyjemno\u015bci\u0105 powitamy Pa\u0144stwa na otwarciu w dniu <strong>10 czerwca 2022 r. o godz. 16.00 <\/strong>w Miejscu Pami\u0119ci Ravensbr\u00fcck oraz na czytaniu tekst\u00f3w z opraw\u0105 muzyczn\u0105 o <strong>godz. 19.00<\/strong> w ko\u015bciele miejskim parafii ewangelicko-lutera\u0144skiej F\u00fcrstenberg\/Havel. Program otwarcia mo\u017cna znale\u017a\u0107 poni\u017cej.<\/p>\n<p>Wystawie towarzyszy program wydarze\u0144, na kt\u00f3re r\u00f3wnie\u017c chcieliby\u015bmy Pa\u0144stwa zaprosi\u0107. Jest on do\u0142\u0105czony poni\u017cej.<\/p>\n<p>Z powa\u017caniem.<br \/>\nDr Andrea Genest\u00a0Dyrektorka Ravensbr\u00fcck Memorial \/<\/p>\n<p><span style=\"color: #3366ff;\"><strong>Program<br \/>\n<\/strong><strong>Otwarcie wystawy i czytanie<\/strong>\u00a0<\/span><br \/>\nMiejsce i czas: pi\u0105tek, 10 czerwca 2022, 16:00<br \/>\nGedenkst\u00e4tte Ravensbr\u00fcck, Garagenhof\u00a0 i\u00a0\u00a0Ev.-Luth. Stadtkirche F\u00fcrstenberg\/Havel<br \/>\n<span style=\"color: #3366ff;\"><strong>Cz\u0119\u015b\u0107 I Wydarzenia: Otwarcie wystawy FRAGMENTY &#8217;45<\/strong>\u00a0<\/span><br \/>\n<strong>16:00<\/strong> &#8211; <em>Powitanie i wprowadzenie<\/em>, dr Andrea Genest, dyrektor Ravensbr\u00fcck Memorial <em>Pozdrowienia<\/em>, Lisa Paus, Federalna Minister ds. Rodziny, Senior\u00f3w, Kobiet i M\u0142odzie\u017cy <em>Wprowadzenie do projektu wystawienniczego BRUCHST\u00dcCKE&#8217; 45,<\/em>\u00a0\u00a0Dr Maren Jung-Diestelmeier, kuratorka ca\u0142ego projektu<br \/>\n<em>Rok 1945 w Ravensbr\u00fcck i F\u00fcrstenbergu<\/em>, Kirsten Poggendorff, kurator Rvensbr\u00fcck\/F\u00fcrstenberg<br \/>\n<strong>17.00<\/strong> &#8211; <em>Besichtigung der Ausstellung<\/em><\/p>\n<p><span style=\"color: #3366ff;\"><strong>Lokalizacja: <\/strong><\/span><\/p>\n<p style=\"padding-left: 80px;\"><span style=\"color: #3366ff;\"><strong>Ravensbr\u00fcck Memorial, Garagenhof, Ulica Narod\u00f3w,\u00a0<\/strong>\u00a0<strong>16798<\/strong><\/span><span style=\"color: #3366ff;\"><strong> F\u00fcrstenberg\/Havel<\/strong>\u00a0<\/span><\/p>\n<p><span style=\"color: #3366ff;\"><strong>II Wydarzenia: <\/strong><\/span><span style=\"color: #3366ff;\"><strong>Czytanie kola\u017cu tekstowego RAVENSBR\u00dcCK &#8217;45 <\/strong><strong>Lokalizacja: <\/strong><\/span><\/p>\n<p style=\"padding-left: 80px;\"><span style=\"color: #3366ff;\"><strong>Ev.- Luth. Stadtkirche F\u00fcrstenberg\/Havel, Am Markt, <\/strong><strong>16798 F\u00fcrstenberg\/Havel<\/strong>\u00a0<\/span><\/p>\n<p>19:00 \u2013 <em>Powitanie<\/em>, pastor Maria Harder, Ev.-Luth. Parish f\u00fcrstenberg\/Havel<br \/>\n<em>Wprowadzenie<\/em>, dr Andrea Genest, dyrektor Ravensbr\u00fcck Memorial<\/p>\n<p><em>Kola\u017c tekstowy Ravensbr\u00fcck &#8217;45<\/em>: Dyrektor Ravensbr\u00fcck Memorial, dr Andrea Genest, czyta razem z berli\u0144sk\u0105 aktork\u0105 Petr\u0105 Goldkuhle relacje ocala\u0142ych z obozu koncentracyjnego kobiet Ravensbr\u00fcck w akompaniamencie muzyki<br \/>\nAkompaniament: Amelie Protscher<br \/>\n<em>Zako\u0144czenie pocz\u0119stunkiem: wino i precle\u202f\u202f<\/em><br \/>\nFragmenty &#8217;45\u202f | <a href=\"http:\/\/www.stiftung-bg.de\/\">Brandenburska Fundacja Pami\u0119ci<\/a>\u202f\u202f|<a href=\"http:\/\/www.stiftung-bg.de\/1945\">www.stiftung-bg.de\/1945<\/a>\u202f | <a href=\"http:\/\/www.instagram.de\/brandenburgmemorials\">Instagram<\/a><\/p>\n<p><a href=\"https:\/\/www.rodzinaravensbruck.pl\/wp-content\/uploads\/2022\/06\/BRUCHSTUCKE-45-Begleitprogramm.pdf\" target=\"_blank\" rel=\"noopener\">&gt;&gt;&gt;W za\u0142\u0105czeniu program wydarze\u0144 towarzysz\u0105cych wystawie.&lt;&lt;&lt;<\/a><\/p>\n<p>&nbsp;<\/p>\n<p>&nbsp;<\/p>\n","protected":false},"excerpt":{"rendered":"<p>ZAPROSZENIE Serdecznie zapraszamy na wernisa\u017c wystawy BRUCHST\u00dcCKE &#8217;45. 45 FRAGMENT\u00d3W: Rzeczy, kt\u00f3re pozosta\u0142y, starannie przechowywane. S\u0105 one punktem wyj\u015bcia dla 45 historii, kt\u00f3re zosta\u0142y zebrane na wystawie z okazji 75. rocznicy wyzwolenia wszystkich miejsc pami\u0119ci pod patronatem Brandenburskiej Fundacji Pami\u0119ci. Po og\u00f3lnej prezentacji w Poczdamie w zesz\u0142ym roku, cz\u0119\u015b\u0107 dotycz\u0105ca obozu koncentracyjnego kobiet Ravensbr\u00fcck i &hellip; <\/p>\n<p class=\"link-more\"><a href=\"https:\/\/www.rodzinaravensbruck.pl\/index.php\/2022\/06\/05\/otwarcie-specjalnej-wystawy-fragmenty-45-sprawa-nazistowskiej-przemocy-wyzwolenia-w-brandenburgii\/\" class=\"more-link\">Czytaj dalej<span class=\"screen-reader-text\"> \u201eOtwarcie specjalnej wystawy\u00a0 FRAGMENTY &#8217;45\u202f\u202f \u2013  sprawa nazistowskiej przemocy, wyzwolenia w Brandenburgii\u201d<\/span><\/a><\/p>\n","protected":false},"author":1,"featured_media":3181,"comment_status":"closed","ping_status":"open","sticky":false,"template":"","format":"standard","meta":{"ngg_post_thumbnail":0,"footnotes":""},"categories":[4],"tags":[],"class_list":["post-3178","post","type-post","status-publish","format-standard","has-post-thumbnail","hentry","category-aktualnosci"],"_links":{"self":[{"href":"https:\/\/www.rodzinaravensbruck.pl\/index.php\/wp-json\/wp\/v2\/posts\/3178","targetHints":{"allow":["GET"]}}],"collection":[{"href":"https:\/\/www.rodzinaravensbruck.pl\/index.php\/wp-json\/wp\/v2\/posts"}],"about":[{"href":"https:\/\/www.rodzinaravensbruck.pl\/index.php\/wp-json\/wp\/v2\/types\/post"}],"author":[{"embeddable":true,"href":"https:\/\/www.rodzinaravensbruck.pl\/index.php\/wp-json\/wp\/v2\/users\/1"}],"replies":[{"embeddable":true,"href":"https:\/\/www.rodzinaravensbruck.pl\/index.php\/wp-json\/wp\/v2\/comments?post=3178"}],"version-history":[{"count":1,"href":"https:\/\/www.rodzinaravensbruck.pl\/index.php\/wp-json\/wp\/v2\/posts\/3178\/revisions"}],"predecessor-version":[{"id":3182,"href":"https:\/\/www.rodzinaravensbruck.pl\/index.php\/wp-json\/wp\/v2\/posts\/3178\/revisions\/3182"}],"wp:featuredmedia":[{"embeddable":true,"href":"https:\/\/www.rodzinaravensbruck.pl\/index.php\/wp-json\/wp\/v2\/media\/3181"}],"wp:attachment":[{"href":"https:\/\/www.rodzinaravensbruck.pl\/index.php\/wp-json\/wp\/v2\/media?parent=3178"}],"wp:term":[{"taxonomy":"category","embeddable":true,"href":"https:\/\/www.rodzinaravensbruck.pl\/index.php\/wp-json\/wp\/v2\/categories?post=3178"},{"taxonomy":"post_tag","embeddable":true,"href":"https:\/\/www.rodzinaravensbruck.pl\/index.php\/wp-json\/wp\/v2\/tags?post=3178"}],"curies":[{"name":"wp","href":"https:\/\/api.w.org\/{rel}","templated":true}]}}