{"id":3184,"date":"2022-06-17T10:15:58","date_gmt":"2022-06-17T08:15:58","guid":{"rendered":"http:\/\/www.rodzinaravensbruck.pl\/?p=3184"},"modified":"2022-06-19T20:44:53","modified_gmt":"2022-06-19T18:44:53","slug":"finalisci-viii-ogolnopolskiego-konkursu-poezji-prozy-lagrowej","status":"publish","type":"post","link":"https:\/\/www.rodzinaravensbruck.pl\/index.php\/2022\/06\/17\/finalisci-viii-ogolnopolskiego-konkursu-poezji-prozy-lagrowej\/","title":{"rendered":"Finali\u015bci VIII Og\u00f3lnopolskiego Konkursu Poezji i Prozy Lagrowej"},"content":{"rendered":"<p>W poniedzia\u0142ek 06 czerwca organizatorzy oraz finali\u015bci og\u00f3lnopolskiego konkursu\u00a0 \u201c W kr\u0119gu poezji i prozy lagrowej (\u2026) \u201c wraz ze swoimi nauczycielami zostali zaproszeni przez Patronk\u0119 konkursu Pierwsz\u0105 Dam\u0119\u00a0 RP Agat\u0119 Kornhauser\u2013Duda do Belwederu.\u00a0 W dw\u00f3ch grupach 30-to osobowych pod opiek\u0105 przewodnik\u00f3w zwiedzali\u015bmy Pa\u0142ac Prezydencki. Punktualnie o godz. 12.00\u00a0 spotkali\u015bmy si\u0119 z Pierwsz\u0105 Dam\u0105.<\/p>\n<p>Spotkanie przebiega\u0142o w mi\u0142ej i przyjaznej atmosferze. Ma\u0142\u017conka Prezydenta RP ch\u0119tnie odpowiada\u0142a na wszystkie pytania obecnych. Pytania by\u0142y najr\u00f3\u017cniejsze \u2013 od takich, kt\u00f3re dotyczy\u0142y\u00a0 obowi\u0105zk\u00f3w Pierwszej Damy, dzia\u0142alno\u015bci Jej Fundacji, do tych dotycz\u0105cych uchod\u017ac\u00f3w i wojny na Ukrainie. Pytano o etykiet\u0119 spotka\u0144 z mi\u0119dzynarodowymi delegacjami od polityk\u00f3w po monarch\u00f3w, dob\u00f3r w\u0142a\u015bciwego stroju, menu itp. M\u0142odzie\u017c interesowa\u0142o, jak to jest z zachowaniem prywatno\u015bci, gdy jest si\u0119 stale chronionym. Pad\u0142o pytanie o ulubiony serial na netfliksie, ulubionego autora i ksi\u0105\u017cki, spacery z m\u0119\u017cem\u00a0 itp.<\/p>\n<p>Byli\u015bmy pod wra\u017ceniem bezpo\u015brednio\u015bci w rozmowie, dowcipnych odpowiedzi, \u017cyczliwo\u015bci, a tak\u017ce\u00a0 wiedzy historycznej o FKL Ravensbr\u00fcck I polskich wi\u0119\u017aniarkach. Pierwsza Dama Agata przywo\u0142a\u0142a posta\u0107 Pani dr Wandy P\u00f3\u0142tawskiej jako Damy Orderu Or\u0142a Bia\u0142ego. Z u\u015bmiechem wspomina\u0142a\u00a0 spotkanie Pary Prezydenckiej z Solenizantk\u0105 w 100. rocznic\u0119 urodzin w\u00a0 mieszkaniu\u00a0 na ulicy Brackiej w Krakowie. Na zako\u0144czenie naszej wizyty wyst\u0105pili laureaci\u00a0 Konkursu prezentuj\u0105c wiersze i fragmenty prozy. Spotkanie mia\u0142o trwa\u0107 30 minut, a przeci\u0105gn\u0119\u0142o si\u0119 do 1,5 \u00a0godziny.\u00a0 Czuli\u015bmy si\u0119 mile widziani, jak w Domu Przyjaci\u00f3\u0142, zaszczyceni zaproszeniem.<\/p>\n<p>Jest nadzieja, \u017ce Pierwsza Dama RP b\u0119dzie uczestniczy\u0142a w gali fina\u0142owej przysz\u0142orocznego Konkursu.<\/p>\n<p>Zapraszam do przeczytania relacji ze spotkania wraz z dokumentacj\u0105 fotograficzn\u0105 wydarzenia na stronie Prezydenta RP: <a href=\"https:\/\/www.prezydent.pl\/malzonka-prezydenta\/aktywnosc\/spotkanie-z-laureatami-konkursu-w-kregu-poezji-i-prozy-lagrowej-wiezniarek-kl-ravensbrck,55005\">https:\/\/www.prezydent.pl\/malzonka-prezydenta\/aktywnosc\/spotkanie-z-laureatami-konkursu-w-kregu-poezji-i-prozy-lagrowej-wiezniarek-kl-ravensbrck,55005<\/a><\/p>\n<p>Maria Lorens, wice-prezes Stowarzyszenia<\/p>\n<p>Zdj\u0119cia z archiwum Marii Lorens<\/p>\n<div id=\"grid-gallery-55-77540\" data-gg-id=\"55\" data-title=\"RP Agata Konhauser\u2013Duda Belweder\" data-grid-type=\"1\" data-offset=\"0\" data-area-position=\"center\" data-icons=\"\" data-preloader=\"true\" data-width=\"215\" data-height=\"\" data-padding=\"0\" data-quicksand=\"disabled\" data-quicksand-duration=\"none\" data-popup-theme=\"theme_6\" data-popup-type=\"pretty-photo\" data-popup-image-text=\"data-caption\" data-popup-widthsize=\"auto\" data-popup-heightsize=\"auto\" data-popup-i18n-words=\"{&quot;close&quot;:&quot;close&quot;,&quot;next&quot;:&quot;next&quot;,&quot;previous&quot;:&quot;previous&quot;,&quot;start_slideshow&quot;:&quot;start slideshow&quot;,&quot;stop_slideshow&quot;:&quot;stop slideshow&quot;,&quot;image&quot;:&quot;image&quot;,&quot;of&quot;:&quot;of&quot;,&quot;prev&quot;:&quot;prev&quot;,&quot;cExpand&quot;:&quot;Expand&quot;,&quot;cPrevious&quot;:&quot;Previous&quot;,&quot;cNext&quot;:&quot;Next&quot;,&quot;cExpandStr&quot;:&quot;Expand the image&quot;,&quot;cRotate&quot;:&quot;Rotate&quot;,&quot;cDetails&quot;:&quot;Details&quot;}\" data-popup-slideshow=\"false\" data-popup-slideshow-speed=\"2500\" data-popup-hoverstop=\"true\" data-popup-slideshow-auto=\"false\" data-popup-background=\"\" data-popup-transparency=\"30\" data-popup-disable-history=\"\" data-popup-disable-changed-url=\"\" data-popup-border-type=\"solid\" data-popup-border-color=\"\" data-popup-border-width=\"\" data-popup-border-enable=\"\" data-fullscreen=\"false\" data-hide-tooltip=\"false\" data-caption-font-family=\"Default\" data-caption-text-size=\"140\" data-is-mobile=\"0\" data-caption-mobile=\"false\" data-hide-long-tltp-title=\"0\" data-caption-disabled-on-mobile=\"false\" data-popup-placement-type=\"0\" data-social-sharing=\"{&quot;enabled&quot;:&quot;&quot;,&quot;gallerySharing&quot;:{&quot;enabled&quot;:null,&quot;position&quot;:null},&quot;imageSharing&quot;:{&quot;enabled&quot;:null,&quot;wrapperClass&quot;:&quot; vertical &quot;},&quot;popupSharing&quot;:{&quot;enabled&quot;:null,&quot;wrapperClass&quot;:&quot; vertical &quot;}}\" class=\"grid-gallery grid-gallery-fluid-height \" style=\" width:100%; height:auto; margin-left:auto; margin-right:auto;position:relative;\"> <div class=\"gallery-loading\"> <div class=\"blocks\"> <div class=\"block\"><\/div> <div class=\"block\"><\/div> <div class=\"block\"><\/div> <div class=\"block\"><\/div> <\/div> <\/div> <div class=\"gallery-sharing-top\" style=\"display:none;\"> <\/div> <div id=\"photos-55\" class=\"grid-gallery-photos\"><FIGURE class=\"grid-gallery-caption\" data-grid-gallery-type=\"revolving-door-left\" data-index=\"0\" style=\"display:none;border-radius:00;; margin:0px; width:2150;\" ><div class=\"crop\" style=\"\"><img decoding=\"async\" src=\"http:\/\/www.rodzinaravensbruck.pl\/wp-content\/uploads\/2022\/06\/Krakowskie-Przedmiescie-215x161.jpg\" class=\"ggImg\" alt=\"Krakowskie Przedmie\u015bcie\" title=\"Krakowskie Przedmie\u015bcie\" data-description=\"Krakowskie Przedmie\u015bcie\" data-caption=\"Krakowskie Przedmie\u015bcie\" data-title=\"Krakowskie Przedmie\u015bcie\" style=\" width:215px;\" \/><\/div><FIGCAPTION class=\"\" data-alpha=\"5\" style=\"color:#ffffff; background-color:#0a076d; font-size:140; text-align:left; font-family:Default;\" ><div class=\"grid-gallery-figcaption-wrap\" style=\"\"><\/div><\/FIGCAPTION><\/FIGURE><FIGURE class=\"grid-gallery-caption\" data-grid-gallery-type=\"revolving-door-left\" data-index=\"1\" style=\"display:none;border-radius:00;; margin:0px; width:2150;\" ><div class=\"crop\" style=\"\"><img decoding=\"async\" src=\"http:\/\/www.rodzinaravensbruck.pl\/wp-content\/uploads\/2022\/06\/Spotkanie-z-Pierwsza-Dama-RP-215x143.jpg\" class=\"ggImg\" alt=\"Spotkanie z Pierwsz\u0105 Dam\u0105 RP\" title=\"Spotkanie z Pierwsz\u0105 Dam\u0105 RP\" data-description=\"Spotkanie z Pierwsz\u0105 Dam\u0105 RP\" data-caption=\"Spotkanie z Pierwsz\u0105 Dam\u0105 RP\" data-title=\"Spotkanie z Pierwsz\u0105 Dam\u0105 RP\" style=\" width:215px;\" \/><\/div><FIGCAPTION class=\"\" data-alpha=\"5\" style=\"color:#ffffff; background-color:#0a076d; font-size:140; text-align:left; font-family:Default;\" ><div class=\"grid-gallery-figcaption-wrap\" style=\"\"><\/div><\/FIGCAPTION><\/FIGURE><FIGURE class=\"grid-gallery-caption\" data-grid-gallery-type=\"revolving-door-left\" data-index=\"2\" style=\"display:none;border-radius:00;; margin:0px; width:2150;\" ><div class=\"crop\" style=\"\"><img decoding=\"async\" src=\"http:\/\/www.rodzinaravensbruck.pl\/wp-content\/uploads\/2022\/06\/Spotkanie-z-Pierwsza-Dama-RP--215x161.jpg\" class=\"ggImg\" alt=\"Spotkanie z Pierwsz\u0105 Dam\u0105 RP-\" title=\"Spotkanie z Pierwsz\u0105 Dam\u0105 RP-\" data-description=\"Spotkanie z Pierwsz\u0105 Dam\u0105 RP-\" data-caption=\"Spotkanie z Pierwsz\u0105 Dam\u0105 RP-\" data-title=\"Spotkanie z Pierwsz\u0105 Dam\u0105 RP-\" style=\" width:215px;\" \/><\/div><FIGCAPTION class=\"\" data-alpha=\"5\" style=\"color:#ffffff; background-color:#0a076d; font-size:140; text-align:left; font-family:Default;\" ><div class=\"grid-gallery-figcaption-wrap\" style=\"\"><\/div><\/FIGCAPTION><\/FIGURE><FIGURE class=\"grid-gallery-caption\" data-grid-gallery-type=\"revolving-door-left\" data-index=\"3\" style=\"display:none;border-radius:00;; margin:0px; width:2150;\" ><div class=\"crop\" style=\"\"><img decoding=\"async\" src=\"http:\/\/www.rodzinaravensbruck.pl\/wp-content\/uploads\/2022\/06\/Spotkanie-z-Pierwsza-Dama-RP-2-215x287.jpg\" class=\"ggImg\" alt=\"Spotkanie z Pierwsz\u0105 Dam\u0105 RP-2\" title=\"Spotkanie z Pierwsz\u0105 Dam\u0105 RP-2\" data-description=\"Spotkanie z Pierwsz\u0105 Dam\u0105 RP-2\" data-caption=\"Spotkanie z Pierwsz\u0105 Dam\u0105 RP-2\" data-title=\"Spotkanie z Pierwsz\u0105 Dam\u0105 RP-2\" style=\" width:215px;\" \/><\/div><FIGCAPTION class=\"\" data-alpha=\"5\" style=\"color:#ffffff; background-color:#0a076d; font-size:140; text-align:left; font-family:Default;\" ><div class=\"grid-gallery-figcaption-wrap\" style=\"\"><\/div><\/FIGCAPTION><\/FIGURE><FIGURE class=\"grid-gallery-caption\" data-grid-gallery-type=\"revolving-door-left\" data-index=\"4\" style=\"display:none;border-radius:00;; margin:0px; width:2150;\" ><div class=\"crop\" style=\"\"><img decoding=\"async\" src=\"http:\/\/www.rodzinaravensbruck.pl\/wp-content\/uploads\/2022\/06\/Spotkanie-z-Pierwsza-Dama-RP-4-1-215x161.jpg\" class=\"ggImg\" alt=\"Spotkanie z Pierwsz\u0105 Dam\u0105 RP-4\" title=\"Spotkanie z Pierwsz\u0105 Dam\u0105 RP-4\" data-description=\"Spotkanie z Pierwsz\u0105 Dam\u0105 RP-4\" data-caption=\"Spotkanie z Pierwsz\u0105 Dam\u0105 RP-4\" data-title=\"Spotkanie z Pierwsz\u0105 Dam\u0105 RP-4\" style=\" width:215px;\" \/><\/div><FIGCAPTION class=\"\" data-alpha=\"5\" style=\"color:#ffffff; background-color:#0a076d; font-size:140; text-align:left; font-family:Default;\" ><div class=\"grid-gallery-figcaption-wrap\" style=\"\"><\/div><\/FIGCAPTION><\/FIGURE><FIGURE class=\"grid-gallery-caption\" data-grid-gallery-type=\"revolving-door-left\" data-index=\"5\" style=\"display:none;border-radius:00;; margin:0px; width:2150;\" ><div class=\"crop\" style=\"\"><img decoding=\"async\" src=\"http:\/\/www.rodzinaravensbruck.pl\/wp-content\/uploads\/2022\/06\/w-Palacu-Prezydenckim-215x287.jpg\" class=\"ggImg\" alt=\"w Palacu Prezydenckim\" title=\"w Palacu Prezydenckim\" data-description=\"w Palacu Prezydenckim\" data-caption=\"w Palacu Prezydenckim\" data-title=\"w Palacu Prezydenckim\" style=\" width:215px;\" \/><\/div><FIGCAPTION class=\"\" data-alpha=\"5\" style=\"color:#ffffff; background-color:#0a076d; font-size:140; text-align:left; font-family:Default;\" ><div class=\"grid-gallery-figcaption-wrap\" style=\"\"><\/div><\/FIGCAPTION><\/FIGURE><FIGURE class=\"grid-gallery-caption\" data-grid-gallery-type=\"revolving-door-left\" data-index=\"6\" style=\"display:none;border-radius:00;; margin:0px; width:2150;\" ><div class=\"crop\" style=\"\"><img decoding=\"async\" src=\"http:\/\/www.rodzinaravensbruck.pl\/wp-content\/uploads\/2022\/06\/w-Palacu-Prezydenckim-2-215x287.jpg\" class=\"ggImg\" alt=\"w Pa\u0142acu Prezydenckim-2\" title=\"w Pa\u0142acu Prezydenckim-2\" data-description=\"w Pa\u0142acu Prezydenckim-2\" data-caption=\"w Pa\u0142acu Prezydenckim-2\" data-title=\"w Pa\u0142acu Prezydenckim-2\" style=\" width:215px;\" \/><\/div><FIGCAPTION class=\"\" data-alpha=\"5\" style=\"color:#ffffff; background-color:#0a076d; font-size:140; text-align:left; font-family:Default;\" ><div class=\"grid-gallery-figcaption-wrap\" style=\"\"><\/div><\/FIGCAPTION><\/FIGURE> <div class=\"grid-gallery-clearfix\"><\/div> <\/div> <div class=\"gallery-sharing-bottom\" style=\"display:none;\"> <\/div> <div class=\"gallery-sharing-image\" style=\"display:none;\"> <\/div> <div class=\"gallery-sharing-popup\" style=\"display:none;\"> <\/div> <div class=\"grid-gallery-clearfix\"><\/div> <\/div> <!-- Gallery by Supsystic plugin1.16.0 --><a title=\"WordPress Image Gallery Plugin\" style=\"display:none;\" href=\"https:\/\/supsystic.com\/plugins\/photo-gallery\/?utm_medium=love_link\" target=\"_blank\">WordPress Image Gallery Plugin<\/a>\n","protected":false},"excerpt":{"rendered":"<p>W poniedzia\u0142ek 06 czerwca organizatorzy oraz finali\u015bci og\u00f3lnopolskiego konkursu\u00a0 \u201c W kr\u0119gu poezji i prozy lagrowej (\u2026) \u201c wraz ze swoimi nauczycielami zostali zaproszeni przez Patronk\u0119 konkursu Pierwsz\u0105 Dam\u0119\u00a0 RP Agat\u0119 Kornhauser\u2013Duda do Belwederu.\u00a0 W dw\u00f3ch grupach 30-to osobowych pod opiek\u0105 przewodnik\u00f3w zwiedzali\u015bmy Pa\u0142ac Prezydencki. Punktualnie o godz. 12.00\u00a0 spotkali\u015bmy si\u0119 z Pierwsz\u0105 Dam\u0105. Spotkanie &hellip; <\/p>\n<p class=\"link-more\"><a href=\"https:\/\/www.rodzinaravensbruck.pl\/index.php\/2022\/06\/17\/finalisci-viii-ogolnopolskiego-konkursu-poezji-prozy-lagrowej\/\" class=\"more-link\">Czytaj dalej<span class=\"screen-reader-text\"> \u201eFinali\u015bci VIII Og\u00f3lnopolskiego Konkursu Poezji i Prozy Lagrowej\u201d<\/span><\/a><\/p>\n","protected":false},"author":1,"featured_media":3185,"comment_status":"closed","ping_status":"open","sticky":false,"template":"","format":"standard","meta":{"ngg_post_thumbnail":0,"footnotes":""},"categories":[4],"tags":[],"class_list":["post-3184","post","type-post","status-publish","format-standard","has-post-thumbnail","hentry","category-aktualnosci"],"_links":{"self":[{"href":"https:\/\/www.rodzinaravensbruck.pl\/index.php\/wp-json\/wp\/v2\/posts\/3184","targetHints":{"allow":["GET"]}}],"collection":[{"href":"https:\/\/www.rodzinaravensbruck.pl\/index.php\/wp-json\/wp\/v2\/posts"}],"about":[{"href":"https:\/\/www.rodzinaravensbruck.pl\/index.php\/wp-json\/wp\/v2\/types\/post"}],"author":[{"embeddable":true,"href":"https:\/\/www.rodzinaravensbruck.pl\/index.php\/wp-json\/wp\/v2\/users\/1"}],"replies":[{"embeddable":true,"href":"https:\/\/www.rodzinaravensbruck.pl\/index.php\/wp-json\/wp\/v2\/comments?post=3184"}],"version-history":[{"count":3,"href":"https:\/\/www.rodzinaravensbruck.pl\/index.php\/wp-json\/wp\/v2\/posts\/3184\/revisions"}],"predecessor-version":[{"id":3203,"href":"https:\/\/www.rodzinaravensbruck.pl\/index.php\/wp-json\/wp\/v2\/posts\/3184\/revisions\/3203"}],"wp:featuredmedia":[{"embeddable":true,"href":"https:\/\/www.rodzinaravensbruck.pl\/index.php\/wp-json\/wp\/v2\/media\/3185"}],"wp:attachment":[{"href":"https:\/\/www.rodzinaravensbruck.pl\/index.php\/wp-json\/wp\/v2\/media?parent=3184"}],"wp:term":[{"taxonomy":"category","embeddable":true,"href":"https:\/\/www.rodzinaravensbruck.pl\/index.php\/wp-json\/wp\/v2\/categories?post=3184"},{"taxonomy":"post_tag","embeddable":true,"href":"https:\/\/www.rodzinaravensbruck.pl\/index.php\/wp-json\/wp\/v2\/tags?post=3184"}],"curies":[{"name":"wp","href":"https:\/\/api.w.org\/{rel}","templated":true}]}}