{"id":3242,"date":"2022-08-09T11:04:20","date_gmt":"2022-08-09T09:04:20","guid":{"rendered":"http:\/\/www.rodzinaravensbruck.pl\/?p=3242"},"modified":"2025-01-27T17:47:09","modified_gmt":"2025-01-27T16:47:09","slug":"projekt-dzieki-nam-tutaj-nie-ma-ciszy-milczenia","status":"publish","type":"post","link":"https:\/\/www.rodzinaravensbruck.pl\/index.php\/2022\/08\/09\/projekt-dzieki-nam-tutaj-nie-ma-ciszy-milczenia\/","title":{"rendered":"Projekt  &#8222;Dzi\u0119ki nam, tutaj nie ma ciszy (milczenia)&#8221;"},"content":{"rendered":"<p>Projekt&nbsp; &#8222;Dzi\u0119ki nam, tutaj nie ma ciszy (milczenia)&#8221;<\/p>\n<p>18 &#8211; 24 wrze\u015bnia 2022 w Miejscu Pami\u0119ci Ravensbr\u00fcck<\/p>\n<p>Przez tydzie\u0144 trwania projektu b\u0119dzie mo\u017cna pozna\u0107 to miejsce oraz pracowa\u0107 w tym miejscu, przeprowadzi\u0107 rozmowy z ocala\u0142ymi oraz w spos\u00f3b tw\u00f3rczy i indywidualny odkrywa\u0107 Ravensbr\u00fcck z artystami.<!--more--><\/p>\n<p>Uczestnicy otrzymaj\u0105 zwrot koszt\u00f3w podr\u00f3\u017cy i zakwaterowanie w pokoju wieloosobowym wraz z wy\u017cywieniem w Mi\u0119dzynarodowym Domu Spotka\u0144 M\u0142odzie\u017cy Ravensbr\u00fcck.<br>Rejestracja: sound@heyl-online.eu<br>Miejsce spotkania: Memorial Ravensbr\u00fcck<\/p>\n<p>W za\u0142\u0105czeniu informacje w j. niemieckim i lu\u017ane t\u0142umaczenie na j. polski.<\/p>\n<p>Relacje z poprzednich projekt\u00f3w mo\u017cna wys\u0142ucha\u0107: Silence is no longer here because of us \/ Ravensbr\u00fcck Memorial 2018: <a href=\"https:\/\/www.youtube.com\/watch?v=dEmi_P2EZcM\">https:\/\/www.youtube.com\/watch?v=dEmi_P2EZcM<\/a><\/p>\n\n\n\n\n<div data-wp-interactive=\"core\/file\" class=\"wp-block-file\"><object data-wp-bind--hidden=\"!state.hasPdfPreview\" hidden class=\"wp-block-file__embed\" data=\"https:\/\/www.rodzinaravensbruck.pl\/wp-content\/uploads\/2022\/08\/Projekt-Dzieki-nam-tutaj-nie-ma-ciszy-w-Miejscu-Pamieci-Ravensbruck.pdf\" type=\"application\/pdf\" style=\"width:100%;height:600px\" aria-label=\"Osadzone z Projekt -Dzi\u0119ki nam, tutaj nie ma ciszy- w Miejscu Pami\u0119ci Ravensbr\u00fcck.\"><\/object><a id=\"wp-block-file--media-ada36b4f-3a8d-4472-827d-8d95ef386f5b\" href=\"https:\/\/www.rodzinaravensbruck.pl\/wp-content\/uploads\/2022\/08\/Projekt-Dzieki-nam-tutaj-nie-ma-ciszy-w-Miejscu-Pamieci-Ravensbruck.pdf\">Projekt -Dzi\u0119ki nam, tutaj nie ma ciszy- w Miejscu Pami\u0119ci Ravensbr\u00fcck<\/a><a href=\"https:\/\/www.rodzinaravensbruck.pl\/wp-content\/uploads\/2022\/08\/Projekt-Dzieki-nam-tutaj-nie-ma-ciszy-w-Miejscu-Pamieci-Ravensbruck.pdf\" class=\"wp-block-file__button wp-element-button\" download aria-describedby=\"wp-block-file--media-ada36b4f-3a8d-4472-827d-8d95ef386f5b\">Pobierz<\/a><\/div>\n","protected":false},"excerpt":{"rendered":"<p>Projekt&nbsp; &#8222;Dzi\u0119ki nam, tutaj nie ma ciszy (milczenia)&#8221; 18 &#8211; 24 wrze\u015bnia 2022 w Miejscu Pami\u0119ci Ravensbr\u00fcck Przez tydzie\u0144 trwania projektu b\u0119dzie mo\u017cna pozna\u0107 to miejsce oraz pracowa\u0107 w tym miejscu, przeprowadzi\u0107 rozmowy z ocala\u0142ymi oraz w spos\u00f3b tw\u00f3rczy i indywidualny odkrywa\u0107 Ravensbr\u00fcck z artystami.<\/p>\n","protected":false},"author":1,"featured_media":1444,"comment_status":"closed","ping_status":"open","sticky":false,"template":"","format":"standard","meta":{"ngg_post_thumbnail":0,"footnotes":""},"categories":[27],"tags":[],"class_list":["post-3242","post","type-post","status-publish","format-standard","has-post-thumbnail","hentry","category-wydarzenia"],"_links":{"self":[{"href":"https:\/\/www.rodzinaravensbruck.pl\/index.php\/wp-json\/wp\/v2\/posts\/3242","targetHints":{"allow":["GET"]}}],"collection":[{"href":"https:\/\/www.rodzinaravensbruck.pl\/index.php\/wp-json\/wp\/v2\/posts"}],"about":[{"href":"https:\/\/www.rodzinaravensbruck.pl\/index.php\/wp-json\/wp\/v2\/types\/post"}],"author":[{"embeddable":true,"href":"https:\/\/www.rodzinaravensbruck.pl\/index.php\/wp-json\/wp\/v2\/users\/1"}],"replies":[{"embeddable":true,"href":"https:\/\/www.rodzinaravensbruck.pl\/index.php\/wp-json\/wp\/v2\/comments?post=3242"}],"version-history":[{"count":2,"href":"https:\/\/www.rodzinaravensbruck.pl\/index.php\/wp-json\/wp\/v2\/posts\/3242\/revisions"}],"predecessor-version":[{"id":4589,"href":"https:\/\/www.rodzinaravensbruck.pl\/index.php\/wp-json\/wp\/v2\/posts\/3242\/revisions\/4589"}],"wp:featuredmedia":[{"embeddable":true,"href":"https:\/\/www.rodzinaravensbruck.pl\/index.php\/wp-json\/wp\/v2\/media\/1444"}],"wp:attachment":[{"href":"https:\/\/www.rodzinaravensbruck.pl\/index.php\/wp-json\/wp\/v2\/media?parent=3242"}],"wp:term":[{"taxonomy":"category","embeddable":true,"href":"https:\/\/www.rodzinaravensbruck.pl\/index.php\/wp-json\/wp\/v2\/categories?post=3242"},{"taxonomy":"post_tag","embeddable":true,"href":"https:\/\/www.rodzinaravensbruck.pl\/index.php\/wp-json\/wp\/v2\/tags?post=3242"}],"curies":[{"name":"wp","href":"https:\/\/api.w.org\/{rel}","templated":true}]}}